{"id":9848,"date":"2022-06-06T18:00:16","date_gmt":"2022-06-06T16:00:16","guid":{"rendered":"https:\/\/iczechy.pl\/?p=9848"},"modified":"2022-06-30T20:04:32","modified_gmt":"2022-06-30T18:04:32","slug":"minister-buda-na-polsko-czeskich-konsultacjach-miedzyrzadowych","status":"publish","type":"post","link":"https:\/\/iczechy.pl\/index.php\/2022\/06\/06\/minister-buda-na-polsko-czeskich-konsultacjach-miedzyrzadowych\/","title":{"rendered":"Minister Buda na polsko-czeskich konsultacjach mi\u0119dzyrz\u0105dowych"},"content":{"rendered":"<p><strong>Bezpiecze\u0144stwo energetyczne, a tak\u017ce wsp\u00f3lne dzia\u0142ania w obliczu gospodarczych skutk\u00f3w napa\u015bci Rosji na Ukrainie oraz wzmacnianie konkurencyjno\u015bci i odporno\u015bci europejskiej gospodarki \u2013 to g\u0142\u00f3wne tematy rozmowy ministra rozwoju i technologii <a href=\"https:\/\/pl.wikipedia.org\/wiki\/Waldemar_Buda\" target=\"_blank\" rel=\"noopener\">Waldemara Budy<\/a> ze swoim czeskim odpowiednikiem <a href=\"https:\/\/www.vlada.cz\/cz\/clenove-vlady\/jozef-sikela-191695\/\" target=\"_blank\" rel=\"noopener\">Josfem Sikel\u0105<\/a> \u2013 ministrem przemys\u0142u i handlu Republiki Czech. Spotkanie odby\u0142o si\u0119 w Pradze w formule konsultacji mi\u0119dzyrz\u0105dowych, kt\u00f3rym przewodniczyli premierzy Mateusz Morawiecki oraz Petr Fiala.<\/strong><\/p>\n<p>Czechy s\u0105 jednym z najwa\u017cniejszy partner\u00f3w gospodarczych Polski &#8211; drugim pod wzgl\u0119dem wielko\u015bci polskiego eksportu oraz trzecim najpopularniejszym krajem dla polskich inwestor\u00f3w, po Luksemburgu i Cyprze. Podobnie jak Polska i inne kraje Unii Europejskiej mierz\u0105 si\u0119 ze skutkami rosyjskiej agresji na Rosj\u0119 &#8211; rosn\u0105cymi kosztami i zachwianiem \u0142a\u0144cuch\u00f3w dostaw w przemy\u015ble i budownictwie oraz z inflacj\u0105. Minister Buda zaprosi\u0142 swojego czeskiego odpowiednika do udzia\u0142u w specjalnej debacie po\u015bwi\u0119conej odbudowie Ukrainy podczas Kongresu 590 22 czerwca 2022 r.<\/p>\n<blockquote><p>Podczas polsko-czeskich konsultacji mi\u0119dzyrz\u0105dowych rozmawiali\u015bmy o wp\u0142ywie rosyjskiej agresji na Ukrainie na sytuacj\u0119 gospodarcz\u0105 naszych kraj\u00f3w, jej oddzia\u0142ywaniu na \u0142a\u0144cuchy dostaw, na najwa\u017cniejsze sektory gospodarki oraz o sposobach przeciwdzia\u0142ania jej negatywnym skutkom. Zwr\u00f3cili\u015bmy uwag\u0119 na konieczno\u015b\u0107 zaanga\u017cowania kraj\u00f3w naszego regionu w odbudow\u0119 Ukrainy i gospodarki ukrai\u0144skiej &#8211; podkre\u015bli\u0142 Waldemar Buda<\/p><\/blockquote>\n<p>Istotnym tematem rozm\u00f3w polskiego i czeskiego ministra do spraw gospodarki by\u0142a rozpoczynaj\u0105ca si\u0119 wkr\u00f3tce <a href=\"https:\/\/iczechy.pl\/index.php\/prezydencja-czeska-w-radzie-unii-europejskiej-2022\/\">czeska prezydencja w Radzie UE<\/a>. Ju\u017c 1 lipca Czesi przejm\u0105 z r\u0105k Francuz\u00f3w przewodnictwo w Radzie UE.<\/p>\n<p>Minister Buda zapewni\u0142 swojego czeskiego odpowiednika o gotowo\u015bci wsparcia oraz pe\u0142nej wsp\u00f3\u0142pracy resortu rozwoju i technologii z czeskimi partnerami na forach unijnych zar\u00f3wno na poziomie grup roboczych jak i na poziomie politycznym Rady UE.<\/p>\n<p>Ministrowie zgodzili si\u0119, \u017ce jeden z wa\u017cniejszych z punktu widzenia gospodarczego projekt\u00f3w legislacyjnych przewidzianych na czas czeskiej prezydencji \u2013 akt w sprawie czip\u00f3w musi w zasadach udzielania pomocy publicznej na inwestycje dotycz\u0105ce produkcji p\u00f3\u0142przewodnik\u00f3w uwzgl\u0119dnia\u0107 zobowi\u0105zanie do umiejscawiania inwestycji towarzysz\u0105cych r\u00f3wnie\u017c w innym pa\u0144stwie cz\u0142onkowskim, a nie tylko w pa\u0144stwie, w kt\u00f3rym wybudowana jest fabryka.<\/p>\n<p>W trakcie czeskiej prezydencji zintensyfikowane zostan\u0105 r\u00f3wnie\u017c prace nad d\u0142ugo wyczekiwanym projektem dotycz\u0105cym nowego instrumentu zarz\u0105dzania kryzysowego na jednolitym rynku (SMEI).<\/p>\n<p>Zdaniem ministra Budy powinien on by\u0107 elastyczny, by pozwala\u0142 na podejmowanie szybkich dzia\u0142a\u0144, a jednocze\u015bnie musi by\u0107 jak najmniej obci\u0105\u017caj\u0105cy dla przedsi\u0119biorc\u00f3w, w tym przede wszystkim dla tych z sektora M\u015aP.<\/p>\n<blockquote><p>Nowy instrument zarz\u0105dzania kryzysowego na jednolitym rynku (SMEI) powinien by\u0107 sp\u00f3jnym pakietem propozycji legislacyjnych i nie legislacyjnych (zalece\u0144\/wytycznych). Chcemy, aby propozycje legislacyjne by\u0142y wynikiem starannej analizy i dotyczy\u0142y skutecznego funkcjonowania swob\u00f3d jednolitego rynku w trakcie kryzysu. Musz\u0105 one dotyczy\u0107 np. usprawnienia i przyspieszenia procedur przyznawania pomocy przedsi\u0119biorcom, kt\u00f3rych firmy i zak\u0142ady produkcyjne znalaz\u0142y si\u0119 na obszarach obj\u0119tych konfliktem b\u0105d\u017a kryzysem &#8211; zaznacza minister Waldemar Buda.<\/p><\/blockquote>\n<h3>Polsko-czeska wsp\u00f3\u0142praca gospodarcza<\/h3>\n<p>Republika Czeska jest jednym z najwa\u017cniejszych partner\u00f3w gospodarczych Polski. W 2021 r. kraj ten zaj\u0105\u0142 drug\u0105 pozycj\u0119 pod wzgl\u0119dem udzia\u0142u w polskim eksporcie (udzia\u0142 5,9%) oraz si\u00f3dm\u0105 w imporcie (udzia\u0142 3,2%). Polsko-czeskie obroty handlowe osi\u0105gn\u0119\u0142y wtedy warto\u015b\u0107 prawie 26 mld euro, w tym polski eksport osi\u0105gn\u0105\u0142 nieca\u0142e 17 mld euro, a import ponad 9 mld euro. Saldo wymiany handlowej w 2021 roku wzros\u0142o do 7,8 mld EUR.<\/p>\n<p>W okresie od stycznia do marca 2022 r. wymiana zwi\u0119kszy\u0142a si\u0119 o prawie 25%, przy czym wzrost eksportu by\u0142 nieznacznie wy\u017cszy ni\u017c importu (eksport 4,91 mld EUR, import 2,67 mld EUR). W omawianym okresie bilans handlowy wyni\u00f3s\u0142 2,24 mld EUR.<\/p>\n<p>Z kolei skumulowana warto\u015b\u0107 polskich inwestycji bezpo\u015brednich w Republice Czeskiej na koniec 2020 roku wynosi\u0142a 2,61 mld EUR, co da\u0142o Polsce 12 miejsce w\u015br\u00f3d najwi\u0119kszych inwestor\u00f3w na rynku czeskim (czo\u0142\u00f3wk\u0119 tworz\u0105: Holandia, Niemcy, Luksemburg, Austria i Francja). Czechy s\u0105 trzecim najpopularniejszym krajem dla polskich inwestor\u00f3w. W samym 2020 r. odnotowano nap\u0142yw polskiego kapita\u0142u do Czech na kwot\u0119 150 mln EUR.<\/p>\n","protected":false},"excerpt":{"rendered":"<p>Bezpiecze\u0144stwo energetyczne, a tak\u017ce wsp\u00f3lne dzia\u0142ania w obliczu gospodarczych skutk\u00f3w napa\u015bci Rosji na Ukrainie oraz wzmacnianie konkurencyjno\u015bci i odporno\u015bci europejskiej gospodarki \u2013 to g\u0142\u00f3wne tematy rozmowy ministra rozwoju i technologii Waldemara Budy ze swoim czeskim odpowiednikiem Josfem Sikel\u0105 \u2013 ministrem&#8230;<\/p>\n","protected":false},"author":7,"featured_media":9849,"comment_status":"closed","ping_status":"open","sticky":false,"template":"","format":"standard","meta":{"om_disable_all_campaigns":false,"_monsterinsights_skip_tracking":false,"_monsterinsights_sitenote_active":false,"_monsterinsights_sitenote_note":"","_monsterinsights_sitenote_category":0,"ngg_post_thumbnail":0,"two_page_speed":[],"footnotes":""},"categories":[2,219,11,524,529,272],"tags":[],"class_list":["post-9848","post","type-post","status-publish","format-standard","has-post-thumbnail","hentry","category-plus","category-wszystkie-materialy","category-gospodarka-i-biznes","category-miedzynarodowe-wiadomosci-czechy","category-prezydencja-czeska","category-wspolpraca-polsko-czeska"],"yoast_head":"<!-- This site is optimized with the Yoast SEO plugin v27.5 - https:\/\/yoast.com\/product\/yoast-seo-wordpress\/ -->\n<title>Minister Buda na polsko-czeskich konsultacjach mi\u0119dzyrz\u0105dowych &#187; iCzechy.pl<\/title>\n<meta name=\"robots\" content=\"index, follow, max-snippet:-1, max-image-preview:large, max-video-preview:-1\" \/>\n<link rel=\"canonical\" href=\"https:\/\/iczechy.pl\/index.php\/2022\/06\/06\/minister-buda-na-polsko-czeskich-konsultacjach-miedzyrzadowych\/\" \/>\n<meta property=\"og:locale\" content=\"pl_PL\" \/>\n<meta property=\"og:type\" content=\"article\" \/>\n<meta property=\"og:title\" content=\"Minister Buda na polsko-czeskich konsultacjach mi\u0119dzyrz\u0105dowych &#187; iCzechy.pl\" \/>\n<meta property=\"og:description\" content=\"Bezpiecze\u0144stwo energetyczne, a tak\u017ce wsp\u00f3lne dzia\u0142ania w obliczu gospodarczych skutk\u00f3w napa\u015bci Rosji na Ukrainie oraz wzmacnianie konkurencyjno\u015bci i odporno\u015bci europejskiej gospodarki \u2013 to g\u0142\u00f3wne tematy rozmowy ministra rozwoju i technologii Waldemara Budy ze swoim czeskim odpowiednikiem Josfem Sikel\u0105 \u2013 ministrem...\" \/>\n<meta property=\"og:url\" content=\"https:\/\/iczechy.pl\/index.php\/2022\/06\/06\/minister-buda-na-polsko-czeskich-konsultacjach-miedzyrzadowych\/\" \/>\n<meta property=\"og:site_name\" content=\"iCzechy.pl\" \/>\n<meta property=\"article:published_time\" content=\"2022-06-06T16:00:16+00:00\" \/>\n<meta property=\"article:modified_time\" content=\"2022-06-30T18:04:32+00:00\" \/>\n<meta property=\"og:image\" content=\"https:\/\/iczechy.pl\/wp-content\/uploads\/2022\/06\/POL_CZECH-meeting-scaled.jpg\" \/>\n\t<meta property=\"og:image:width\" content=\"1080\" \/>\n\t<meta property=\"og:image:height\" content=\"720\" \/>\n\t<meta property=\"og:image:type\" content=\"image\/jpeg\" \/>\n<meta name=\"author\" content=\"Przemys\u0142aw Podola\u0144ski\" \/>\n<meta name=\"twitter:card\" content=\"summary_large_image\" \/>\n<meta name=\"twitter:creator\" content=\"@iCzechy_pl\" \/>\n<meta name=\"twitter:site\" content=\"@iCzechy_pl\" \/>\n<meta name=\"twitter:label1\" content=\"Napisane przez\" \/>\n\t<meta name=\"twitter:data1\" content=\"Przemys\u0142aw Podola\u0144ski\" \/>\n\t<meta name=\"twitter:label2\" content=\"Szacowany czas czytania\" \/>\n\t<meta name=\"twitter:data2\" content=\"3 minuty\" \/>\n<script type=\"application\/ld+json\" class=\"yoast-schema-graph\">{\"@context\":\"https:\\\/\\\/schema.org\",\"@graph\":[{\"@type\":\"Article\",\"@id\":\"https:\\\/\\\/iczechy.pl\\\/index.php\\\/2022\\\/06\\\/06\\\/minister-buda-na-polsko-czeskich-konsultacjach-miedzyrzadowych\\\/#article\",\"isPartOf\":{\"@id\":\"https:\\\/\\\/iczechy.pl\\\/index.php\\\/2022\\\/06\\\/06\\\/minister-buda-na-polsko-czeskich-konsultacjach-miedzyrzadowych\\\/\"},\"author\":{\"name\":\"Przemys\u0142aw Podola\u0144ski\",\"@id\":\"https:\\\/\\\/iczechy.pl\\\/#\\\/schema\\\/person\\\/5b7f56b637b26b9409bc4574ea821c9a\"},\"headline\":\"Minister Buda na polsko-czeskich konsultacjach mi\u0119dzyrz\u0105dowych\",\"datePublished\":\"2022-06-06T16:00:16+00:00\",\"dateModified\":\"2022-06-30T18:04:32+00:00\",\"mainEntityOfPage\":{\"@id\":\"https:\\\/\\\/iczechy.pl\\\/index.php\\\/2022\\\/06\\\/06\\\/minister-buda-na-polsko-czeskich-konsultacjach-miedzyrzadowych\\\/\"},\"wordCount\":693,\"publisher\":{\"@id\":\"https:\\\/\\\/iczechy.pl\\\/#organization\"},\"image\":{\"@id\":\"https:\\\/\\\/iczechy.pl\\\/index.php\\\/2022\\\/06\\\/06\\\/minister-buda-na-polsko-czeskich-konsultacjach-miedzyrzadowych\\\/#primaryimage\"},\"thumbnailUrl\":\"https:\\\/\\\/iczechy.pl\\\/wp-content\\\/uploads\\\/2022\\\/06\\\/POL_CZECH-meeting-scaled.jpg\",\"articleSection\":[\"+Plus\",\"+Wszystkie materia\u0142y\",\"Gospodarka i biznes\",\"Mi\u0119dzynarodowe\",\"Prezydencja czeska\",\"Wsp\u00f3\u0142praca polsko-czeska\"],\"inLanguage\":\"pl-PL\"},{\"@type\":\"WebPage\",\"@id\":\"https:\\\/\\\/iczechy.pl\\\/index.php\\\/2022\\\/06\\\/06\\\/minister-buda-na-polsko-czeskich-konsultacjach-miedzyrzadowych\\\/\",\"url\":\"https:\\\/\\\/iczechy.pl\\\/index.php\\\/2022\\\/06\\\/06\\\/minister-buda-na-polsko-czeskich-konsultacjach-miedzyrzadowych\\\/\",\"name\":\"Minister Buda na polsko-czeskich konsultacjach mi\u0119dzyrz\u0105dowych &#187; iCzechy.pl\",\"isPartOf\":{\"@id\":\"https:\\\/\\\/iczechy.pl\\\/#website\"},\"primaryImageOfPage\":{\"@id\":\"https:\\\/\\\/iczechy.pl\\\/index.php\\\/2022\\\/06\\\/06\\\/minister-buda-na-polsko-czeskich-konsultacjach-miedzyrzadowych\\\/#primaryimage\"},\"image\":{\"@id\":\"https:\\\/\\\/iczechy.pl\\\/index.php\\\/2022\\\/06\\\/06\\\/minister-buda-na-polsko-czeskich-konsultacjach-miedzyrzadowych\\\/#primaryimage\"},\"thumbnailUrl\":\"https:\\\/\\\/iczechy.pl\\\/wp-content\\\/uploads\\\/2022\\\/06\\\/POL_CZECH-meeting-scaled.jpg\",\"datePublished\":\"2022-06-06T16:00:16+00:00\",\"dateModified\":\"2022-06-30T18:04:32+00:00\",\"breadcrumb\":{\"@id\":\"https:\\\/\\\/iczechy.pl\\\/index.php\\\/2022\\\/06\\\/06\\\/minister-buda-na-polsko-czeskich-konsultacjach-miedzyrzadowych\\\/#breadcrumb\"},\"inLanguage\":\"pl-PL\",\"potentialAction\":[{\"@type\":\"ReadAction\",\"target\":[\"https:\\\/\\\/iczechy.pl\\\/index.php\\\/2022\\\/06\\\/06\\\/minister-buda-na-polsko-czeskich-konsultacjach-miedzyrzadowych\\\/\"]}]},{\"@type\":\"ImageObject\",\"inLanguage\":\"pl-PL\",\"@id\":\"https:\\\/\\\/iczechy.pl\\\/index.php\\\/2022\\\/06\\\/06\\\/minister-buda-na-polsko-czeskich-konsultacjach-miedzyrzadowych\\\/#primaryimage\",\"url\":\"https:\\\/\\\/iczechy.pl\\\/wp-content\\\/uploads\\\/2022\\\/06\\\/POL_CZECH-meeting-scaled.jpg\",\"contentUrl\":\"https:\\\/\\\/iczechy.pl\\\/wp-content\\\/uploads\\\/2022\\\/06\\\/POL_CZECH-meeting-scaled.jpg\",\"width\":1080,\"height\":720},{\"@type\":\"BreadcrumbList\",\"@id\":\"https:\\\/\\\/iczechy.pl\\\/index.php\\\/2022\\\/06\\\/06\\\/minister-buda-na-polsko-czeskich-konsultacjach-miedzyrzadowych\\\/#breadcrumb\",\"itemListElement\":[{\"@type\":\"ListItem\",\"position\":1,\"name\":\"Strona g\u0142\u00f3wna\",\"item\":\"https:\\\/\\\/iczechy.pl\\\/\"},{\"@type\":\"ListItem\",\"position\":2,\"name\":\"Minister Buda na polsko-czeskich konsultacjach mi\u0119dzyrz\u0105dowych\"}]},{\"@type\":\"WebSite\",\"@id\":\"https:\\\/\\\/iczechy.pl\\\/#website\",\"url\":\"https:\\\/\\\/iczechy.pl\\\/\",\"name\":\"iCzechy.pl\",\"description\":\"i wiesz wi\u0119cej\",\"publisher\":{\"@id\":\"https:\\\/\\\/iczechy.pl\\\/#organization\"},\"potentialAction\":[{\"@type\":\"SearchAction\",\"target\":{\"@type\":\"EntryPoint\",\"urlTemplate\":\"https:\\\/\\\/iczechy.pl\\\/?s={search_term_string}\"},\"query-input\":{\"@type\":\"PropertyValueSpecification\",\"valueRequired\":true,\"valueName\":\"search_term_string\"}}],\"inLanguage\":\"pl-PL\"},{\"@type\":\"Organization\",\"@id\":\"https:\\\/\\\/iczechy.pl\\\/#organization\",\"name\":\"iCzechy.pl\",\"url\":\"https:\\\/\\\/iczechy.pl\\\/\",\"logo\":{\"@type\":\"ImageObject\",\"inLanguage\":\"pl-PL\",\"@id\":\"https:\\\/\\\/iczechy.pl\\\/#\\\/schema\\\/logo\\\/image\\\/\",\"url\":\"https:\\\/\\\/iczechy.pl\\\/wp-content\\\/uploads\\\/2020\\\/06\\\/iCzechy-2-300dpi-...i-wiesz-wiecej.png\",\"contentUrl\":\"https:\\\/\\\/iczechy.pl\\\/wp-content\\\/uploads\\\/2020\\\/06\\\/iCzechy-2-300dpi-...i-wiesz-wiecej.png\",\"width\":1280,\"height\":294,\"caption\":\"iCzechy.pl\"},\"image\":{\"@id\":\"https:\\\/\\\/iczechy.pl\\\/#\\\/schema\\\/logo\\\/image\\\/\"},\"sameAs\":[\"https:\\\/\\\/x.com\\\/iCzechy_pl\"]},{\"@type\":\"Person\",\"@id\":\"https:\\\/\\\/iczechy.pl\\\/#\\\/schema\\\/person\\\/5b7f56b637b26b9409bc4574ea821c9a\",\"name\":\"Przemys\u0142aw Podola\u0144ski\",\"image\":{\"@type\":\"ImageObject\",\"inLanguage\":\"pl-PL\",\"@id\":\"https:\\\/\\\/secure.gravatar.com\\\/avatar\\\/6951ad7ad13313601602eb3f0fac4d73d0a39ab2d9d7be31170e5e06e9898aa7?s=96&d=mm&r=g\",\"url\":\"https:\\\/\\\/secure.gravatar.com\\\/avatar\\\/6951ad7ad13313601602eb3f0fac4d73d0a39ab2d9d7be31170e5e06e9898aa7?s=96&d=mm&r=g\",\"contentUrl\":\"https:\\\/\\\/secure.gravatar.com\\\/avatar\\\/6951ad7ad13313601602eb3f0fac4d73d0a39ab2d9d7be31170e5e06e9898aa7?s=96&d=mm&r=g\",\"caption\":\"Przemys\u0142aw Podola\u0144ski\"},\"url\":\"https:\\\/\\\/iczechy.pl\\\/index.php\\\/author\\\/admin-2\\\/\"}]}<\/script>\n<!-- \/ Yoast SEO plugin. -->","yoast_head_json":{"title":"Minister Buda na polsko-czeskich konsultacjach mi\u0119dzyrz\u0105dowych &#187; iCzechy.pl","robots":{"index":"index","follow":"follow","max-snippet":"max-snippet:-1","max-image-preview":"max-image-preview:large","max-video-preview":"max-video-preview:-1"},"canonical":"https:\/\/iczechy.pl\/index.php\/2022\/06\/06\/minister-buda-na-polsko-czeskich-konsultacjach-miedzyrzadowych\/","og_locale":"pl_PL","og_type":"article","og_title":"Minister Buda na polsko-czeskich konsultacjach mi\u0119dzyrz\u0105dowych &#187; iCzechy.pl","og_description":"Bezpiecze\u0144stwo energetyczne, a tak\u017ce wsp\u00f3lne dzia\u0142ania w obliczu gospodarczych skutk\u00f3w napa\u015bci Rosji na Ukrainie oraz wzmacnianie konkurencyjno\u015bci i odporno\u015bci europejskiej gospodarki \u2013 to g\u0142\u00f3wne tematy rozmowy ministra rozwoju i technologii Waldemara Budy ze swoim czeskim odpowiednikiem Josfem Sikel\u0105 \u2013 ministrem...","og_url":"https:\/\/iczechy.pl\/index.php\/2022\/06\/06\/minister-buda-na-polsko-czeskich-konsultacjach-miedzyrzadowych\/","og_site_name":"iCzechy.pl","article_published_time":"2022-06-06T16:00:16+00:00","article_modified_time":"2022-06-30T18:04:32+00:00","og_image":[{"width":1080,"height":720,"url":"https:\/\/iczechy.pl\/wp-content\/uploads\/2022\/06\/POL_CZECH-meeting-scaled.jpg","type":"image\/jpeg"}],"author":"Przemys\u0142aw Podola\u0144ski","twitter_card":"summary_large_image","twitter_creator":"@iCzechy_pl","twitter_site":"@iCzechy_pl","twitter_misc":{"Napisane przez":"Przemys\u0142aw Podola\u0144ski","Szacowany czas czytania":"3 minuty"},"schema":{"@context":"https:\/\/schema.org","@graph":[{"@type":"Article","@id":"https:\/\/iczechy.pl\/index.php\/2022\/06\/06\/minister-buda-na-polsko-czeskich-konsultacjach-miedzyrzadowych\/#article","isPartOf":{"@id":"https:\/\/iczechy.pl\/index.php\/2022\/06\/06\/minister-buda-na-polsko-czeskich-konsultacjach-miedzyrzadowych\/"},"author":{"name":"Przemys\u0142aw Podola\u0144ski","@id":"https:\/\/iczechy.pl\/#\/schema\/person\/5b7f56b637b26b9409bc4574ea821c9a"},"headline":"Minister Buda na polsko-czeskich konsultacjach mi\u0119dzyrz\u0105dowych","datePublished":"2022-06-06T16:00:16+00:00","dateModified":"2022-06-30T18:04:32+00:00","mainEntityOfPage":{"@id":"https:\/\/iczechy.pl\/index.php\/2022\/06\/06\/minister-buda-na-polsko-czeskich-konsultacjach-miedzyrzadowych\/"},"wordCount":693,"publisher":{"@id":"https:\/\/iczechy.pl\/#organization"},"image":{"@id":"https:\/\/iczechy.pl\/index.php\/2022\/06\/06\/minister-buda-na-polsko-czeskich-konsultacjach-miedzyrzadowych\/#primaryimage"},"thumbnailUrl":"https:\/\/iczechy.pl\/wp-content\/uploads\/2022\/06\/POL_CZECH-meeting-scaled.jpg","articleSection":["+Plus","+Wszystkie materia\u0142y","Gospodarka i biznes","Mi\u0119dzynarodowe","Prezydencja czeska","Wsp\u00f3\u0142praca polsko-czeska"],"inLanguage":"pl-PL"},{"@type":"WebPage","@id":"https:\/\/iczechy.pl\/index.php\/2022\/06\/06\/minister-buda-na-polsko-czeskich-konsultacjach-miedzyrzadowych\/","url":"https:\/\/iczechy.pl\/index.php\/2022\/06\/06\/minister-buda-na-polsko-czeskich-konsultacjach-miedzyrzadowych\/","name":"Minister Buda na polsko-czeskich konsultacjach mi\u0119dzyrz\u0105dowych &#187; iCzechy.pl","isPartOf":{"@id":"https:\/\/iczechy.pl\/#website"},"primaryImageOfPage":{"@id":"https:\/\/iczechy.pl\/index.php\/2022\/06\/06\/minister-buda-na-polsko-czeskich-konsultacjach-miedzyrzadowych\/#primaryimage"},"image":{"@id":"https:\/\/iczechy.pl\/index.php\/2022\/06\/06\/minister-buda-na-polsko-czeskich-konsultacjach-miedzyrzadowych\/#primaryimage"},"thumbnailUrl":"https:\/\/iczechy.pl\/wp-content\/uploads\/2022\/06\/POL_CZECH-meeting-scaled.jpg","datePublished":"2022-06-06T16:00:16+00:00","dateModified":"2022-06-30T18:04:32+00:00","breadcrumb":{"@id":"https:\/\/iczechy.pl\/index.php\/2022\/06\/06\/minister-buda-na-polsko-czeskich-konsultacjach-miedzyrzadowych\/#breadcrumb"},"inLanguage":"pl-PL","potentialAction":[{"@type":"ReadAction","target":["https:\/\/iczechy.pl\/index.php\/2022\/06\/06\/minister-buda-na-polsko-czeskich-konsultacjach-miedzyrzadowych\/"]}]},{"@type":"ImageObject","inLanguage":"pl-PL","@id":"https:\/\/iczechy.pl\/index.php\/2022\/06\/06\/minister-buda-na-polsko-czeskich-konsultacjach-miedzyrzadowych\/#primaryimage","url":"https:\/\/iczechy.pl\/wp-content\/uploads\/2022\/06\/POL_CZECH-meeting-scaled.jpg","contentUrl":"https:\/\/iczechy.pl\/wp-content\/uploads\/2022\/06\/POL_CZECH-meeting-scaled.jpg","width":1080,"height":720},{"@type":"BreadcrumbList","@id":"https:\/\/iczechy.pl\/index.php\/2022\/06\/06\/minister-buda-na-polsko-czeskich-konsultacjach-miedzyrzadowych\/#breadcrumb","itemListElement":[{"@type":"ListItem","position":1,"name":"Strona g\u0142\u00f3wna","item":"https:\/\/iczechy.pl\/"},{"@type":"ListItem","position":2,"name":"Minister Buda na polsko-czeskich konsultacjach mi\u0119dzyrz\u0105dowych"}]},{"@type":"WebSite","@id":"https:\/\/iczechy.pl\/#website","url":"https:\/\/iczechy.pl\/","name":"iCzechy.pl","description":"i wiesz wi\u0119cej","publisher":{"@id":"https:\/\/iczechy.pl\/#organization"},"potentialAction":[{"@type":"SearchAction","target":{"@type":"EntryPoint","urlTemplate":"https:\/\/iczechy.pl\/?s={search_term_string}"},"query-input":{"@type":"PropertyValueSpecification","valueRequired":true,"valueName":"search_term_string"}}],"inLanguage":"pl-PL"},{"@type":"Organization","@id":"https:\/\/iczechy.pl\/#organization","name":"iCzechy.pl","url":"https:\/\/iczechy.pl\/","logo":{"@type":"ImageObject","inLanguage":"pl-PL","@id":"https:\/\/iczechy.pl\/#\/schema\/logo\/image\/","url":"https:\/\/iczechy.pl\/wp-content\/uploads\/2020\/06\/iCzechy-2-300dpi-...i-wiesz-wiecej.png","contentUrl":"https:\/\/iczechy.pl\/wp-content\/uploads\/2020\/06\/iCzechy-2-300dpi-...i-wiesz-wiecej.png","width":1280,"height":294,"caption":"iCzechy.pl"},"image":{"@id":"https:\/\/iczechy.pl\/#\/schema\/logo\/image\/"},"sameAs":["https:\/\/x.com\/iCzechy_pl"]},{"@type":"Person","@id":"https:\/\/iczechy.pl\/#\/schema\/person\/5b7f56b637b26b9409bc4574ea821c9a","name":"Przemys\u0142aw Podola\u0144ski","image":{"@type":"ImageObject","inLanguage":"pl-PL","@id":"https:\/\/secure.gravatar.com\/avatar\/6951ad7ad13313601602eb3f0fac4d73d0a39ab2d9d7be31170e5e06e9898aa7?s=96&d=mm&r=g","url":"https:\/\/secure.gravatar.com\/avatar\/6951ad7ad13313601602eb3f0fac4d73d0a39ab2d9d7be31170e5e06e9898aa7?s=96&d=mm&r=g","contentUrl":"https:\/\/secure.gravatar.com\/avatar\/6951ad7ad13313601602eb3f0fac4d73d0a39ab2d9d7be31170e5e06e9898aa7?s=96&d=mm&r=g","caption":"Przemys\u0142aw Podola\u0144ski"},"url":"https:\/\/iczechy.pl\/index.php\/author\/admin-2\/"}]}},"_links":{"self":[{"href":"https:\/\/iczechy.pl\/index.php\/wp-json\/wp\/v2\/posts\/9848","targetHints":{"allow":["GET"]}}],"collection":[{"href":"https:\/\/iczechy.pl\/index.php\/wp-json\/wp\/v2\/posts"}],"about":[{"href":"https:\/\/iczechy.pl\/index.php\/wp-json\/wp\/v2\/types\/post"}],"author":[{"embeddable":true,"href":"https:\/\/iczechy.pl\/index.php\/wp-json\/wp\/v2\/users\/7"}],"replies":[{"embeddable":true,"href":"https:\/\/iczechy.pl\/index.php\/wp-json\/wp\/v2\/comments?post=9848"}],"version-history":[{"count":2,"href":"https:\/\/iczechy.pl\/index.php\/wp-json\/wp\/v2\/posts\/9848\/revisions"}],"predecessor-version":[{"id":9877,"href":"https:\/\/iczechy.pl\/index.php\/wp-json\/wp\/v2\/posts\/9848\/revisions\/9877"}],"wp:featuredmedia":[{"embeddable":true,"href":"https:\/\/iczechy.pl\/index.php\/wp-json\/wp\/v2\/media\/9849"}],"wp:attachment":[{"href":"https:\/\/iczechy.pl\/index.php\/wp-json\/wp\/v2\/media?parent=9848"}],"wp:term":[{"taxonomy":"category","embeddable":true,"href":"https:\/\/iczechy.pl\/index.php\/wp-json\/wp\/v2\/categories?post=9848"},{"taxonomy":"post_tag","embeddable":true,"href":"https:\/\/iczechy.pl\/index.php\/wp-json\/wp\/v2\/tags?post=9848"}],"curies":[{"name":"wp","href":"https:\/\/api.w.org\/{rel}","templated":true}]}}