{"id":9459,"date":"2024-12-23T08:58:27","date_gmt":"2024-12-23T07:58:27","guid":{"rendered":"https:\/\/iczechy.pl\/?p=9459"},"modified":"2025-03-29T19:55:04","modified_gmt":"2025-03-29T18:55:04","slug":"szlakiem-czeskich-rzemiosl-tradycyjnych","status":"publish","type":"post","link":"https:\/\/iczechy.pl\/index.php\/2024\/12\/23\/szlakiem-czeskich-rzemiosl-tradycyjnych\/","title":{"rendered":"Szlakiem czeskich rzemios\u0142 tradycyjnych"},"content":{"rendered":"<p><strong>Czy wiecie, jak powstaje Becherovka, co to jest modrodruk, jak powstaj\u0105 gobeliny lub s\u0142ynne czeskie szk\u0142o? Polecamy wycieczk\u0119 do czeskich manufaktur, warsztat\u00f3w i muze\u00f3w, kt\u00f3re zapoznaj\u0105 zwiedzaj\u0105cych z tajemnicami dawnych rzemios\u0142. <\/strong><\/p>\n<p><strong>Gobeliny z Vala\u0161skiego Mezi\u0159\u00ed\u010d\u00ed<\/strong><\/p>\n<p>Morawska manufaktura gobelin\u00f3w w Vala\u0161skim Mezi\u0159\u00ed\u010d\u00ed (74 km na wsch\u00f3d od O\u0142omu\u0144ca) jest jedynym tego typu zak\u0142adem na Morawach i \u015al\u0105sku. Podczas zwiedzania zobaczymy zabytkowe, wci\u0105\u017c dzia\u0142aj\u0105ce maszyny tkackie z prze\u0142omu XIX i XX wieku. Jednym z najs\u0142ynniejszych dzie\u0142 manufaktury jest kurtyna Teatru Narodowego w Pradze. Zwiedzaj\u0105cy mog\u0105&nbsp; tak\u017ce osobi\u015bcie spr\u00f3bowa\u0107 sztuki tkania gobelin\u00f3w.<\/p>\n<p><strong>Najstarsza huta szk\u0142a na Szumawie<\/strong><\/p>\n<p>W g\u0119stych lasach w pobli\u017cu po\u0142udniowo-zachodniej granicy Czech od \u015bredniowiecza powstawa\u0142y huty szk\u0142a. W ci\u0105gu ponad siedmiu wiek\u00f3w dzia\u0142a\u0142y ich&nbsp; setki.<\/p>\n<p>Najstarsz\u0105 wci\u0105\u017c czynn\u0105 hut\u0105 szk\u0142a jest huta Ann\u00edn (85 km na po\u0142udnie od Pilzna), za\u0142o\u017cona w 1796 roku. Do dzi\u015b, podobnie jak przed 228 laty, w piecu p\u0142onie ogie\u0144, a szklarze tworz\u0105 pi\u0119kne przedmioty z gor\u0105cej masy szklanej. Histori\u0119 produkcji szk\u0142a przypomina tutejsze muzeum, a wsp\u00f3\u0142czesne wyroby prezentuje galeria.<\/p>\n<p><strong>Najwi\u0119ksze muzeum rzemios\u0142 w Czechach<\/strong><\/p>\n<p>W mie\u015bcie Letohrad (30 km od Mi\u0119dzylesia) polecamy odwiedzi\u0107 <a href=\"https:\/\/www.czechtourism.com\/pl\/c\/letohrad-museum-of-crafts\/\" target=\"_blank\" rel=\"noopener\">Muzeum Rzemios\u0142<\/a>, najwi\u0119ksze tego rodzaju muzeum w Czechach. Na trzech pi\u0119trach dawnego spichlerza prezentowane jest rzemios\u0142o z lat 1840\u20131930. Zobaczymy mi\u0119dzy innymi&nbsp; prac\u0119 kotlarzy, stolarzy, dekarzy czy kamieniarzy. Godne uwagi eksponaty znajduj\u0105 si\u0119 w skansenie rzemios\u0142 mechanicznych, tartaku czy warsztacie mechanicznym. Dowiemy si\u0119, jak przed stu laty wygl\u0105da\u0142a klasa w szkole, gabinet dentystyczny czy ginekologiczny.<\/p>\n<p><strong>Muzeum obuwia w imperium obuwniczym Tom\u00e1\u0161a Baty<\/strong><\/p>\n<p>Ekspozycja Muzeum Moraw Po\u0142udniowych o nazwie \u201eZasada Baty \u2013 Dzi\u015b fantazja, jutro rzeczywisto\u015b\u0107\u201d znajduje si\u0119 w budynku 14|15 Instytutu Baty w Zlinie. Zwiedzaj\u0105cy zapoznaj\u0105 si\u0119 z histori\u0105 firmy od jej za\u0142o\u017cenia w 1894 roku a\u017c do znacjonalizowania czechos\u0142owackiej cz\u0119\u015bci koncernu po drugiej wojnie \u015bwiatowej.<\/p>\n<p><strong>Manufaktura papieru r\u0119cznie czerpanego \u2013 Muzeum Papieru <\/strong><\/p>\n<p>Manufaktura papieru r\u0119cznie czerpanego w Velkich Losin\u00e1ch (57 km od G\u0142ucho\u0142az\u00f3w) dzia\u0142a nieprzerwanie od ko\u0144ca XVI wieku do dnia dzisiejszego. Jest jedn\u0105 z ostatnich tego typu manufaktur w Europie i jedyn\u0105 w Czechach. Na go\u015bci czekaj\u0105 dwie trasy zwiedzania prezentuj\u0105ce tradycyjne techniki produkcji papieru, histori\u0119 rzemios\u0142a i wiele ciekawostek technicznych.<\/p>\n<p><strong>Warsztat modrodruku Danzingera w Ole\u0161nicy <\/strong><\/p>\n<p>Modrodruk, dawna technika druku i farbowania tkanin z u\u017cyciem indyga, zosta\u0142 wpisany na list\u0119 \u015bwiatowego dziedzictwa niematerialnego UNESCO w Czechach, a tak\u017ce na S\u0142owacji, w Niemczech, Austrii i na W\u0119grzech. W Czechach tradycyjn\u0105 produkcj\u0119 modrodruku kontynuuje mi\u0119dzy innymi rodzinny zak\u0142ad Modrotisk Danzinger w Ole\u0161nicy (50 km na p\u00f3\u0142noc od Brna), kt\u00f3rego dzia\u0142alno\u015b\u0107 si\u0119ga 1816 roku. Nadal stosuje si\u0119 tu tradycyjne metody produkcji z wykorzystaniem pierwotnych drewnianych form i dawnych receptur. W\u0142a\u015bciciele ch\u0119tnie zapoznaj\u0105 go\u015bci z procesem produkcji. Zwiedzanie trwa oko\u0142o godziny. Na miejscu mo\u017cna tak\u017ce zakupi\u0107 tutejsze wyroby.<\/p>\n<p><strong>Dolina Kryszta\u0142owa \u2013 kolebka czeskiego kryszta\u0142u<\/strong><\/p>\n<p>Historia przemys\u0142u szklarskiego na p\u00f3\u0142nocy Czech si\u0119ga ponad 600 lat. Zapraszamy na wycieczk\u0119 do hut szk\u0142a i wytw\u00f3rni bi\u017cuterii na p\u00f3\u0142nocy Czech, w okolicach Liberca.&nbsp; Rejon G\u00f3r Izerskich i \u0141u\u017cyckich, od Kamenickiego \u0160enova, przez Jablonn\u00e9 v Podje\u0161t\u011bd\u00ed, a\u017c po Desn\u0105 i Turnov od stuleci s\u0142ynie z produkcji dobrej jako\u015bci, pi\u0119knego szk\u0142a, szklanych koralik\u00f3w i bi\u017cuterii. Znajdziemy tu huty szk\u0142a, niekt\u00f3re powsta\u0142e ju\u017c w XVI wieku, jak r\u00f3wnie\u017c szko\u0142y szklarskie,&nbsp; wytw\u00f3rnie szk\u0142a i bi\u017cuterii i muzea szklarskie.<\/p>\n<p><strong>Muzeum Jana Bechera i trzynaste \u017ar\u00f3d\u0142o Karlowych War\u00f3w<\/strong><\/p>\n<p>Karlowarska Becherovka jest obecnie najlepiej sprzedaj\u0105cym si\u0119 likierem zio\u0142owym, nic wi\u0119c dziwnego, \u017ce cz\u0119sto bywa nazywana trzynastym \u017ar\u00f3d\u0142em leczniczym Karlowych War\u00f3w. Je\u017celi chcecie dok\u0142adnie pozna\u0107 ten legendarny czeski nap\u00f3j, produkowany z ponad 20 rodzaj\u00f3w zi\u00f3\u0142 i przypraw wed\u0142ug pilnie strze\u017conej receptury, polecamy odwiedzi\u0107 Muzeum Jana Bechera w Karlowych Warach,&nbsp; w siedzibie dawnej fabryki produkuj\u0105cej Becherovk\u0119, wybudowanej ju\u017c w 1867 roku.<\/p>\n<p>W trakcie interaktywnego zwiedzania mo\u017cna obejrze\u0107 mi\u0119dzy innymi oryginalny Becherovod (ruroci\u0105g, kt\u00f3rym przep\u0142ywa\u0142 likier), stare butelki, etykiety oraz beczki, w kt\u00f3rych wcze\u015bniej dojrzewa\u0142a Becherovka.<\/p>\n<p><strong>Muzeum Koronki w Vamberku<\/strong><\/p>\n<p>Szko\u0142a koronkarstwa w Vamberku (46 km od Kudowy-Zdroju) dzia\u0142a\u0142a od 1889 roku. Ekspozycja muzeum prezentuje rozw\u00f3j czeskiej koronki od XVIII wieku do wsp\u00f3\u0142czesno\u015bci. Przedstawia dawne koronki ludowe, rozw\u00f3j koronkarstwa pod wp\u0142ywem szkolnictwa zawodowego od ko\u0144ca XIX wieku, a tak\u017ce wsp\u00f3\u0142czesn\u0105 sztuk\u0119 koronkarsk\u0105.<\/p>\n<p><strong>Wi\u0119cej informacji turystycznych o Czechach: <\/strong><a href=\"https:\/\/www.visitczechrepublic.com\/pl-PL\" target=\"_blank\" rel=\"noopener\"><strong>#VisitCzechRepublic.<\/strong><\/a><\/p>\n<p>&nbsp;<\/p>\n<style type=\"text\/css\">\n#foogallery-gallery-9467 .fg-image { width: 150px; }\n#foogallery-gallery-9467 { --fg-gutter: 10px; }<\/style>\n\t\t\t<div class=\"foogallery foogallery-container foogallery-default foogallery-lightbox-none fg-center fg-default fg-ready fg-light fg-border-thin fg-shadow-outline fg-loading-default fg-loaded-fade-in fg-caption-hover fg-hover-fade fg-hover-zoom\" id=\"foogallery-gallery-9467\" data-foogallery=\"{&quot;item&quot;:{&quot;showCaptionTitle&quot;:true,&quot;showCaptionDescription&quot;:true},&quot;lazy&quot;:true}\" style=\"--fg-title-line-clamp: 0; --fg-description-line-clamp: 0;\" >\n\t<div class=\"fg-item fg-type-image fg-idle\"><figure class=\"fg-item-inner\"><a href=\"https:\/\/iczechy.pl\/wp-content\/uploads\/2022\/01\/Czeskie-ozdoby-z-perelek-Rautis.-fot.-David-Marvan-.jpg\" data-caption-desc=\"Czeskie ozdoby z pere\u0142ek, Rautis. Fot. David Marvan\" data-attachment-id=\"9464\" data-type=\"image\" class=\"fg-thumb\"><span class=\"fg-image-wrap\"><img decoding=\"async\" width=\"150\" height=\"150\" class=\"skip-lazy fg-image\" data-src-fg=\"https:\/\/iczechy.pl\/wp-content\/uploads\/cache\/2022\/01\/Czeskie-ozdoby-z-perelek-Rautis_-fot_-David-Marvan-\/2884936687.jpg\" src=\"data:image\/svg+xml,%3Csvg%20xmlns%3D%22http%3A%2F%2Fwww.w3.org%2F2000%2Fsvg%22%20width%3D%22150%22%20height%3D%22150%22%20viewBox%3D%220%200%20150%20150%22%3E%3C%2Fsvg%3E\" loading=\"eager\"><\/span><span class=\"fg-image-overlay\"><\/span><\/a><figcaption class=\"fg-caption\"><div class=\"fg-caption-inner\"><div class=\"fg-caption-desc\">Czeskie ozdoby z pere\u0142ek, Rautis. Fot. David Marvan<\/div><\/div><\/figcaption><\/figure><div class=\"fg-loader\"><\/div><\/div><div class=\"fg-item fg-type-image fg-idle\"><figure class=\"fg-item-inner\"><a href=\"https:\/\/iczechy.pl\/wp-content\/uploads\/2022\/01\/Muzeum-rzemiosl-Letohrad.-fot.-DSVC-scaled.jpg\" data-caption-desc=\"Muzeum rzemios\u0142 Letohrad. Fot. DSV\u010c\" data-attachment-id=\"9461\" data-type=\"image\" class=\"fg-thumb\"><span class=\"fg-image-wrap\"><img decoding=\"async\" width=\"150\" height=\"150\" class=\"skip-lazy fg-image\" data-src-fg=\"https:\/\/iczechy.pl\/wp-content\/uploads\/cache\/2022\/01\/Muzeum-rzemiosl-Letohrad_-fot_-DSVC-scaled\/1359657802.jpg\" src=\"data:image\/svg+xml,%3Csvg%20xmlns%3D%22http%3A%2F%2Fwww.w3.org%2F2000%2Fsvg%22%20width%3D%22150%22%20height%3D%22150%22%20viewBox%3D%220%200%20150%20150%22%3E%3C%2Fsvg%3E\" loading=\"eager\"><\/span><span class=\"fg-image-overlay\"><\/span><\/a><figcaption class=\"fg-caption\"><div class=\"fg-caption-inner\"><div class=\"fg-caption-desc\">Muzeum rzemios\u0142 Letohrad. Fot. DSV\u010c<\/div><\/div><\/figcaption><\/figure><div class=\"fg-loader\"><\/div><\/div><div class=\"fg-item fg-type-image fg-idle\"><figure class=\"fg-item-inner\"><a href=\"https:\/\/iczechy.pl\/wp-content\/uploads\/2022\/01\/Szklo-czeskie-Czechy-Polnocne.-Fot.-Marek-Musil_Digital-Cirkus.jpg\" data-caption-desc=\"Szk\u0142o czeskie, Czechy P\u00f3\u0142nocne. Fot. Marek Musil_Digital Cirkus\" data-attachment-id=\"9463\" data-type=\"image\" class=\"fg-thumb\"><span class=\"fg-image-wrap\"><img decoding=\"async\" width=\"150\" height=\"150\" class=\"skip-lazy fg-image\" data-src-fg=\"https:\/\/iczechy.pl\/wp-content\/uploads\/cache\/2022\/01\/Szklo-czeskie-Czechy-Polnocne_-Fot_-Marek-Musil_Digital-Cirkus\/4229739432.jpg\" src=\"data:image\/svg+xml,%3Csvg%20xmlns%3D%22http%3A%2F%2Fwww.w3.org%2F2000%2Fsvg%22%20width%3D%22150%22%20height%3D%22150%22%20viewBox%3D%220%200%20150%20150%22%3E%3C%2Fsvg%3E\" loading=\"eager\"><\/span><span class=\"fg-image-overlay\"><\/span><\/a><figcaption class=\"fg-caption\"><div class=\"fg-caption-inner\"><div class=\"fg-caption-desc\">Szk\u0142o czeskie, Czechy P\u00f3\u0142nocne. Fot. Marek Musil_Digital Cirkus<\/div><\/div><\/figcaption><\/figure><div class=\"fg-loader\"><\/div><\/div><div class=\"fg-item fg-type-image fg-idle\"><figure class=\"fg-item-inner\"><a href=\"https:\/\/iczechy.pl\/wp-content\/uploads\/2022\/01\/Muzeum-rzemiosl-2-Letohrad-fot.-DSVC-scaled.jpg\" data-caption-desc=\"Muzeum rzemios\u0142 Letohrad. Fot. DSV\u010c\" data-attachment-id=\"9462\" data-type=\"image\" class=\"fg-thumb\"><span class=\"fg-image-wrap\"><img decoding=\"async\" width=\"150\" height=\"150\" class=\"skip-lazy fg-image\" data-src-fg=\"https:\/\/iczechy.pl\/wp-content\/uploads\/cache\/2022\/01\/Muzeum-rzemiosl-2-Letohrad-fot_-DSVC-scaled\/733828850.jpg\" src=\"data:image\/svg+xml,%3Csvg%20xmlns%3D%22http%3A%2F%2Fwww.w3.org%2F2000%2Fsvg%22%20width%3D%22150%22%20height%3D%22150%22%20viewBox%3D%220%200%20150%20150%22%3E%3C%2Fsvg%3E\" loading=\"eager\"><\/span><span class=\"fg-image-overlay\"><\/span><\/a><figcaption class=\"fg-caption\"><div class=\"fg-caption-inner\"><div class=\"fg-caption-desc\">Muzeum rzemios\u0142 Letohrad. Fot. DSV\u010c<\/div><\/div><\/figcaption><\/figure><div class=\"fg-loader\"><\/div><\/div><div class=\"fg-item fg-type-image fg-idle\"><figure class=\"fg-item-inner\"><a href=\"https:\/\/iczechy.pl\/wp-content\/uploads\/2022\/01\/Warsztat-modrodruku.-fot.-Jiri-Danzinger_2.jpg\" data-caption-desc=\"Warsztat modrodruku. Fot. Ji\u0159\u00ed Danzinger\" data-attachment-id=\"9466\" data-type=\"image\" class=\"fg-thumb\"><span class=\"fg-image-wrap\"><img decoding=\"async\" alt=\"Szlakiem czeskich rzemios\u0142 tradycyjnych\" width=\"150\" height=\"150\" class=\"skip-lazy fg-image\" data-src-fg=\"https:\/\/iczechy.pl\/wp-content\/uploads\/cache\/2022\/01\/Warsztat-modrodruku_-fot_-Jiri-Danzinger_2\/453782002.jpg\" src=\"data:image\/svg+xml,%3Csvg%20xmlns%3D%22http%3A%2F%2Fwww.w3.org%2F2000%2Fsvg%22%20width%3D%22150%22%20height%3D%22150%22%20viewBox%3D%220%200%20150%20150%22%3E%3C%2Fsvg%3E\" loading=\"eager\"><\/span><span class=\"fg-image-overlay\"><\/span><\/a><figcaption class=\"fg-caption\"><div class=\"fg-caption-inner\"><div class=\"fg-caption-desc\">Warsztat modrodruku. Fot. Ji\u0159\u00ed Danzinger<\/div><\/div><\/figcaption><\/figure><div class=\"fg-loader\"><\/div><\/div><div class=\"fg-item fg-type-image fg-idle\"><figure class=\"fg-item-inner\"><a href=\"https:\/\/iczechy.pl\/wp-content\/uploads\/2022\/01\/Warsztat-modrodruku.-fot.-Jiri-Danzinger.jpg\" data-caption-desc=\"Warsztat modrodruku. Fot. Ji\u0159\u00ed Danzinger\" data-attachment-id=\"9465\" data-type=\"image\" class=\"fg-thumb\"><span class=\"fg-image-wrap\"><img decoding=\"async\" width=\"150\" height=\"150\" class=\"skip-lazy fg-image\" data-src-fg=\"https:\/\/iczechy.pl\/wp-content\/uploads\/cache\/2022\/01\/Warsztat-modrodruku_-fot_-Jiri-Danzinger\/1076300324.jpg\" src=\"data:image\/svg+xml,%3Csvg%20xmlns%3D%22http%3A%2F%2Fwww.w3.org%2F2000%2Fsvg%22%20width%3D%22150%22%20height%3D%22150%22%20viewBox%3D%220%200%20150%20150%22%3E%3C%2Fsvg%3E\" loading=\"eager\"><\/span><span class=\"fg-image-overlay\"><\/span><\/a><figcaption class=\"fg-caption\"><div class=\"fg-caption-inner\"><div class=\"fg-caption-desc\">Warsztat modrodruku. Fot. Ji\u0159\u00ed Danzinger<\/div><\/div><\/figcaption><\/figure><div class=\"fg-loader\"><\/div><\/div><\/div>\n\n","protected":false},"excerpt":{"rendered":"<p>Czy wiecie, jak powstaje Becherovka, co to jest modrodruk, jak powstaj\u0105 gobeliny lub s\u0142ynne czeskie szk\u0142o? Polecamy wycieczk\u0119 do czeskich manufaktur, warsztat\u00f3w i muze\u00f3w, kt\u00f3re zapoznaj\u0105 zwiedzaj\u0105cych z tajemnicami dawnych rzemios\u0142. Gobeliny z Vala\u0161skiego Mezi\u0159\u00ed\u010d\u00ed Morawska manufaktura gobelin\u00f3w w Vala\u0161skim&#8230;<\/p>\n","protected":false},"author":7,"featured_media":9466,"comment_status":"closed","ping_status":"open","sticky":false,"template":"","format":"standard","meta":{"om_disable_all_campaigns":false,"_monsterinsights_skip_tracking":false,"_monsterinsights_sitenote_active":false,"_monsterinsights_sitenote_note":"","_monsterinsights_sitenote_category":0,"ngg_post_thumbnail":0,"two_page_speed":null,"footnotes":""},"categories":[219,587,260],"tags":[],"class_list":["post-9459","post","type-post","status-publish","format-standard","has-post-thumbnail","hentry","category-wszystkie-materialy","category-dziedzictwo-narodowe","category-turystyka"],"yoast_head":"<!-- This site is optimized with the Yoast SEO plugin v27.5 - https:\/\/yoast.com\/product\/yoast-seo-wordpress\/ -->\n<title>Szlakiem czeskich rzemios\u0142 tradycyjnych &#187; iCzechy.pl<\/title>\n<meta name=\"description\" content=\"Szlakiem czeskich rzemios\u0142 tradycyjnych czyli jak powstaje Becherovka, co to jest modrodruk, jak powstaj\u0105 gobeliny lub s\u0142ynne czeskie szk\u0142o.\" \/>\n<meta name=\"robots\" content=\"index, follow, max-snippet:-1, max-image-preview:large, max-video-preview:-1\" \/>\n<link rel=\"canonical\" href=\"https:\/\/iczechy.pl\/index.php\/2024\/12\/23\/szlakiem-czeskich-rzemiosl-tradycyjnych\/\" \/>\n<meta property=\"og:locale\" content=\"pl_PL\" \/>\n<meta property=\"og:type\" content=\"article\" \/>\n<meta property=\"og:title\" content=\"Szlakiem czeskich rzemios\u0142 tradycyjnych &#187; iCzechy.pl\" \/>\n<meta property=\"og:description\" content=\"Szlakiem czeskich rzemios\u0142 tradycyjnych czyli jak powstaje Becherovka, co to jest modrodruk, jak powstaj\u0105 gobeliny lub s\u0142ynne czeskie szk\u0142o.\" \/>\n<meta property=\"og:url\" content=\"https:\/\/iczechy.pl\/index.php\/2024\/12\/23\/szlakiem-czeskich-rzemiosl-tradycyjnych\/\" \/>\n<meta property=\"og:site_name\" content=\"iCzechy.pl\" \/>\n<meta property=\"article:published_time\" content=\"2024-12-23T07:58:27+00:00\" \/>\n<meta property=\"article:modified_time\" content=\"2025-03-29T18:55:04+00:00\" \/>\n<meta property=\"og:image\" content=\"https:\/\/iczechy.pl\/wp-content\/uploads\/2022\/01\/Warsztat-modrodruku.-fot.-Jiri-Danzinger_2.jpg\" \/>\n\t<meta property=\"og:image:width\" content=\"1023\" \/>\n\t<meta property=\"og:image:height\" content=\"682\" \/>\n\t<meta property=\"og:image:type\" content=\"image\/jpeg\" \/>\n<meta name=\"author\" content=\"Przemys\u0142aw Podola\u0144ski\" \/>\n<meta name=\"twitter:card\" content=\"summary_large_image\" \/>\n<meta name=\"twitter:creator\" content=\"@iCzechy_pl\" \/>\n<meta name=\"twitter:site\" content=\"@iCzechy_pl\" \/>\n<meta name=\"twitter:label1\" content=\"Napisane przez\" \/>\n\t<meta name=\"twitter:data1\" content=\"Przemys\u0142aw Podola\u0144ski\" \/>\n\t<meta name=\"twitter:label2\" content=\"Szacowany czas czytania\" \/>\n\t<meta name=\"twitter:data2\" content=\"5 minut\" \/>\n<script type=\"application\/ld+json\" class=\"yoast-schema-graph\">{\"@context\":\"https:\\\/\\\/schema.org\",\"@graph\":[{\"@type\":\"Article\",\"@id\":\"https:\\\/\\\/iczechy.pl\\\/index.php\\\/2024\\\/12\\\/23\\\/szlakiem-czeskich-rzemiosl-tradycyjnych\\\/#article\",\"isPartOf\":{\"@id\":\"https:\\\/\\\/iczechy.pl\\\/index.php\\\/2024\\\/12\\\/23\\\/szlakiem-czeskich-rzemiosl-tradycyjnych\\\/\"},\"author\":{\"name\":\"Przemys\u0142aw Podola\u0144ski\",\"@id\":\"https:\\\/\\\/iczechy.pl\\\/#\\\/schema\\\/person\\\/5b7f56b637b26b9409bc4574ea821c9a\"},\"headline\":\"Szlakiem czeskich rzemios\u0142 tradycyjnych\",\"datePublished\":\"2024-12-23T07:58:27+00:00\",\"dateModified\":\"2025-03-29T18:55:04+00:00\",\"mainEntityOfPage\":{\"@id\":\"https:\\\/\\\/iczechy.pl\\\/index.php\\\/2024\\\/12\\\/23\\\/szlakiem-czeskich-rzemiosl-tradycyjnych\\\/\"},\"wordCount\":807,\"publisher\":{\"@id\":\"https:\\\/\\\/iczechy.pl\\\/#organization\"},\"image\":{\"@id\":\"https:\\\/\\\/iczechy.pl\\\/index.php\\\/2024\\\/12\\\/23\\\/szlakiem-czeskich-rzemiosl-tradycyjnych\\\/#primaryimage\"},\"thumbnailUrl\":\"https:\\\/\\\/iczechy.pl\\\/wp-content\\\/uploads\\\/2022\\\/01\\\/Warsztat-modrodruku.-fot.-Jiri-Danzinger_2.jpg\",\"articleSection\":[\"+Wszystkie materia\u0142y\",\"Dziedzictwo narodowe\",\"Turystyka\"],\"inLanguage\":\"pl-PL\"},{\"@type\":\"WebPage\",\"@id\":\"https:\\\/\\\/iczechy.pl\\\/index.php\\\/2024\\\/12\\\/23\\\/szlakiem-czeskich-rzemiosl-tradycyjnych\\\/\",\"url\":\"https:\\\/\\\/iczechy.pl\\\/index.php\\\/2024\\\/12\\\/23\\\/szlakiem-czeskich-rzemiosl-tradycyjnych\\\/\",\"name\":\"Szlakiem czeskich rzemios\u0142 tradycyjnych &#187; iCzechy.pl\",\"isPartOf\":{\"@id\":\"https:\\\/\\\/iczechy.pl\\\/#website\"},\"primaryImageOfPage\":{\"@id\":\"https:\\\/\\\/iczechy.pl\\\/index.php\\\/2024\\\/12\\\/23\\\/szlakiem-czeskich-rzemiosl-tradycyjnych\\\/#primaryimage\"},\"image\":{\"@id\":\"https:\\\/\\\/iczechy.pl\\\/index.php\\\/2024\\\/12\\\/23\\\/szlakiem-czeskich-rzemiosl-tradycyjnych\\\/#primaryimage\"},\"thumbnailUrl\":\"https:\\\/\\\/iczechy.pl\\\/wp-content\\\/uploads\\\/2022\\\/01\\\/Warsztat-modrodruku.-fot.-Jiri-Danzinger_2.jpg\",\"datePublished\":\"2024-12-23T07:58:27+00:00\",\"dateModified\":\"2025-03-29T18:55:04+00:00\",\"description\":\"Szlakiem czeskich rzemios\u0142 tradycyjnych czyli jak powstaje Becherovka, co to jest modrodruk, jak powstaj\u0105 gobeliny lub s\u0142ynne czeskie szk\u0142o.\",\"breadcrumb\":{\"@id\":\"https:\\\/\\\/iczechy.pl\\\/index.php\\\/2024\\\/12\\\/23\\\/szlakiem-czeskich-rzemiosl-tradycyjnych\\\/#breadcrumb\"},\"inLanguage\":\"pl-PL\",\"potentialAction\":[{\"@type\":\"ReadAction\",\"target\":[\"https:\\\/\\\/iczechy.pl\\\/index.php\\\/2024\\\/12\\\/23\\\/szlakiem-czeskich-rzemiosl-tradycyjnych\\\/\"]}]},{\"@type\":\"ImageObject\",\"inLanguage\":\"pl-PL\",\"@id\":\"https:\\\/\\\/iczechy.pl\\\/index.php\\\/2024\\\/12\\\/23\\\/szlakiem-czeskich-rzemiosl-tradycyjnych\\\/#primaryimage\",\"url\":\"https:\\\/\\\/iczechy.pl\\\/wp-content\\\/uploads\\\/2022\\\/01\\\/Warsztat-modrodruku.-fot.-Jiri-Danzinger_2.jpg\",\"contentUrl\":\"https:\\\/\\\/iczechy.pl\\\/wp-content\\\/uploads\\\/2022\\\/01\\\/Warsztat-modrodruku.-fot.-Jiri-Danzinger_2.jpg\",\"width\":1023,\"height\":682,\"caption\":\"Szlakiem czeskich rzemios\u0142 tradycyjnych\"},{\"@type\":\"BreadcrumbList\",\"@id\":\"https:\\\/\\\/iczechy.pl\\\/index.php\\\/2024\\\/12\\\/23\\\/szlakiem-czeskich-rzemiosl-tradycyjnych\\\/#breadcrumb\",\"itemListElement\":[{\"@type\":\"ListItem\",\"position\":1,\"name\":\"Strona g\u0142\u00f3wna\",\"item\":\"https:\\\/\\\/iczechy.pl\\\/\"},{\"@type\":\"ListItem\",\"position\":2,\"name\":\"Szlakiem czeskich rzemios\u0142 tradycyjnych\"}]},{\"@type\":\"WebSite\",\"@id\":\"https:\\\/\\\/iczechy.pl\\\/#website\",\"url\":\"https:\\\/\\\/iczechy.pl\\\/\",\"name\":\"iCzechy.pl\",\"description\":\"i wiesz wi\u0119cej\",\"publisher\":{\"@id\":\"https:\\\/\\\/iczechy.pl\\\/#organization\"},\"potentialAction\":[{\"@type\":\"SearchAction\",\"target\":{\"@type\":\"EntryPoint\",\"urlTemplate\":\"https:\\\/\\\/iczechy.pl\\\/?s={search_term_string}\"},\"query-input\":{\"@type\":\"PropertyValueSpecification\",\"valueRequired\":true,\"valueName\":\"search_term_string\"}}],\"inLanguage\":\"pl-PL\"},{\"@type\":\"Organization\",\"@id\":\"https:\\\/\\\/iczechy.pl\\\/#organization\",\"name\":\"iCzechy.pl\",\"url\":\"https:\\\/\\\/iczechy.pl\\\/\",\"logo\":{\"@type\":\"ImageObject\",\"inLanguage\":\"pl-PL\",\"@id\":\"https:\\\/\\\/iczechy.pl\\\/#\\\/schema\\\/logo\\\/image\\\/\",\"url\":\"https:\\\/\\\/iczechy.pl\\\/wp-content\\\/uploads\\\/2020\\\/06\\\/iCzechy-2-300dpi-...i-wiesz-wiecej.png\",\"contentUrl\":\"https:\\\/\\\/iczechy.pl\\\/wp-content\\\/uploads\\\/2020\\\/06\\\/iCzechy-2-300dpi-...i-wiesz-wiecej.png\",\"width\":1280,\"height\":294,\"caption\":\"iCzechy.pl\"},\"image\":{\"@id\":\"https:\\\/\\\/iczechy.pl\\\/#\\\/schema\\\/logo\\\/image\\\/\"},\"sameAs\":[\"https:\\\/\\\/x.com\\\/iCzechy_pl\"]},{\"@type\":\"Person\",\"@id\":\"https:\\\/\\\/iczechy.pl\\\/#\\\/schema\\\/person\\\/5b7f56b637b26b9409bc4574ea821c9a\",\"name\":\"Przemys\u0142aw Podola\u0144ski\",\"image\":{\"@type\":\"ImageObject\",\"inLanguage\":\"pl-PL\",\"@id\":\"https:\\\/\\\/secure.gravatar.com\\\/avatar\\\/6951ad7ad13313601602eb3f0fac4d73d0a39ab2d9d7be31170e5e06e9898aa7?s=96&d=mm&r=g\",\"url\":\"https:\\\/\\\/secure.gravatar.com\\\/avatar\\\/6951ad7ad13313601602eb3f0fac4d73d0a39ab2d9d7be31170e5e06e9898aa7?s=96&d=mm&r=g\",\"contentUrl\":\"https:\\\/\\\/secure.gravatar.com\\\/avatar\\\/6951ad7ad13313601602eb3f0fac4d73d0a39ab2d9d7be31170e5e06e9898aa7?s=96&d=mm&r=g\",\"caption\":\"Przemys\u0142aw Podola\u0144ski\"},\"url\":\"https:\\\/\\\/iczechy.pl\\\/index.php\\\/author\\\/admin-2\\\/\"}]}<\/script>\n<!-- \/ Yoast SEO plugin. -->","yoast_head_json":{"title":"Szlakiem czeskich rzemios\u0142 tradycyjnych &#187; iCzechy.pl","description":"Szlakiem czeskich rzemios\u0142 tradycyjnych czyli jak powstaje Becherovka, co to jest modrodruk, jak powstaj\u0105 gobeliny lub s\u0142ynne czeskie szk\u0142o.","robots":{"index":"index","follow":"follow","max-snippet":"max-snippet:-1","max-image-preview":"max-image-preview:large","max-video-preview":"max-video-preview:-1"},"canonical":"https:\/\/iczechy.pl\/index.php\/2024\/12\/23\/szlakiem-czeskich-rzemiosl-tradycyjnych\/","og_locale":"pl_PL","og_type":"article","og_title":"Szlakiem czeskich rzemios\u0142 tradycyjnych &#187; iCzechy.pl","og_description":"Szlakiem czeskich rzemios\u0142 tradycyjnych czyli jak powstaje Becherovka, co to jest modrodruk, jak powstaj\u0105 gobeliny lub s\u0142ynne czeskie szk\u0142o.","og_url":"https:\/\/iczechy.pl\/index.php\/2024\/12\/23\/szlakiem-czeskich-rzemiosl-tradycyjnych\/","og_site_name":"iCzechy.pl","article_published_time":"2024-12-23T07:58:27+00:00","article_modified_time":"2025-03-29T18:55:04+00:00","og_image":[{"width":1023,"height":682,"url":"https:\/\/iczechy.pl\/wp-content\/uploads\/2022\/01\/Warsztat-modrodruku.-fot.-Jiri-Danzinger_2.jpg","type":"image\/jpeg"}],"author":"Przemys\u0142aw Podola\u0144ski","twitter_card":"summary_large_image","twitter_creator":"@iCzechy_pl","twitter_site":"@iCzechy_pl","twitter_misc":{"Napisane przez":"Przemys\u0142aw Podola\u0144ski","Szacowany czas czytania":"5 minut"},"schema":{"@context":"https:\/\/schema.org","@graph":[{"@type":"Article","@id":"https:\/\/iczechy.pl\/index.php\/2024\/12\/23\/szlakiem-czeskich-rzemiosl-tradycyjnych\/#article","isPartOf":{"@id":"https:\/\/iczechy.pl\/index.php\/2024\/12\/23\/szlakiem-czeskich-rzemiosl-tradycyjnych\/"},"author":{"name":"Przemys\u0142aw Podola\u0144ski","@id":"https:\/\/iczechy.pl\/#\/schema\/person\/5b7f56b637b26b9409bc4574ea821c9a"},"headline":"Szlakiem czeskich rzemios\u0142 tradycyjnych","datePublished":"2024-12-23T07:58:27+00:00","dateModified":"2025-03-29T18:55:04+00:00","mainEntityOfPage":{"@id":"https:\/\/iczechy.pl\/index.php\/2024\/12\/23\/szlakiem-czeskich-rzemiosl-tradycyjnych\/"},"wordCount":807,"publisher":{"@id":"https:\/\/iczechy.pl\/#organization"},"image":{"@id":"https:\/\/iczechy.pl\/index.php\/2024\/12\/23\/szlakiem-czeskich-rzemiosl-tradycyjnych\/#primaryimage"},"thumbnailUrl":"https:\/\/iczechy.pl\/wp-content\/uploads\/2022\/01\/Warsztat-modrodruku.-fot.-Jiri-Danzinger_2.jpg","articleSection":["+Wszystkie materia\u0142y","Dziedzictwo narodowe","Turystyka"],"inLanguage":"pl-PL"},{"@type":"WebPage","@id":"https:\/\/iczechy.pl\/index.php\/2024\/12\/23\/szlakiem-czeskich-rzemiosl-tradycyjnych\/","url":"https:\/\/iczechy.pl\/index.php\/2024\/12\/23\/szlakiem-czeskich-rzemiosl-tradycyjnych\/","name":"Szlakiem czeskich rzemios\u0142 tradycyjnych &#187; iCzechy.pl","isPartOf":{"@id":"https:\/\/iczechy.pl\/#website"},"primaryImageOfPage":{"@id":"https:\/\/iczechy.pl\/index.php\/2024\/12\/23\/szlakiem-czeskich-rzemiosl-tradycyjnych\/#primaryimage"},"image":{"@id":"https:\/\/iczechy.pl\/index.php\/2024\/12\/23\/szlakiem-czeskich-rzemiosl-tradycyjnych\/#primaryimage"},"thumbnailUrl":"https:\/\/iczechy.pl\/wp-content\/uploads\/2022\/01\/Warsztat-modrodruku.-fot.-Jiri-Danzinger_2.jpg","datePublished":"2024-12-23T07:58:27+00:00","dateModified":"2025-03-29T18:55:04+00:00","description":"Szlakiem czeskich rzemios\u0142 tradycyjnych czyli jak powstaje Becherovka, co to jest modrodruk, jak powstaj\u0105 gobeliny lub s\u0142ynne czeskie szk\u0142o.","breadcrumb":{"@id":"https:\/\/iczechy.pl\/index.php\/2024\/12\/23\/szlakiem-czeskich-rzemiosl-tradycyjnych\/#breadcrumb"},"inLanguage":"pl-PL","potentialAction":[{"@type":"ReadAction","target":["https:\/\/iczechy.pl\/index.php\/2024\/12\/23\/szlakiem-czeskich-rzemiosl-tradycyjnych\/"]}]},{"@type":"ImageObject","inLanguage":"pl-PL","@id":"https:\/\/iczechy.pl\/index.php\/2024\/12\/23\/szlakiem-czeskich-rzemiosl-tradycyjnych\/#primaryimage","url":"https:\/\/iczechy.pl\/wp-content\/uploads\/2022\/01\/Warsztat-modrodruku.-fot.-Jiri-Danzinger_2.jpg","contentUrl":"https:\/\/iczechy.pl\/wp-content\/uploads\/2022\/01\/Warsztat-modrodruku.-fot.-Jiri-Danzinger_2.jpg","width":1023,"height":682,"caption":"Szlakiem czeskich rzemios\u0142 tradycyjnych"},{"@type":"BreadcrumbList","@id":"https:\/\/iczechy.pl\/index.php\/2024\/12\/23\/szlakiem-czeskich-rzemiosl-tradycyjnych\/#breadcrumb","itemListElement":[{"@type":"ListItem","position":1,"name":"Strona g\u0142\u00f3wna","item":"https:\/\/iczechy.pl\/"},{"@type":"ListItem","position":2,"name":"Szlakiem czeskich rzemios\u0142 tradycyjnych"}]},{"@type":"WebSite","@id":"https:\/\/iczechy.pl\/#website","url":"https:\/\/iczechy.pl\/","name":"iCzechy.pl","description":"i wiesz wi\u0119cej","publisher":{"@id":"https:\/\/iczechy.pl\/#organization"},"potentialAction":[{"@type":"SearchAction","target":{"@type":"EntryPoint","urlTemplate":"https:\/\/iczechy.pl\/?s={search_term_string}"},"query-input":{"@type":"PropertyValueSpecification","valueRequired":true,"valueName":"search_term_string"}}],"inLanguage":"pl-PL"},{"@type":"Organization","@id":"https:\/\/iczechy.pl\/#organization","name":"iCzechy.pl","url":"https:\/\/iczechy.pl\/","logo":{"@type":"ImageObject","inLanguage":"pl-PL","@id":"https:\/\/iczechy.pl\/#\/schema\/logo\/image\/","url":"https:\/\/iczechy.pl\/wp-content\/uploads\/2020\/06\/iCzechy-2-300dpi-...i-wiesz-wiecej.png","contentUrl":"https:\/\/iczechy.pl\/wp-content\/uploads\/2020\/06\/iCzechy-2-300dpi-...i-wiesz-wiecej.png","width":1280,"height":294,"caption":"iCzechy.pl"},"image":{"@id":"https:\/\/iczechy.pl\/#\/schema\/logo\/image\/"},"sameAs":["https:\/\/x.com\/iCzechy_pl"]},{"@type":"Person","@id":"https:\/\/iczechy.pl\/#\/schema\/person\/5b7f56b637b26b9409bc4574ea821c9a","name":"Przemys\u0142aw Podola\u0144ski","image":{"@type":"ImageObject","inLanguage":"pl-PL","@id":"https:\/\/secure.gravatar.com\/avatar\/6951ad7ad13313601602eb3f0fac4d73d0a39ab2d9d7be31170e5e06e9898aa7?s=96&d=mm&r=g","url":"https:\/\/secure.gravatar.com\/avatar\/6951ad7ad13313601602eb3f0fac4d73d0a39ab2d9d7be31170e5e06e9898aa7?s=96&d=mm&r=g","contentUrl":"https:\/\/secure.gravatar.com\/avatar\/6951ad7ad13313601602eb3f0fac4d73d0a39ab2d9d7be31170e5e06e9898aa7?s=96&d=mm&r=g","caption":"Przemys\u0142aw Podola\u0144ski"},"url":"https:\/\/iczechy.pl\/index.php\/author\/admin-2\/"}]}},"_links":{"self":[{"href":"https:\/\/iczechy.pl\/index.php\/wp-json\/wp\/v2\/posts\/9459","targetHints":{"allow":["GET"]}}],"collection":[{"href":"https:\/\/iczechy.pl\/index.php\/wp-json\/wp\/v2\/posts"}],"about":[{"href":"https:\/\/iczechy.pl\/index.php\/wp-json\/wp\/v2\/types\/post"}],"author":[{"embeddable":true,"href":"https:\/\/iczechy.pl\/index.php\/wp-json\/wp\/v2\/users\/7"}],"replies":[{"embeddable":true,"href":"https:\/\/iczechy.pl\/index.php\/wp-json\/wp\/v2\/comments?post=9459"}],"version-history":[{"count":4,"href":"https:\/\/iczechy.pl\/index.php\/wp-json\/wp\/v2\/posts\/9459\/revisions"}],"predecessor-version":[{"id":11602,"href":"https:\/\/iczechy.pl\/index.php\/wp-json\/wp\/v2\/posts\/9459\/revisions\/11602"}],"wp:featuredmedia":[{"embeddable":true,"href":"https:\/\/iczechy.pl\/index.php\/wp-json\/wp\/v2\/media\/9466"}],"wp:attachment":[{"href":"https:\/\/iczechy.pl\/index.php\/wp-json\/wp\/v2\/media?parent=9459"}],"wp:term":[{"taxonomy":"category","embeddable":true,"href":"https:\/\/iczechy.pl\/index.php\/wp-json\/wp\/v2\/categories?post=9459"},{"taxonomy":"post_tag","embeddable":true,"href":"https:\/\/iczechy.pl\/index.php\/wp-json\/wp\/v2\/tags?post=9459"}],"curies":[{"name":"wp","href":"https:\/\/api.w.org\/{rel}","templated":true}]}}