{"id":9352,"date":"2025-12-20T06:12:28","date_gmt":"2025-12-20T05:12:28","guid":{"rendered":"https:\/\/iczechy.pl\/?p=9352"},"modified":"2026-01-11T13:52:08","modified_gmt":"2026-01-11T12:52:08","slug":"tradycje-swiateczne-w-czechach","status":"publish","type":"post","link":"https:\/\/iczechy.pl\/index.php\/2025\/12\/20\/tradycje-swiateczne-w-czechach\/","title":{"rendered":"Tradycje \u015bwi\u0105teczne w Czechach"},"content":{"rendered":"<p><strong>\u015awi\u0105teczne przysmaki, wr\u00f3\u017cby wigilijne, ma\u0142y Jezusek przynosz\u0105cy prezenty&#8230; Jak Czesi obchodz\u0105 \u015bwi\u0119ta Bo\u017cego Narodzenia?<\/strong><\/p>\n<p><strong>\u015awi\u0105teczne ciasteczka<\/strong><\/p>\n<p>Tradycyjne ciasteczka przygotowywane s\u0105 ju\u017c od ko\u0144ca listopada i przechowywane w pude\u0142eczkach&nbsp; a\u017c do \u015bwi\u0105t, odpowiednio zabezpieczone przed domowymi \u0142asuchami.&nbsp;<\/p>\n<p>Ciasteczka, kt\u00f3re znamy do dzi\u015b zacz\u0119to wypieka\u0107 na pocz\u0105tku XIX wieku, pocz\u0105tkowo w najbogatszych domach. Do popularnych nale\u017ca\u0142y na przyk\u0142ad ciasteczka o nazwie przyjaciel domu, przygotowywane z m\u0105ki krupczatki, cukru, any\u017cu, jajek, kandyzowanych owoc\u00f3w i orzech\u00f3w. Zaraz po upieczeniu ciasto twardnia\u0142o, wi\u0119c trzeba je by\u0142o pokroi\u0107 na cienkie p\u0142atki, kt\u00f3re i tak by\u0142y postrachem z\u0119b\u00f3w starszych cz\u0142onk\u00f3w rodziny. Podobno, w por\u00f3wnaniu do innych s\u0142odkich przysmak\u00f3w, ciasteczka te znika\u0142y ze sto\u0142u najwolniej i niekt\u00f3rzy z\u0142o\u015bliwie twierdzili, \u017ce dlatego zas\u0142u\u017cy\u0142y sobie na nazw\u0119 przyjaciela domu: cz\u0119sto pozostawa\u0142y w domu jeszcze po \u015bwi\u0119tach.<\/p>\n<p>Z podobnych sk\u0142adnik\u00f3w przygotowywano tak zwan\u0105 wigilijn\u0105 muzyk\u0119: w wodzie namoczono gruszki i jab\u0142ka, pokrojone na kr\u0105\u017cki i suszone \u015bliwki, kt\u00f3re nast\u0119pnie gotowano z dodatkiem go\u017adzik\u00f3w, cynamonu, rodzynk\u00f3w i migda\u0142\u00f3w, pos\u0142odzone miodem i zag\u0119szczone startym piernikiem. Zale\u017cnie od zamo\u017cno\u015bci gospodarstwa domowego, do deseru dodawano sok z cytryny i rum.<\/p>\n<p>Popularne by\u0142y tak\u017ce domowe karmelki. W rondelku karmelizowano cukier, dodawano kaw\u0119, mleko lub \u015bmietan\u0119, mas\u0142o i wanili\u0119. Mas\u0119 powoli podgrzewano, stale mieszaj\u0105c, a\u017c zg\u0119stnia\u0142a, przelano do nat\u0142uszczonej formy, pozostawiono do st\u0119\u017cenia i nast\u0119pnie krojono na kawa\u0142eczki. Powsta\u0142e cukierki pakowano w kolorowe papierki i k\u0142adziono na st\u00f3\u0142 lub wieszano na choince.<\/p>\n<p>Zgodnie z tradycj\u0105, na \u015bwi\u0105tecznym stole powinno si\u0119 znale\u017a\u0107 siedem rodzaj\u00f3w ciasteczek. Jedne gospodynie przestrzegaj\u0105 tego zwyczaju, inne piek\u0105 kilka ulubionych smak\u00f3w, a niekt\u00f3re szykuj\u0105 nawet dwadzie\u015bcia r\u00f3\u017cnych gatunk\u00f3w ciasteczek. Receptury przekazywane s\u0105 z pokolenia na pokolenie. Niekt\u00f3rzy wol\u0105 eksperymentowa\u0107 z nowymi przepisami, jednak od lat niezmiennie do najpopularniejszych nale\u017c\u0105 rogaliki waniliowe, nied\u017awiedzie \u0142apki, rogaliki orzechowe, orzeszki nadziewane kremem, koszyczki, gniazda os czy imbirki.<\/p>\n<p>Warto spr\u00f3bowa\u0107 tak\u017ce ciasteczek Masaryka. Pierwszy prezydent Czechos\u0142owacji, T.G. Masaryk, uwielbia\u0142 s\u0142odkie, \u015bwi\u0105teczne przysmaki, szczeg\u00f3lnie ciasteczka z orzechami, kt\u00f3re piek\u0142a jego mama. Przygotowuje si\u0119 je \u0142atwo i szybko, smakuj\u0105 przepysznie. Potrzebujemy 180 gram\u00f3w orzech\u00f3w w\u0142oskich (mo\u017cna u\u017cy\u0107 tak\u017ce laskowych), 300 gram\u00f3w m\u0105ki, 100 gram\u00f3w cukru pudru, 200 gram\u00f3w mas\u0142a, 1 \u017c\u00f3\u0142tko, cukier puder i cukier waniliowy do posypania. Orzechy wymoczymy przez dwie godziny w letniej wodzie, aby zmi\u0119k\u0142y. Po tym czasie posiekamy, wymieszamy z pozosta\u0142ymi sk\u0142adnikami i wyrobimy ciasto. Z ciasta uformujemy kilka wa\u0142eczk\u00f3w o \u015brednicy oko\u0142o 4 cm. Owiniemy foli\u0105 spo\u017cywcz\u0105 i w\u0142o\u017cymy do lod\u00f3wki, najlepiej na ca\u0142\u0105 noc, ewentualnie na p\u00f3\u0142 godziny do zamra\u017calnika. Po tym czasie pokroimy na k\u00f3\u0142ka o szeroko\u015bci p\u00f3\u0142 centymetra, po\u0142o\u017cymy na blach\u0119 i pieczemy w temperaturze 170\u00b0C, a\u017c si\u0119 zarumieni\u0105. Jeszcze ciep\u0142e, obtoczymy w cukrze pudrze wymieszanym z cukrem waniliowym.<\/p>\n<p>Je\u015bli chcecie spr\u00f3bowa\u0107 najpopularniejszych czeskich ciasteczek \u015bwi\u0105tecznych, polecamy \u0142atwy przepis na kruche rogaliki waniliowe. Potrzebujemy 100 gram\u00f3w cukru pudru, 420 gram\u00f3w m\u0105ki, 340 gram\u00f3w mas\u0142a, 160 gram\u00f3w mielonych orzech\u00f3w w\u0142oskich i szczypt\u0119 soli. Ze sk\u0142adnik\u00f3w wyrobimy g\u0119ste ciasto, kt\u00f3re pozostawimy na noc w lod\u00f3wce. Nast\u0119pnego dnia z ciasta uformujemy rogaliki, upieczemy w piekarniku nagrzanym do 180 \u00b0C i obtoczymy w cukrze pudrze z wanili\u0105.<\/p>\n<p><strong>Zwyczaje wigilijne<\/strong><\/p>\n<p>W Wigili\u0119, a\u017c do wieczoru, obowi\u0105zuje \u015bcis\u0142y post. Dzieciom obiecuje si\u0119, \u017ce je\u015bli b\u0119d\u0105 przestrzega\u0107 postu zobacz\u0105 z\u0142ote prosi\u0105tko. Do wsp\u00f3lnej wieczerzy Czesi zasiadaj\u0105, gdy na niebie pojawi si\u0119 pierwsza gwiazda. Na stole wigilijnym nie mo\u017ce zabrakn\u0105\u0107 zupy rybnej, sa\u0142atki ziemniaczanej i sma\u017conego karpia. Pod talerze k\u0142adzie si\u0119 kilka \u0142usek karpia, kt\u00f3re maj\u0105 zapewni\u0107 wszystkim dostatek pieni\u0119dzy przez ca\u0142y nadchodz\u0105cy rok. Na stole powinno znale\u017a\u0107 si\u0119 dodatkowe nakrycie dla niespodziewanego go\u015bcia. Zgodnie z kolejn\u0105 tradycj\u0105, kt\u00f3rej przestrzega wiele czeskich rodzin, nie nale\u017cy odchodzi\u0107 od sto\u0142u wigilijnego podczas wieczerzy. Ten, kto wstanie przed zako\u0144czeniem posi\u0142ku mo\u017ce bowiem nie doczeka\u0107 nast\u0119pnych \u015bwi\u0105t. Ulubionym zwyczajem jest krojenie jab\u0142ek. Je\u015bli w przekrojonych po\u0142\u00f3wkach zobaczymy po\u015brodku kszta\u0142t gwiazdki, b\u0119dziemy zdrowi przez ca\u0142y rok, krzy\u017cyk natomiast zwiastuje chorob\u0119. Prezenty w Czechach przynosi Jezusek. Zostawia je pod choink\u0105 24 grudnia wieczorem.<\/p>\n<p><strong>Informacje turystyczne o Czechach, przepisy kulinarne, mi\u0119dzy innymi na potrawy \u015bwi\u0105teczne znajdziemy na stronie: <\/strong><a href=\"https:\/\/www.visitczechrepublic.com\/pl-PL\/Things-to-Do\/Category-Group-Pages\/Cultural-Heritage\/Gastronomy\/Recipes\" target=\"_blank\" rel=\"noopener\"><strong>#VisitCzechRepublic<\/strong><\/a>.<\/p>\n<style type=\"text\/css\">\n#foogallery-gallery-9360 .fg-image { width: 300px; }\n#foogallery-gallery-9360 { --fg-gutter: 10px; }<\/style>\n\t\t\t<div class=\"foogallery foogallery-container foogallery-default foogallery-lightbox-none fg-center fg-default fg-ready fg-light fg-border-thin fg-shadow-outline fg-loading-default fg-loaded-fade-in fg-caption-hover fg-hover-fade fg-hover-zoom\" id=\"foogallery-gallery-9360\" data-foogallery=\"{&quot;item&quot;:{&quot;showCaptionTitle&quot;:true,&quot;showCaptionDescription&quot;:true},&quot;lazy&quot;:true}\" style=\"--fg-title-line-clamp: 0; --fg-description-line-clamp: 0;\" >\n\t<div class=\"fg-item fg-type-image fg-idle\"><figure class=\"fg-item-inner\"><a href=\"https:\/\/iczechy.pl\/wp-content\/uploads\/2021\/12\/Bozonarodzeniowe-ciasteczka-Masaryka.-fot.-Archiwum-CzechSpecials-min-scaled.jpg\" data-caption-desc=\"Bo\u017conarodzeniowe ciasteczka Masaryka. Fot. Archiwum CzechSpecials Agencji CzechTourism\" data-attachment-id=\"9359\" data-type=\"image\" class=\"fg-thumb\"><span class=\"fg-image-wrap\"><img fetchpriority=\"high\" decoding=\"async\" alt=\"Tradycje \u015bwi\u0105teczne w Czechach\" width=\"300\" height=\"300\" class=\"skip-lazy fg-image\" data-src-fg=\"https:\/\/iczechy.pl\/wp-content\/uploads\/cache\/2021\/12\/Bozonarodzeniowe-ciasteczka-Masaryka_-fot_-Archiwum-CzechSpecials-min-scaled\/2516656982.jpg\" src=\"data:image\/svg+xml,%3Csvg%20xmlns%3D%22http%3A%2F%2Fwww.w3.org%2F2000%2Fsvg%22%20width%3D%22300%22%20height%3D%22300%22%20viewBox%3D%220%200%20300%20300%22%3E%3C%2Fsvg%3E\" loading=\"eager\"><\/span><span class=\"fg-image-overlay\"><\/span><\/a><figcaption class=\"fg-caption\"><div class=\"fg-caption-inner\"><div class=\"fg-caption-desc\">Bo\u017conarodzeniowe ciasteczka Masaryka. Fot. Archiwum CzechSpecials Agencji CzechTourism<\/div><\/div><\/figcaption><\/figure><div class=\"fg-loader\"><\/div><\/div><div class=\"fg-item fg-type-image fg-idle\"><figure class=\"fg-item-inner\"><a href=\"https:\/\/iczechy.pl\/wp-content\/uploads\/2021\/12\/Rogaliki-waniliowe.-fot.-archiwum-CzechSpecials.jpg\" data-caption-desc=\"Rogaliki waniliowe. Fot. Archiwum CzechSpecials Agencji CzechTourism\" data-attachment-id=\"9358\" data-type=\"image\" class=\"fg-thumb\"><span class=\"fg-image-wrap\"><img decoding=\"async\" alt=\"Tradycje \u015bwi\u0105teczne w Czechach\" width=\"300\" height=\"300\" class=\"skip-lazy fg-image\" data-src-fg=\"https:\/\/iczechy.pl\/wp-content\/uploads\/cache\/2021\/12\/Rogaliki-waniliowe_-fot_-archiwum-CzechSpecials\/3020519892.jpg\" src=\"data:image\/svg+xml,%3Csvg%20xmlns%3D%22http%3A%2F%2Fwww.w3.org%2F2000%2Fsvg%22%20width%3D%22300%22%20height%3D%22300%22%20viewBox%3D%220%200%20300%20300%22%3E%3C%2Fsvg%3E\" loading=\"eager\"><\/span><span class=\"fg-image-overlay\"><\/span><\/a><figcaption class=\"fg-caption\"><div class=\"fg-caption-inner\"><div class=\"fg-caption-desc\">Rogaliki waniliowe. Fot. Archiwum CzechSpecials Agencji CzechTourism<\/div><\/div><\/figcaption><\/figure><div class=\"fg-loader\"><\/div><\/div><div class=\"fg-item fg-type-image fg-idle\"><figure class=\"fg-item-inner\"><a href=\"https:\/\/iczechy.pl\/wp-content\/uploads\/2021\/12\/Grzybowy-kuba.-Fot.-Archiwum-Czech-Specials-agencji-CzechTourism.jpg\" data-caption-desc=\"Grzybowy kuba. Fot. Archiwum CzechSpecials Agencji CzechTourism\" data-attachment-id=\"9357\" data-type=\"image\" class=\"fg-thumb\"><span class=\"fg-image-wrap\"><img decoding=\"async\" alt=\"Tradycje \u015bwi\u0105teczne w Czechach\" width=\"300\" height=\"300\" class=\"skip-lazy fg-image\" data-src-fg=\"https:\/\/iczechy.pl\/wp-content\/uploads\/cache\/2021\/12\/Grzybowy-kuba_-Fot_-Archiwum-Czech-Specials-agencji-CzechTourism\/2280737973.jpg\" src=\"data:image\/svg+xml,%3Csvg%20xmlns%3D%22http%3A%2F%2Fwww.w3.org%2F2000%2Fsvg%22%20width%3D%22300%22%20height%3D%22300%22%20viewBox%3D%220%200%20300%20300%22%3E%3C%2Fsvg%3E\" loading=\"eager\"><\/span><span class=\"fg-image-overlay\"><\/span><\/a><figcaption class=\"fg-caption\"><div class=\"fg-caption-inner\"><div class=\"fg-caption-desc\">Grzybowy kuba. Fot. Archiwum CzechSpecials Agencji CzechTourism<\/div><\/div><\/figcaption><\/figure><div class=\"fg-loader\"><\/div><\/div><div class=\"fg-item fg-type-image fg-idle\"><figure class=\"fg-item-inner\"><a href=\"https:\/\/iczechy.pl\/wp-content\/uploads\/2021\/12\/Boze-Narodzenie.-Fot.-Narodni-muzeum-v-prirode-scaled.jpg\" data-caption-desc=\"Bo\u017ce Narodzenie. Fot. N\u00e1rodn\u00ed muzeum v p\u0159\u00edrod\u011b\" data-attachment-id=\"9356\" data-type=\"image\" class=\"fg-thumb\"><span class=\"fg-image-wrap\"><img decoding=\"async\" alt=\"Tradycje \u015bwi\u0105teczne w Czechach\" width=\"300\" height=\"300\" class=\"skip-lazy fg-image\" data-src-fg=\"https:\/\/iczechy.pl\/wp-content\/uploads\/cache\/2021\/12\/Boze-Narodzenie_-Fot_-Narodni-muzeum-v-prirode-scaled\/3754341508.jpg\" src=\"data:image\/svg+xml,%3Csvg%20xmlns%3D%22http%3A%2F%2Fwww.w3.org%2F2000%2Fsvg%22%20width%3D%22300%22%20height%3D%22300%22%20viewBox%3D%220%200%20300%20300%22%3E%3C%2Fsvg%3E\" loading=\"eager\"><\/span><span class=\"fg-image-overlay\"><\/span><\/a><figcaption class=\"fg-caption\"><div class=\"fg-caption-inner\"><div class=\"fg-caption-desc\">Bo\u017ce Narodzenie. Fot. N\u00e1rodn\u00ed muzeum v p\u0159\u00edrod\u011b<\/div><\/div><\/figcaption><\/figure><div class=\"fg-loader\"><\/div><\/div><div class=\"fg-item fg-type-image fg-idle\"><figure class=\"fg-item-inner\"><a href=\"https:\/\/iczechy.pl\/wp-content\/uploads\/2021\/12\/Ciasteczka-swiateczne.-Fot.-Madeleine-Steinbach_shutterstock.jpg\" data-caption-desc=\"Ciasteczka \u015bwi\u0105teczne. Fot. Madeleine Steinbach_shutterstock\" data-attachment-id=\"9355\" data-type=\"image\" class=\"fg-thumb\"><span class=\"fg-image-wrap\"><img decoding=\"async\" alt=\"Tradycje \u015bwi\u0105teczne w Czechach\" width=\"300\" height=\"300\" class=\"skip-lazy fg-image\" data-src-fg=\"https:\/\/iczechy.pl\/wp-content\/uploads\/cache\/2021\/12\/Ciasteczka-swiateczne_-Fot_-Madeleine-Steinbach_shutterstock\/2642552336.jpg\" src=\"data:image\/svg+xml,%3Csvg%20xmlns%3D%22http%3A%2F%2Fwww.w3.org%2F2000%2Fsvg%22%20width%3D%22300%22%20height%3D%22300%22%20viewBox%3D%220%200%20300%20300%22%3E%3C%2Fsvg%3E\" loading=\"eager\"><\/span><span class=\"fg-image-overlay\"><\/span><\/a><figcaption class=\"fg-caption\"><div class=\"fg-caption-inner\"><div class=\"fg-caption-desc\">Ciasteczka \u015bwi\u0105teczne. Fot. Madeleine Steinbach_shutterstock<\/div><\/div><\/figcaption><\/figure><div class=\"fg-loader\"><\/div><\/div><div class=\"fg-item fg-type-image fg-idle\"><figure class=\"fg-item-inner\"><a href=\"https:\/\/iczechy.pl\/wp-content\/uploads\/2021\/12\/Karp-smazony-z-salatka-ziemniaczana.-Fot.-Archiwum-CzechSpecials-agencji-CzechTourism.jpg\" data-caption-desc=\"Karp sma\u017cony z sa\u0142atk\u0105 ziemniaczan\u0105. Fot. Archiwum CzechSpecials Agencji CzechTourism\" data-attachment-id=\"9354\" data-type=\"image\" class=\"fg-thumb\"><span class=\"fg-image-wrap\"><img decoding=\"async\" alt=\"Tradycje \u015bwi\u0105teczne w Czechach\" width=\"300\" height=\"300\" class=\"skip-lazy fg-image\" data-src-fg=\"https:\/\/iczechy.pl\/wp-content\/uploads\/cache\/2021\/12\/Karp-smazony-z-salatka-ziemniaczana_-Fot_-Archiwum-CzechSpecials-agencji-CzechTourism\/926576571.jpg\" src=\"data:image\/svg+xml,%3Csvg%20xmlns%3D%22http%3A%2F%2Fwww.w3.org%2F2000%2Fsvg%22%20width%3D%22300%22%20height%3D%22300%22%20viewBox%3D%220%200%20300%20300%22%3E%3C%2Fsvg%3E\" loading=\"eager\"><\/span><span class=\"fg-image-overlay\"><\/span><\/a><figcaption class=\"fg-caption\"><div class=\"fg-caption-inner\"><div class=\"fg-caption-desc\">Karp sma\u017cony z sa\u0142atk\u0105 ziemniaczan\u0105. Fot. Archiwum CzechSpecials Agencji CzechTourism<\/div><\/div><\/figcaption><\/figure><div class=\"fg-loader\"><\/div><\/div><\/div>\n\n","protected":false},"excerpt":{"rendered":"<p>\u015awi\u0105teczne przysmaki, wr\u00f3\u017cby wigilijne, ma\u0142y Jezusek przynosz\u0105cy prezenty&#8230; Jak Czesi obchodz\u0105 \u015bwi\u0119ta Bo\u017cego Narodzenia? \u015awi\u0105teczne ciasteczka Tradycyjne ciasteczka przygotowywane s\u0105 ju\u017c od ko\u0144ca listopada i przechowywane w pude\u0142eczkach&nbsp; a\u017c do \u015bwi\u0105t, odpowiednio zabezpieczone przed domowymi \u0142asuchami.&nbsp; Ciasteczka, kt\u00f3re znamy do&#8230;<\/p>\n","protected":false},"author":7,"featured_media":9355,"comment_status":"closed","ping_status":"open","sticky":false,"template":"","format":"standard","meta":{"om_disable_all_campaigns":false,"_monsterinsights_skip_tracking":false,"_monsterinsights_sitenote_active":false,"_monsterinsights_sitenote_note":"","_monsterinsights_sitenote_category":0,"ngg_post_thumbnail":0,"two_page_speed":null,"footnotes":""},"categories":[2,219,24,515,585],"tags":[],"class_list":["post-9352","post","type-post","status-publish","format-standard","has-post-thumbnail","hentry","category-plus","category-wszystkie-materialy","category-kultura-kulinarna-w-czechach","category-potrawy","category-tradycje-i-zwyczaje"],"yoast_head":"<!-- This site is optimized with the Yoast SEO plugin v27.5 - https:\/\/yoast.com\/product\/yoast-seo-wordpress\/ -->\n<title>Tradycje \u015bwi\u0105teczne w Czechach &#187; iCzechy.pl<\/title>\n<meta name=\"description\" content=\"W Wigili\u0119 obowi\u0105zuje \u015bcis\u0142y post. Do wieczerzy Czesi zasiadaj\u0105, gdy pojawi si\u0119 pierwsza gwiazda. Poznaj tradycje \u015bwi\u0105teczne w Czechach.\" \/>\n<meta name=\"robots\" content=\"index, follow, max-snippet:-1, max-image-preview:large, max-video-preview:-1\" \/>\n<link rel=\"canonical\" href=\"https:\/\/iczechy.pl\/index.php\/2025\/12\/20\/tradycje-swiateczne-w-czechach\/\" \/>\n<meta property=\"og:locale\" content=\"pl_PL\" \/>\n<meta property=\"og:type\" content=\"article\" \/>\n<meta property=\"og:title\" content=\"Tradycje \u015bwi\u0105teczne w Czechach &#187; iCzechy.pl\" \/>\n<meta property=\"og:description\" content=\"W Wigili\u0119 obowi\u0105zuje \u015bcis\u0142y post. Do wieczerzy Czesi zasiadaj\u0105, gdy pojawi si\u0119 pierwsza gwiazda. Poznaj tradycje \u015bwi\u0105teczne w Czechach.\" \/>\n<meta property=\"og:url\" content=\"https:\/\/iczechy.pl\/index.php\/2025\/12\/20\/tradycje-swiateczne-w-czechach\/\" \/>\n<meta property=\"og:site_name\" content=\"iCzechy.pl\" \/>\n<meta property=\"article:published_time\" content=\"2025-12-20T05:12:28+00:00\" \/>\n<meta property=\"article:modified_time\" content=\"2026-01-11T12:52:08+00:00\" \/>\n<meta property=\"og:image\" content=\"https:\/\/iczechy.pl\/wp-content\/uploads\/2021\/12\/Ciasteczka-swiateczne.-Fot.-Madeleine-Steinbach_shutterstock.jpg\" \/>\n\t<meta property=\"og:image:width\" content=\"1080\" \/>\n\t<meta property=\"og:image:height\" content=\"720\" \/>\n\t<meta property=\"og:image:type\" content=\"image\/jpeg\" \/>\n<meta name=\"author\" content=\"Przemys\u0142aw Podola\u0144ski\" \/>\n<meta name=\"twitter:card\" content=\"summary_large_image\" \/>\n<meta name=\"twitter:creator\" content=\"@iCzechy_pl\" \/>\n<meta name=\"twitter:site\" content=\"@iCzechy_pl\" \/>\n<meta name=\"twitter:label1\" content=\"Napisane przez\" \/>\n\t<meta name=\"twitter:data1\" content=\"Przemys\u0142aw Podola\u0144ski\" \/>\n\t<meta name=\"twitter:label2\" content=\"Szacowany czas czytania\" \/>\n\t<meta name=\"twitter:data2\" content=\"5 minut\" \/>\n<script type=\"application\/ld+json\" class=\"yoast-schema-graph\">{\"@context\":\"https:\\\/\\\/schema.org\",\"@graph\":[{\"@type\":\"Article\",\"@id\":\"https:\\\/\\\/iczechy.pl\\\/index.php\\\/2025\\\/12\\\/20\\\/tradycje-swiateczne-w-czechach\\\/#article\",\"isPartOf\":{\"@id\":\"https:\\\/\\\/iczechy.pl\\\/index.php\\\/2025\\\/12\\\/20\\\/tradycje-swiateczne-w-czechach\\\/\"},\"author\":{\"name\":\"Przemys\u0142aw Podola\u0144ski\",\"@id\":\"https:\\\/\\\/iczechy.pl\\\/#\\\/schema\\\/person\\\/5b7f56b637b26b9409bc4574ea821c9a\"},\"headline\":\"Tradycje \u015bwi\u0105teczne w Czechach\",\"datePublished\":\"2025-12-20T05:12:28+00:00\",\"dateModified\":\"2026-01-11T12:52:08+00:00\",\"mainEntityOfPage\":{\"@id\":\"https:\\\/\\\/iczechy.pl\\\/index.php\\\/2025\\\/12\\\/20\\\/tradycje-swiateczne-w-czechach\\\/\"},\"wordCount\":807,\"publisher\":{\"@id\":\"https:\\\/\\\/iczechy.pl\\\/#organization\"},\"image\":{\"@id\":\"https:\\\/\\\/iczechy.pl\\\/index.php\\\/2025\\\/12\\\/20\\\/tradycje-swiateczne-w-czechach\\\/#primaryimage\"},\"thumbnailUrl\":\"https:\\\/\\\/iczechy.pl\\\/wp-content\\\/uploads\\\/2021\\\/12\\\/Ciasteczka-swiateczne.-Fot.-Madeleine-Steinbach_shutterstock.jpg\",\"articleSection\":[\"+Plus\",\"+Wszystkie materia\u0142y\",\"Kultura kulinarna i napoje\",\"Potrawy\",\"Tradycje i zwyczaje\"],\"inLanguage\":\"pl-PL\"},{\"@type\":\"WebPage\",\"@id\":\"https:\\\/\\\/iczechy.pl\\\/index.php\\\/2025\\\/12\\\/20\\\/tradycje-swiateczne-w-czechach\\\/\",\"url\":\"https:\\\/\\\/iczechy.pl\\\/index.php\\\/2025\\\/12\\\/20\\\/tradycje-swiateczne-w-czechach\\\/\",\"name\":\"Tradycje \u015bwi\u0105teczne w Czechach &#187; iCzechy.pl\",\"isPartOf\":{\"@id\":\"https:\\\/\\\/iczechy.pl\\\/#website\"},\"primaryImageOfPage\":{\"@id\":\"https:\\\/\\\/iczechy.pl\\\/index.php\\\/2025\\\/12\\\/20\\\/tradycje-swiateczne-w-czechach\\\/#primaryimage\"},\"image\":{\"@id\":\"https:\\\/\\\/iczechy.pl\\\/index.php\\\/2025\\\/12\\\/20\\\/tradycje-swiateczne-w-czechach\\\/#primaryimage\"},\"thumbnailUrl\":\"https:\\\/\\\/iczechy.pl\\\/wp-content\\\/uploads\\\/2021\\\/12\\\/Ciasteczka-swiateczne.-Fot.-Madeleine-Steinbach_shutterstock.jpg\",\"datePublished\":\"2025-12-20T05:12:28+00:00\",\"dateModified\":\"2026-01-11T12:52:08+00:00\",\"description\":\"W Wigili\u0119 obowi\u0105zuje \u015bcis\u0142y post. Do wieczerzy Czesi zasiadaj\u0105, gdy pojawi si\u0119 pierwsza gwiazda. Poznaj tradycje \u015bwi\u0105teczne w Czechach.\",\"breadcrumb\":{\"@id\":\"https:\\\/\\\/iczechy.pl\\\/index.php\\\/2025\\\/12\\\/20\\\/tradycje-swiateczne-w-czechach\\\/#breadcrumb\"},\"inLanguage\":\"pl-PL\",\"potentialAction\":[{\"@type\":\"ReadAction\",\"target\":[\"https:\\\/\\\/iczechy.pl\\\/index.php\\\/2025\\\/12\\\/20\\\/tradycje-swiateczne-w-czechach\\\/\"]}]},{\"@type\":\"ImageObject\",\"inLanguage\":\"pl-PL\",\"@id\":\"https:\\\/\\\/iczechy.pl\\\/index.php\\\/2025\\\/12\\\/20\\\/tradycje-swiateczne-w-czechach\\\/#primaryimage\",\"url\":\"https:\\\/\\\/iczechy.pl\\\/wp-content\\\/uploads\\\/2021\\\/12\\\/Ciasteczka-swiateczne.-Fot.-Madeleine-Steinbach_shutterstock.jpg\",\"contentUrl\":\"https:\\\/\\\/iczechy.pl\\\/wp-content\\\/uploads\\\/2021\\\/12\\\/Ciasteczka-swiateczne.-Fot.-Madeleine-Steinbach_shutterstock.jpg\",\"width\":1080,\"height\":720,\"caption\":\"Tradycje \u015bwi\u0105teczne w Czechach\"},{\"@type\":\"BreadcrumbList\",\"@id\":\"https:\\\/\\\/iczechy.pl\\\/index.php\\\/2025\\\/12\\\/20\\\/tradycje-swiateczne-w-czechach\\\/#breadcrumb\",\"itemListElement\":[{\"@type\":\"ListItem\",\"position\":1,\"name\":\"Strona g\u0142\u00f3wna\",\"item\":\"https:\\\/\\\/iczechy.pl\\\/\"},{\"@type\":\"ListItem\",\"position\":2,\"name\":\"Tradycje \u015bwi\u0105teczne w Czechach\"}]},{\"@type\":\"WebSite\",\"@id\":\"https:\\\/\\\/iczechy.pl\\\/#website\",\"url\":\"https:\\\/\\\/iczechy.pl\\\/\",\"name\":\"iCzechy.pl\",\"description\":\"i wiesz wi\u0119cej\",\"publisher\":{\"@id\":\"https:\\\/\\\/iczechy.pl\\\/#organization\"},\"potentialAction\":[{\"@type\":\"SearchAction\",\"target\":{\"@type\":\"EntryPoint\",\"urlTemplate\":\"https:\\\/\\\/iczechy.pl\\\/?s={search_term_string}\"},\"query-input\":{\"@type\":\"PropertyValueSpecification\",\"valueRequired\":true,\"valueName\":\"search_term_string\"}}],\"inLanguage\":\"pl-PL\"},{\"@type\":\"Organization\",\"@id\":\"https:\\\/\\\/iczechy.pl\\\/#organization\",\"name\":\"iCzechy.pl\",\"url\":\"https:\\\/\\\/iczechy.pl\\\/\",\"logo\":{\"@type\":\"ImageObject\",\"inLanguage\":\"pl-PL\",\"@id\":\"https:\\\/\\\/iczechy.pl\\\/#\\\/schema\\\/logo\\\/image\\\/\",\"url\":\"https:\\\/\\\/iczechy.pl\\\/wp-content\\\/uploads\\\/2020\\\/06\\\/iCzechy-2-300dpi-...i-wiesz-wiecej.png\",\"contentUrl\":\"https:\\\/\\\/iczechy.pl\\\/wp-content\\\/uploads\\\/2020\\\/06\\\/iCzechy-2-300dpi-...i-wiesz-wiecej.png\",\"width\":1280,\"height\":294,\"caption\":\"iCzechy.pl\"},\"image\":{\"@id\":\"https:\\\/\\\/iczechy.pl\\\/#\\\/schema\\\/logo\\\/image\\\/\"},\"sameAs\":[\"https:\\\/\\\/x.com\\\/iCzechy_pl\"]},{\"@type\":\"Person\",\"@id\":\"https:\\\/\\\/iczechy.pl\\\/#\\\/schema\\\/person\\\/5b7f56b637b26b9409bc4574ea821c9a\",\"name\":\"Przemys\u0142aw Podola\u0144ski\",\"image\":{\"@type\":\"ImageObject\",\"inLanguage\":\"pl-PL\",\"@id\":\"https:\\\/\\\/secure.gravatar.com\\\/avatar\\\/6951ad7ad13313601602eb3f0fac4d73d0a39ab2d9d7be31170e5e06e9898aa7?s=96&d=mm&r=g\",\"url\":\"https:\\\/\\\/secure.gravatar.com\\\/avatar\\\/6951ad7ad13313601602eb3f0fac4d73d0a39ab2d9d7be31170e5e06e9898aa7?s=96&d=mm&r=g\",\"contentUrl\":\"https:\\\/\\\/secure.gravatar.com\\\/avatar\\\/6951ad7ad13313601602eb3f0fac4d73d0a39ab2d9d7be31170e5e06e9898aa7?s=96&d=mm&r=g\",\"caption\":\"Przemys\u0142aw Podola\u0144ski\"},\"url\":\"https:\\\/\\\/iczechy.pl\\\/index.php\\\/author\\\/admin-2\\\/\"}]}<\/script>\n<!-- \/ Yoast SEO plugin. -->","yoast_head_json":{"title":"Tradycje \u015bwi\u0105teczne w Czechach &#187; iCzechy.pl","description":"W Wigili\u0119 obowi\u0105zuje \u015bcis\u0142y post. Do wieczerzy Czesi zasiadaj\u0105, gdy pojawi si\u0119 pierwsza gwiazda. Poznaj tradycje \u015bwi\u0105teczne w Czechach.","robots":{"index":"index","follow":"follow","max-snippet":"max-snippet:-1","max-image-preview":"max-image-preview:large","max-video-preview":"max-video-preview:-1"},"canonical":"https:\/\/iczechy.pl\/index.php\/2025\/12\/20\/tradycje-swiateczne-w-czechach\/","og_locale":"pl_PL","og_type":"article","og_title":"Tradycje \u015bwi\u0105teczne w Czechach &#187; iCzechy.pl","og_description":"W Wigili\u0119 obowi\u0105zuje \u015bcis\u0142y post. Do wieczerzy Czesi zasiadaj\u0105, gdy pojawi si\u0119 pierwsza gwiazda. Poznaj tradycje \u015bwi\u0105teczne w Czechach.","og_url":"https:\/\/iczechy.pl\/index.php\/2025\/12\/20\/tradycje-swiateczne-w-czechach\/","og_site_name":"iCzechy.pl","article_published_time":"2025-12-20T05:12:28+00:00","article_modified_time":"2026-01-11T12:52:08+00:00","og_image":[{"width":1080,"height":720,"url":"https:\/\/iczechy.pl\/wp-content\/uploads\/2021\/12\/Ciasteczka-swiateczne.-Fot.-Madeleine-Steinbach_shutterstock.jpg","type":"image\/jpeg"}],"author":"Przemys\u0142aw Podola\u0144ski","twitter_card":"summary_large_image","twitter_creator":"@iCzechy_pl","twitter_site":"@iCzechy_pl","twitter_misc":{"Napisane przez":"Przemys\u0142aw Podola\u0144ski","Szacowany czas czytania":"5 minut"},"schema":{"@context":"https:\/\/schema.org","@graph":[{"@type":"Article","@id":"https:\/\/iczechy.pl\/index.php\/2025\/12\/20\/tradycje-swiateczne-w-czechach\/#article","isPartOf":{"@id":"https:\/\/iczechy.pl\/index.php\/2025\/12\/20\/tradycje-swiateczne-w-czechach\/"},"author":{"name":"Przemys\u0142aw Podola\u0144ski","@id":"https:\/\/iczechy.pl\/#\/schema\/person\/5b7f56b637b26b9409bc4574ea821c9a"},"headline":"Tradycje \u015bwi\u0105teczne w Czechach","datePublished":"2025-12-20T05:12:28+00:00","dateModified":"2026-01-11T12:52:08+00:00","mainEntityOfPage":{"@id":"https:\/\/iczechy.pl\/index.php\/2025\/12\/20\/tradycje-swiateczne-w-czechach\/"},"wordCount":807,"publisher":{"@id":"https:\/\/iczechy.pl\/#organization"},"image":{"@id":"https:\/\/iczechy.pl\/index.php\/2025\/12\/20\/tradycje-swiateczne-w-czechach\/#primaryimage"},"thumbnailUrl":"https:\/\/iczechy.pl\/wp-content\/uploads\/2021\/12\/Ciasteczka-swiateczne.-Fot.-Madeleine-Steinbach_shutterstock.jpg","articleSection":["+Plus","+Wszystkie materia\u0142y","Kultura kulinarna i napoje","Potrawy","Tradycje i zwyczaje"],"inLanguage":"pl-PL"},{"@type":"WebPage","@id":"https:\/\/iczechy.pl\/index.php\/2025\/12\/20\/tradycje-swiateczne-w-czechach\/","url":"https:\/\/iczechy.pl\/index.php\/2025\/12\/20\/tradycje-swiateczne-w-czechach\/","name":"Tradycje \u015bwi\u0105teczne w Czechach &#187; iCzechy.pl","isPartOf":{"@id":"https:\/\/iczechy.pl\/#website"},"primaryImageOfPage":{"@id":"https:\/\/iczechy.pl\/index.php\/2025\/12\/20\/tradycje-swiateczne-w-czechach\/#primaryimage"},"image":{"@id":"https:\/\/iczechy.pl\/index.php\/2025\/12\/20\/tradycje-swiateczne-w-czechach\/#primaryimage"},"thumbnailUrl":"https:\/\/iczechy.pl\/wp-content\/uploads\/2021\/12\/Ciasteczka-swiateczne.-Fot.-Madeleine-Steinbach_shutterstock.jpg","datePublished":"2025-12-20T05:12:28+00:00","dateModified":"2026-01-11T12:52:08+00:00","description":"W Wigili\u0119 obowi\u0105zuje \u015bcis\u0142y post. Do wieczerzy Czesi zasiadaj\u0105, gdy pojawi si\u0119 pierwsza gwiazda. Poznaj tradycje \u015bwi\u0105teczne w Czechach.","breadcrumb":{"@id":"https:\/\/iczechy.pl\/index.php\/2025\/12\/20\/tradycje-swiateczne-w-czechach\/#breadcrumb"},"inLanguage":"pl-PL","potentialAction":[{"@type":"ReadAction","target":["https:\/\/iczechy.pl\/index.php\/2025\/12\/20\/tradycje-swiateczne-w-czechach\/"]}]},{"@type":"ImageObject","inLanguage":"pl-PL","@id":"https:\/\/iczechy.pl\/index.php\/2025\/12\/20\/tradycje-swiateczne-w-czechach\/#primaryimage","url":"https:\/\/iczechy.pl\/wp-content\/uploads\/2021\/12\/Ciasteczka-swiateczne.-Fot.-Madeleine-Steinbach_shutterstock.jpg","contentUrl":"https:\/\/iczechy.pl\/wp-content\/uploads\/2021\/12\/Ciasteczka-swiateczne.-Fot.-Madeleine-Steinbach_shutterstock.jpg","width":1080,"height":720,"caption":"Tradycje \u015bwi\u0105teczne w Czechach"},{"@type":"BreadcrumbList","@id":"https:\/\/iczechy.pl\/index.php\/2025\/12\/20\/tradycje-swiateczne-w-czechach\/#breadcrumb","itemListElement":[{"@type":"ListItem","position":1,"name":"Strona g\u0142\u00f3wna","item":"https:\/\/iczechy.pl\/"},{"@type":"ListItem","position":2,"name":"Tradycje \u015bwi\u0105teczne w Czechach"}]},{"@type":"WebSite","@id":"https:\/\/iczechy.pl\/#website","url":"https:\/\/iczechy.pl\/","name":"iCzechy.pl","description":"i wiesz wi\u0119cej","publisher":{"@id":"https:\/\/iczechy.pl\/#organization"},"potentialAction":[{"@type":"SearchAction","target":{"@type":"EntryPoint","urlTemplate":"https:\/\/iczechy.pl\/?s={search_term_string}"},"query-input":{"@type":"PropertyValueSpecification","valueRequired":true,"valueName":"search_term_string"}}],"inLanguage":"pl-PL"},{"@type":"Organization","@id":"https:\/\/iczechy.pl\/#organization","name":"iCzechy.pl","url":"https:\/\/iczechy.pl\/","logo":{"@type":"ImageObject","inLanguage":"pl-PL","@id":"https:\/\/iczechy.pl\/#\/schema\/logo\/image\/","url":"https:\/\/iczechy.pl\/wp-content\/uploads\/2020\/06\/iCzechy-2-300dpi-...i-wiesz-wiecej.png","contentUrl":"https:\/\/iczechy.pl\/wp-content\/uploads\/2020\/06\/iCzechy-2-300dpi-...i-wiesz-wiecej.png","width":1280,"height":294,"caption":"iCzechy.pl"},"image":{"@id":"https:\/\/iczechy.pl\/#\/schema\/logo\/image\/"},"sameAs":["https:\/\/x.com\/iCzechy_pl"]},{"@type":"Person","@id":"https:\/\/iczechy.pl\/#\/schema\/person\/5b7f56b637b26b9409bc4574ea821c9a","name":"Przemys\u0142aw Podola\u0144ski","image":{"@type":"ImageObject","inLanguage":"pl-PL","@id":"https:\/\/secure.gravatar.com\/avatar\/6951ad7ad13313601602eb3f0fac4d73d0a39ab2d9d7be31170e5e06e9898aa7?s=96&d=mm&r=g","url":"https:\/\/secure.gravatar.com\/avatar\/6951ad7ad13313601602eb3f0fac4d73d0a39ab2d9d7be31170e5e06e9898aa7?s=96&d=mm&r=g","contentUrl":"https:\/\/secure.gravatar.com\/avatar\/6951ad7ad13313601602eb3f0fac4d73d0a39ab2d9d7be31170e5e06e9898aa7?s=96&d=mm&r=g","caption":"Przemys\u0142aw Podola\u0144ski"},"url":"https:\/\/iczechy.pl\/index.php\/author\/admin-2\/"}]}},"_links":{"self":[{"href":"https:\/\/iczechy.pl\/index.php\/wp-json\/wp\/v2\/posts\/9352","targetHints":{"allow":["GET"]}}],"collection":[{"href":"https:\/\/iczechy.pl\/index.php\/wp-json\/wp\/v2\/posts"}],"about":[{"href":"https:\/\/iczechy.pl\/index.php\/wp-json\/wp\/v2\/types\/post"}],"author":[{"embeddable":true,"href":"https:\/\/iczechy.pl\/index.php\/wp-json\/wp\/v2\/users\/7"}],"replies":[{"embeddable":true,"href":"https:\/\/iczechy.pl\/index.php\/wp-json\/wp\/v2\/comments?post=9352"}],"version-history":[{"count":5,"href":"https:\/\/iczechy.pl\/index.php\/wp-json\/wp\/v2\/posts\/9352\/revisions"}],"predecessor-version":[{"id":11603,"href":"https:\/\/iczechy.pl\/index.php\/wp-json\/wp\/v2\/posts\/9352\/revisions\/11603"}],"wp:featuredmedia":[{"embeddable":true,"href":"https:\/\/iczechy.pl\/index.php\/wp-json\/wp\/v2\/media\/9355"}],"wp:attachment":[{"href":"https:\/\/iczechy.pl\/index.php\/wp-json\/wp\/v2\/media?parent=9352"}],"wp:term":[{"taxonomy":"category","embeddable":true,"href":"https:\/\/iczechy.pl\/index.php\/wp-json\/wp\/v2\/categories?post=9352"},{"taxonomy":"post_tag","embeddable":true,"href":"https:\/\/iczechy.pl\/index.php\/wp-json\/wp\/v2\/tags?post=9352"}],"curies":[{"name":"wp","href":"https:\/\/api.w.org\/{rel}","templated":true}]}}