{"id":9020,"date":"2021-08-19T10:16:49","date_gmt":"2021-08-19T08:16:49","guid":{"rendered":"https:\/\/iczechy.pl\/?p=9020"},"modified":"2021-08-19T10:18:13","modified_gmt":"2021-08-19T08:18:13","slug":"lasy-bukowe-gor-izerskich-na-liscie-unesco","status":"publish","type":"post","link":"https:\/\/iczechy.pl\/index.php\/2021\/08\/19\/lasy-bukowe-gor-izerskich-na-liscie-unesco\/","title":{"rendered":"Lasy bukowe G\u00f3r Izerskich na li\u015bcie UNESCO"},"content":{"rendered":"<p><strong>Lasy bukowe G\u00f3r Izerskich zosta\u0142y w lipcu wpisane na list\u0119 \u015bwiatowego dziedzictwa przyrodniczego i kulturowego UNESCO. &nbsp;<\/strong><\/p>\n<p>Lasy te zajmuj\u0105 powierzchni\u0119 oko\u0142o 27 kilometr\u00f3w kwadratowych na p\u00f3\u0142nocnych zboczach G\u00f3r Izerskich. Narodowy rezerwat przyrody Buczyny <a href=\"https:\/\/www.visitczechrepublic.com\/pl-PL\/Things-to-Do\/Places\/Summer-Sports\/Hiking-and-Nordic-Walking\/s-jizerske-hory-walk\">G\u00f3r Izerskich<\/a> jest nie tylko najwi\u0119kszym obszarem chronionym w G\u00f3rach Izerskich, ale nale\u017cy tak\u017ce do najwi\u0119kszych narodowych rezerwat\u00f3w przyrody w Czechach. Powsta\u0142 w 1999 roku z po\u0142\u0105czenia siedmiu obszar\u00f3w chronionych \u0160pi\u010d\u00e1k, Str\u017eov\u00fd vrch, Poledn\u00edk, \u0160tolpichy, Fr\u00fddlantsk\u00e9 cimbu\u0159\u00ed, Pali\u010dn\u00edk i Ti\u0161ina. Opr\u00f3cz buk\u00f3w wyst\u0119puj\u0105 tu tak\u017ce inne unikatowe drzewa, takie jak klon, jod\u0142a bia\u0142a, wi\u0105z g\u00f3rski, jesion, d\u0105b ozimy, lipa sercowata i wielkolistna i klon mleczny. Na szlaku turystycznym wiod\u0105cym przez rezerwat mo\u017cna zobaczy\u0107 tak\u017ce wiele ciekawych formacji skalnych.<\/p>\n<style type=\"text\/css\">\n#foogallery-gallery-9021 .fg-image { width: 150px; }\n#foogallery-gallery-9021 { --fg-gutter: 10px; }<\/style>\n\t\t\t<div class=\"foogallery foogallery-container foogallery-default foogallery-lightbox-none fg-center fg-default fg-ready fg-light fg-border-thin fg-shadow-outline fg-loading-default fg-loaded-fade-in fg-caption-hover fg-hover-fade fg-hover-zoom\" id=\"foogallery-gallery-9021\" data-foogallery=\"{&quot;item&quot;:{&quot;showCaptionTitle&quot;:true,&quot;showCaptionDescription&quot;:true},&quot;lazy&quot;:true}\" style=\"--fg-title-line-clamp: 0; --fg-description-line-clamp: 0;\" >\n\t<div class=\"fg-item fg-type-image fg-idle\"><figure class=\"fg-item-inner\"><a href=\"https:\/\/iczechy.pl\/wp-content\/uploads\/2021\/08\/Gory-Izerskie-lasy-bukowe-2.-Fot.-KzN.jpg\" data-caption-desc=\"Fot. Kudy z nudy\" data-attachment-id=\"9016\" data-type=\"image\" class=\"fg-thumb\"><span class=\"fg-image-wrap\"><img decoding=\"async\" width=\"150\" height=\"150\" class=\"skip-lazy fg-image\" data-src-fg=\"https:\/\/iczechy.pl\/wp-content\/uploads\/cache\/2021\/08\/Gory-Izerskie-lasy-bukowe-2_-Fot_-KzN\/3138091279.jpg\" src=\"data:image\/svg+xml,%3Csvg%20xmlns%3D%22http%3A%2F%2Fwww.w3.org%2F2000%2Fsvg%22%20width%3D%22150%22%20height%3D%22150%22%20viewBox%3D%220%200%20150%20150%22%3E%3C%2Fsvg%3E\" loading=\"eager\"><\/span><span class=\"fg-image-overlay\"><\/span><\/a><figcaption class=\"fg-caption\"><div class=\"fg-caption-inner\"><div class=\"fg-caption-desc\">Fot. Kudy z nudy<\/div><\/div><\/figcaption><\/figure><div class=\"fg-loader\"><\/div><\/div><div class=\"fg-item fg-type-image fg-idle\"><figure class=\"fg-item-inner\"><a href=\"https:\/\/iczechy.pl\/wp-content\/uploads\/2021\/08\/Gory-Izerskie.-Fot.-shutterstock_1561599847-1-min-scaled.jpg\" data-caption-desc=\"Fot. Shutterstock_1561599847\" data-attachment-id=\"9017\" data-type=\"image\" class=\"fg-thumb\"><span class=\"fg-image-wrap\"><img decoding=\"async\" width=\"150\" height=\"150\" class=\"skip-lazy fg-image\" data-src-fg=\"https:\/\/iczechy.pl\/wp-content\/uploads\/cache\/2021\/08\/Gory-Izerskie_-Fot_-shutterstock_1561599847-1-min-scaled\/4078823675.jpg\" src=\"data:image\/svg+xml,%3Csvg%20xmlns%3D%22http%3A%2F%2Fwww.w3.org%2F2000%2Fsvg%22%20width%3D%22150%22%20height%3D%22150%22%20viewBox%3D%220%200%20150%20150%22%3E%3C%2Fsvg%3E\" loading=\"eager\"><\/span><span class=\"fg-image-overlay\"><\/span><\/a><figcaption class=\"fg-caption\"><div class=\"fg-caption-inner\"><div class=\"fg-caption-desc\">Fot. Shutterstock_1561599847<\/div><\/div><\/figcaption><\/figure><div class=\"fg-loader\"><\/div><\/div><div class=\"fg-item fg-type-image fg-idle\"><figure class=\"fg-item-inner\"><a href=\"https:\/\/iczechy.pl\/wp-content\/uploads\/2021\/08\/Gory-Izerskie.-Fot.-shutterstock_1998441065-1-min-scaled.jpg\" data-caption-desc=\"Fot. Shutterstock_1998441065\" data-attachment-id=\"9018\" data-type=\"image\" class=\"fg-thumb\"><span class=\"fg-image-wrap\"><img decoding=\"async\" width=\"150\" height=\"150\" class=\"skip-lazy fg-image\" data-src-fg=\"https:\/\/iczechy.pl\/wp-content\/uploads\/cache\/2021\/08\/Gory-Izerskie_-Fot_-shutterstock_1998441065-1-min-scaled\/906709163.jpg\" src=\"data:image\/svg+xml,%3Csvg%20xmlns%3D%22http%3A%2F%2Fwww.w3.org%2F2000%2Fsvg%22%20width%3D%22150%22%20height%3D%22150%22%20viewBox%3D%220%200%20150%20150%22%3E%3C%2Fsvg%3E\" loading=\"eager\"><\/span><span class=\"fg-image-overlay\"><\/span><\/a><figcaption class=\"fg-caption\"><div class=\"fg-caption-inner\"><div class=\"fg-caption-desc\">Fot. Shutterstock_1998441065<\/div><\/div><\/figcaption><\/figure><div class=\"fg-loader\"><\/div><\/div><div class=\"fg-item fg-type-image fg-idle\"><figure class=\"fg-item-inner\"><a href=\"https:\/\/iczechy.pl\/wp-content\/uploads\/2021\/08\/Gory-Jizerskie.-fot.-Milan-Drahonovsky-min-scaled.jpg\" data-caption-desc=\"Fot. Milan Draho\u0148ovsk\u00fd\" data-attachment-id=\"9019\" data-type=\"image\" class=\"fg-thumb\"><span class=\"fg-image-wrap\"><img decoding=\"async\" width=\"150\" height=\"150\" class=\"skip-lazy fg-image\" data-src-fg=\"https:\/\/iczechy.pl\/wp-content\/uploads\/cache\/2021\/08\/Gory-Jizerskie_-fot_-Milan-Drahonovsky-min-scaled\/2103816124.jpg\" src=\"data:image\/svg+xml,%3Csvg%20xmlns%3D%22http%3A%2F%2Fwww.w3.org%2F2000%2Fsvg%22%20width%3D%22150%22%20height%3D%22150%22%20viewBox%3D%220%200%20150%20150%22%3E%3C%2Fsvg%3E\" loading=\"eager\"><\/span><span class=\"fg-image-overlay\"><\/span><\/a><figcaption class=\"fg-caption\"><div class=\"fg-caption-inner\"><div class=\"fg-caption-desc\">Fot. Milan Draho\u0148ovsk\u00fd<\/div><\/div><\/figcaption><\/figure><div class=\"fg-loader\"><\/div><\/div><\/div>\n\n","protected":false},"excerpt":{"rendered":"<p>Lasy bukowe G\u00f3r Izerskich zosta\u0142y w lipcu wpisane na list\u0119 \u015bwiatowego dziedzictwa przyrodniczego i kulturowego UNESCO. &nbsp; Lasy te zajmuj\u0105 powierzchni\u0119 oko\u0142o 27 kilometr\u00f3w kwadratowych na p\u00f3\u0142nocnych zboczach G\u00f3r Izerskich. Narodowy rezerwat przyrody Buczyny G\u00f3r Izerskich jest nie tylko najwi\u0119kszym&#8230;<\/p>\n","protected":false},"author":7,"featured_media":9019,"comment_status":"closed","ping_status":"open","sticky":false,"template":"","format":"standard","meta":{"om_disable_all_campaigns":false,"_monsterinsights_skip_tracking":false,"_monsterinsights_sitenote_active":false,"_monsterinsights_sitenote_note":"","_monsterinsights_sitenote_category":0,"ngg_post_thumbnail":0,"two_page_speed":[],"footnotes":""},"categories":[2,219,260],"tags":[],"class_list":["post-9020","post","type-post","status-publish","format-standard","has-post-thumbnail","hentry","category-plus","category-wszystkie-materialy","category-turystyka"],"yoast_head":"<!-- This site is optimized with the Yoast SEO plugin v27.5 - https:\/\/yoast.com\/product\/yoast-seo-wordpress\/ -->\n<title>Lasy bukowe G\u00f3r Izerskich na li\u015bcie UNESCO &#187; iCzechy.pl<\/title>\n<meta name=\"robots\" content=\"index, follow, max-snippet:-1, max-image-preview:large, max-video-preview:-1\" \/>\n<link rel=\"canonical\" href=\"https:\/\/iczechy.pl\/index.php\/2021\/08\/19\/lasy-bukowe-gor-izerskich-na-liscie-unesco\/\" \/>\n<meta property=\"og:locale\" content=\"pl_PL\" \/>\n<meta property=\"og:type\" content=\"article\" \/>\n<meta property=\"og:title\" content=\"Lasy bukowe G\u00f3r Izerskich na li\u015bcie UNESCO &#187; iCzechy.pl\" \/>\n<meta property=\"og:description\" content=\"Lasy bukowe G\u00f3r Izerskich zosta\u0142y w lipcu wpisane na list\u0119 \u015bwiatowego dziedzictwa przyrodniczego i kulturowego UNESCO. &nbsp; Lasy te zajmuj\u0105 powierzchni\u0119 oko\u0142o 27 kilometr\u00f3w kwadratowych na p\u00f3\u0142nocnych zboczach G\u00f3r Izerskich. Narodowy rezerwat przyrody Buczyny G\u00f3r Izerskich jest nie tylko najwi\u0119kszym...\" \/>\n<meta property=\"og:url\" content=\"https:\/\/iczechy.pl\/index.php\/2021\/08\/19\/lasy-bukowe-gor-izerskich-na-liscie-unesco\/\" \/>\n<meta property=\"og:site_name\" content=\"iCzechy.pl\" \/>\n<meta property=\"article:published_time\" content=\"2021-08-19T08:16:49+00:00\" \/>\n<meta property=\"article:modified_time\" content=\"2021-08-19T08:18:13+00:00\" \/>\n<meta property=\"og:image\" content=\"https:\/\/iczechy.pl\/wp-content\/uploads\/2021\/08\/Gory-Jizerskie.-fot.-Milan-Drahonovsky-min-scaled.jpg\" \/>\n\t<meta property=\"og:image:width\" content=\"1080\" \/>\n\t<meta property=\"og:image:height\" content=\"720\" \/>\n\t<meta property=\"og:image:type\" content=\"image\/jpeg\" \/>\n<meta name=\"author\" content=\"Przemys\u0142aw Podola\u0144ski\" \/>\n<meta name=\"twitter:card\" content=\"summary_large_image\" \/>\n<meta name=\"twitter:creator\" content=\"@iCzechy_pl\" \/>\n<meta name=\"twitter:site\" content=\"@iCzechy_pl\" \/>\n<meta name=\"twitter:label1\" content=\"Napisane przez\" \/>\n\t<meta name=\"twitter:data1\" content=\"Przemys\u0142aw Podola\u0144ski\" \/>\n\t<meta name=\"twitter:label2\" content=\"Szacowany czas czytania\" \/>\n\t<meta name=\"twitter:data2\" content=\"1 minuta\" \/>\n<script type=\"application\/ld+json\" class=\"yoast-schema-graph\">{\"@context\":\"https:\\\/\\\/schema.org\",\"@graph\":[{\"@type\":\"Article\",\"@id\":\"https:\\\/\\\/iczechy.pl\\\/index.php\\\/2021\\\/08\\\/19\\\/lasy-bukowe-gor-izerskich-na-liscie-unesco\\\/#article\",\"isPartOf\":{\"@id\":\"https:\\\/\\\/iczechy.pl\\\/index.php\\\/2021\\\/08\\\/19\\\/lasy-bukowe-gor-izerskich-na-liscie-unesco\\\/\"},\"author\":{\"name\":\"Przemys\u0142aw Podola\u0144ski\",\"@id\":\"https:\\\/\\\/iczechy.pl\\\/#\\\/schema\\\/person\\\/5b7f56b637b26b9409bc4574ea821c9a\"},\"headline\":\"Lasy bukowe G\u00f3r Izerskich na li\u015bcie UNESCO\",\"datePublished\":\"2021-08-19T08:16:49+00:00\",\"dateModified\":\"2021-08-19T08:18:13+00:00\",\"mainEntityOfPage\":{\"@id\":\"https:\\\/\\\/iczechy.pl\\\/index.php\\\/2021\\\/08\\\/19\\\/lasy-bukowe-gor-izerskich-na-liscie-unesco\\\/\"},\"wordCount\":155,\"publisher\":{\"@id\":\"https:\\\/\\\/iczechy.pl\\\/#organization\"},\"image\":{\"@id\":\"https:\\\/\\\/iczechy.pl\\\/index.php\\\/2021\\\/08\\\/19\\\/lasy-bukowe-gor-izerskich-na-liscie-unesco\\\/#primaryimage\"},\"thumbnailUrl\":\"https:\\\/\\\/iczechy.pl\\\/wp-content\\\/uploads\\\/2021\\\/08\\\/Gory-Jizerskie.-fot.-Milan-Drahonovsky-min-scaled.jpg\",\"articleSection\":[\"+Plus\",\"+Wszystkie materia\u0142y\",\"Turystyka\"],\"inLanguage\":\"pl-PL\"},{\"@type\":\"WebPage\",\"@id\":\"https:\\\/\\\/iczechy.pl\\\/index.php\\\/2021\\\/08\\\/19\\\/lasy-bukowe-gor-izerskich-na-liscie-unesco\\\/\",\"url\":\"https:\\\/\\\/iczechy.pl\\\/index.php\\\/2021\\\/08\\\/19\\\/lasy-bukowe-gor-izerskich-na-liscie-unesco\\\/\",\"name\":\"Lasy bukowe G\u00f3r Izerskich na li\u015bcie UNESCO &#187; iCzechy.pl\",\"isPartOf\":{\"@id\":\"https:\\\/\\\/iczechy.pl\\\/#website\"},\"primaryImageOfPage\":{\"@id\":\"https:\\\/\\\/iczechy.pl\\\/index.php\\\/2021\\\/08\\\/19\\\/lasy-bukowe-gor-izerskich-na-liscie-unesco\\\/#primaryimage\"},\"image\":{\"@id\":\"https:\\\/\\\/iczechy.pl\\\/index.php\\\/2021\\\/08\\\/19\\\/lasy-bukowe-gor-izerskich-na-liscie-unesco\\\/#primaryimage\"},\"thumbnailUrl\":\"https:\\\/\\\/iczechy.pl\\\/wp-content\\\/uploads\\\/2021\\\/08\\\/Gory-Jizerskie.-fot.-Milan-Drahonovsky-min-scaled.jpg\",\"datePublished\":\"2021-08-19T08:16:49+00:00\",\"dateModified\":\"2021-08-19T08:18:13+00:00\",\"breadcrumb\":{\"@id\":\"https:\\\/\\\/iczechy.pl\\\/index.php\\\/2021\\\/08\\\/19\\\/lasy-bukowe-gor-izerskich-na-liscie-unesco\\\/#breadcrumb\"},\"inLanguage\":\"pl-PL\",\"potentialAction\":[{\"@type\":\"ReadAction\",\"target\":[\"https:\\\/\\\/iczechy.pl\\\/index.php\\\/2021\\\/08\\\/19\\\/lasy-bukowe-gor-izerskich-na-liscie-unesco\\\/\"]}]},{\"@type\":\"ImageObject\",\"inLanguage\":\"pl-PL\",\"@id\":\"https:\\\/\\\/iczechy.pl\\\/index.php\\\/2021\\\/08\\\/19\\\/lasy-bukowe-gor-izerskich-na-liscie-unesco\\\/#primaryimage\",\"url\":\"https:\\\/\\\/iczechy.pl\\\/wp-content\\\/uploads\\\/2021\\\/08\\\/Gory-Jizerskie.-fot.-Milan-Drahonovsky-min-scaled.jpg\",\"contentUrl\":\"https:\\\/\\\/iczechy.pl\\\/wp-content\\\/uploads\\\/2021\\\/08\\\/Gory-Jizerskie.-fot.-Milan-Drahonovsky-min-scaled.jpg\",\"width\":1080,\"height\":720},{\"@type\":\"BreadcrumbList\",\"@id\":\"https:\\\/\\\/iczechy.pl\\\/index.php\\\/2021\\\/08\\\/19\\\/lasy-bukowe-gor-izerskich-na-liscie-unesco\\\/#breadcrumb\",\"itemListElement\":[{\"@type\":\"ListItem\",\"position\":1,\"name\":\"Strona g\u0142\u00f3wna\",\"item\":\"https:\\\/\\\/iczechy.pl\\\/\"},{\"@type\":\"ListItem\",\"position\":2,\"name\":\"Lasy bukowe G\u00f3r Izerskich na li\u015bcie UNESCO\"}]},{\"@type\":\"WebSite\",\"@id\":\"https:\\\/\\\/iczechy.pl\\\/#website\",\"url\":\"https:\\\/\\\/iczechy.pl\\\/\",\"name\":\"iCzechy.pl\",\"description\":\"i wiesz wi\u0119cej\",\"publisher\":{\"@id\":\"https:\\\/\\\/iczechy.pl\\\/#organization\"},\"potentialAction\":[{\"@type\":\"SearchAction\",\"target\":{\"@type\":\"EntryPoint\",\"urlTemplate\":\"https:\\\/\\\/iczechy.pl\\\/?s={search_term_string}\"},\"query-input\":{\"@type\":\"PropertyValueSpecification\",\"valueRequired\":true,\"valueName\":\"search_term_string\"}}],\"inLanguage\":\"pl-PL\"},{\"@type\":\"Organization\",\"@id\":\"https:\\\/\\\/iczechy.pl\\\/#organization\",\"name\":\"iCzechy.pl\",\"url\":\"https:\\\/\\\/iczechy.pl\\\/\",\"logo\":{\"@type\":\"ImageObject\",\"inLanguage\":\"pl-PL\",\"@id\":\"https:\\\/\\\/iczechy.pl\\\/#\\\/schema\\\/logo\\\/image\\\/\",\"url\":\"https:\\\/\\\/iczechy.pl\\\/wp-content\\\/uploads\\\/2020\\\/06\\\/iCzechy-2-300dpi-...i-wiesz-wiecej.png\",\"contentUrl\":\"https:\\\/\\\/iczechy.pl\\\/wp-content\\\/uploads\\\/2020\\\/06\\\/iCzechy-2-300dpi-...i-wiesz-wiecej.png\",\"width\":1280,\"height\":294,\"caption\":\"iCzechy.pl\"},\"image\":{\"@id\":\"https:\\\/\\\/iczechy.pl\\\/#\\\/schema\\\/logo\\\/image\\\/\"},\"sameAs\":[\"https:\\\/\\\/x.com\\\/iCzechy_pl\"]},{\"@type\":\"Person\",\"@id\":\"https:\\\/\\\/iczechy.pl\\\/#\\\/schema\\\/person\\\/5b7f56b637b26b9409bc4574ea821c9a\",\"name\":\"Przemys\u0142aw Podola\u0144ski\",\"image\":{\"@type\":\"ImageObject\",\"inLanguage\":\"pl-PL\",\"@id\":\"https:\\\/\\\/secure.gravatar.com\\\/avatar\\\/6951ad7ad13313601602eb3f0fac4d73d0a39ab2d9d7be31170e5e06e9898aa7?s=96&d=mm&r=g\",\"url\":\"https:\\\/\\\/secure.gravatar.com\\\/avatar\\\/6951ad7ad13313601602eb3f0fac4d73d0a39ab2d9d7be31170e5e06e9898aa7?s=96&d=mm&r=g\",\"contentUrl\":\"https:\\\/\\\/secure.gravatar.com\\\/avatar\\\/6951ad7ad13313601602eb3f0fac4d73d0a39ab2d9d7be31170e5e06e9898aa7?s=96&d=mm&r=g\",\"caption\":\"Przemys\u0142aw Podola\u0144ski\"},\"url\":\"https:\\\/\\\/iczechy.pl\\\/index.php\\\/author\\\/admin-2\\\/\"}]}<\/script>\n<!-- \/ Yoast SEO plugin. -->","yoast_head_json":{"title":"Lasy bukowe G\u00f3r Izerskich na li\u015bcie UNESCO &#187; iCzechy.pl","robots":{"index":"index","follow":"follow","max-snippet":"max-snippet:-1","max-image-preview":"max-image-preview:large","max-video-preview":"max-video-preview:-1"},"canonical":"https:\/\/iczechy.pl\/index.php\/2021\/08\/19\/lasy-bukowe-gor-izerskich-na-liscie-unesco\/","og_locale":"pl_PL","og_type":"article","og_title":"Lasy bukowe G\u00f3r Izerskich na li\u015bcie UNESCO &#187; iCzechy.pl","og_description":"Lasy bukowe G\u00f3r Izerskich zosta\u0142y w lipcu wpisane na list\u0119 \u015bwiatowego dziedzictwa przyrodniczego i kulturowego UNESCO. &nbsp; Lasy te zajmuj\u0105 powierzchni\u0119 oko\u0142o 27 kilometr\u00f3w kwadratowych na p\u00f3\u0142nocnych zboczach G\u00f3r Izerskich. Narodowy rezerwat przyrody Buczyny G\u00f3r Izerskich jest nie tylko najwi\u0119kszym...","og_url":"https:\/\/iczechy.pl\/index.php\/2021\/08\/19\/lasy-bukowe-gor-izerskich-na-liscie-unesco\/","og_site_name":"iCzechy.pl","article_published_time":"2021-08-19T08:16:49+00:00","article_modified_time":"2021-08-19T08:18:13+00:00","og_image":[{"width":1080,"height":720,"url":"https:\/\/iczechy.pl\/wp-content\/uploads\/2021\/08\/Gory-Jizerskie.-fot.-Milan-Drahonovsky-min-scaled.jpg","type":"image\/jpeg"}],"author":"Przemys\u0142aw Podola\u0144ski","twitter_card":"summary_large_image","twitter_creator":"@iCzechy_pl","twitter_site":"@iCzechy_pl","twitter_misc":{"Napisane przez":"Przemys\u0142aw Podola\u0144ski","Szacowany czas czytania":"1 minuta"},"schema":{"@context":"https:\/\/schema.org","@graph":[{"@type":"Article","@id":"https:\/\/iczechy.pl\/index.php\/2021\/08\/19\/lasy-bukowe-gor-izerskich-na-liscie-unesco\/#article","isPartOf":{"@id":"https:\/\/iczechy.pl\/index.php\/2021\/08\/19\/lasy-bukowe-gor-izerskich-na-liscie-unesco\/"},"author":{"name":"Przemys\u0142aw Podola\u0144ski","@id":"https:\/\/iczechy.pl\/#\/schema\/person\/5b7f56b637b26b9409bc4574ea821c9a"},"headline":"Lasy bukowe G\u00f3r Izerskich na li\u015bcie UNESCO","datePublished":"2021-08-19T08:16:49+00:00","dateModified":"2021-08-19T08:18:13+00:00","mainEntityOfPage":{"@id":"https:\/\/iczechy.pl\/index.php\/2021\/08\/19\/lasy-bukowe-gor-izerskich-na-liscie-unesco\/"},"wordCount":155,"publisher":{"@id":"https:\/\/iczechy.pl\/#organization"},"image":{"@id":"https:\/\/iczechy.pl\/index.php\/2021\/08\/19\/lasy-bukowe-gor-izerskich-na-liscie-unesco\/#primaryimage"},"thumbnailUrl":"https:\/\/iczechy.pl\/wp-content\/uploads\/2021\/08\/Gory-Jizerskie.-fot.-Milan-Drahonovsky-min-scaled.jpg","articleSection":["+Plus","+Wszystkie materia\u0142y","Turystyka"],"inLanguage":"pl-PL"},{"@type":"WebPage","@id":"https:\/\/iczechy.pl\/index.php\/2021\/08\/19\/lasy-bukowe-gor-izerskich-na-liscie-unesco\/","url":"https:\/\/iczechy.pl\/index.php\/2021\/08\/19\/lasy-bukowe-gor-izerskich-na-liscie-unesco\/","name":"Lasy bukowe G\u00f3r Izerskich na li\u015bcie UNESCO &#187; iCzechy.pl","isPartOf":{"@id":"https:\/\/iczechy.pl\/#website"},"primaryImageOfPage":{"@id":"https:\/\/iczechy.pl\/index.php\/2021\/08\/19\/lasy-bukowe-gor-izerskich-na-liscie-unesco\/#primaryimage"},"image":{"@id":"https:\/\/iczechy.pl\/index.php\/2021\/08\/19\/lasy-bukowe-gor-izerskich-na-liscie-unesco\/#primaryimage"},"thumbnailUrl":"https:\/\/iczechy.pl\/wp-content\/uploads\/2021\/08\/Gory-Jizerskie.-fot.-Milan-Drahonovsky-min-scaled.jpg","datePublished":"2021-08-19T08:16:49+00:00","dateModified":"2021-08-19T08:18:13+00:00","breadcrumb":{"@id":"https:\/\/iczechy.pl\/index.php\/2021\/08\/19\/lasy-bukowe-gor-izerskich-na-liscie-unesco\/#breadcrumb"},"inLanguage":"pl-PL","potentialAction":[{"@type":"ReadAction","target":["https:\/\/iczechy.pl\/index.php\/2021\/08\/19\/lasy-bukowe-gor-izerskich-na-liscie-unesco\/"]}]},{"@type":"ImageObject","inLanguage":"pl-PL","@id":"https:\/\/iczechy.pl\/index.php\/2021\/08\/19\/lasy-bukowe-gor-izerskich-na-liscie-unesco\/#primaryimage","url":"https:\/\/iczechy.pl\/wp-content\/uploads\/2021\/08\/Gory-Jizerskie.-fot.-Milan-Drahonovsky-min-scaled.jpg","contentUrl":"https:\/\/iczechy.pl\/wp-content\/uploads\/2021\/08\/Gory-Jizerskie.-fot.-Milan-Drahonovsky-min-scaled.jpg","width":1080,"height":720},{"@type":"BreadcrumbList","@id":"https:\/\/iczechy.pl\/index.php\/2021\/08\/19\/lasy-bukowe-gor-izerskich-na-liscie-unesco\/#breadcrumb","itemListElement":[{"@type":"ListItem","position":1,"name":"Strona g\u0142\u00f3wna","item":"https:\/\/iczechy.pl\/"},{"@type":"ListItem","position":2,"name":"Lasy bukowe G\u00f3r Izerskich na li\u015bcie UNESCO"}]},{"@type":"WebSite","@id":"https:\/\/iczechy.pl\/#website","url":"https:\/\/iczechy.pl\/","name":"iCzechy.pl","description":"i wiesz wi\u0119cej","publisher":{"@id":"https:\/\/iczechy.pl\/#organization"},"potentialAction":[{"@type":"SearchAction","target":{"@type":"EntryPoint","urlTemplate":"https:\/\/iczechy.pl\/?s={search_term_string}"},"query-input":{"@type":"PropertyValueSpecification","valueRequired":true,"valueName":"search_term_string"}}],"inLanguage":"pl-PL"},{"@type":"Organization","@id":"https:\/\/iczechy.pl\/#organization","name":"iCzechy.pl","url":"https:\/\/iczechy.pl\/","logo":{"@type":"ImageObject","inLanguage":"pl-PL","@id":"https:\/\/iczechy.pl\/#\/schema\/logo\/image\/","url":"https:\/\/iczechy.pl\/wp-content\/uploads\/2020\/06\/iCzechy-2-300dpi-...i-wiesz-wiecej.png","contentUrl":"https:\/\/iczechy.pl\/wp-content\/uploads\/2020\/06\/iCzechy-2-300dpi-...i-wiesz-wiecej.png","width":1280,"height":294,"caption":"iCzechy.pl"},"image":{"@id":"https:\/\/iczechy.pl\/#\/schema\/logo\/image\/"},"sameAs":["https:\/\/x.com\/iCzechy_pl"]},{"@type":"Person","@id":"https:\/\/iczechy.pl\/#\/schema\/person\/5b7f56b637b26b9409bc4574ea821c9a","name":"Przemys\u0142aw Podola\u0144ski","image":{"@type":"ImageObject","inLanguage":"pl-PL","@id":"https:\/\/secure.gravatar.com\/avatar\/6951ad7ad13313601602eb3f0fac4d73d0a39ab2d9d7be31170e5e06e9898aa7?s=96&d=mm&r=g","url":"https:\/\/secure.gravatar.com\/avatar\/6951ad7ad13313601602eb3f0fac4d73d0a39ab2d9d7be31170e5e06e9898aa7?s=96&d=mm&r=g","contentUrl":"https:\/\/secure.gravatar.com\/avatar\/6951ad7ad13313601602eb3f0fac4d73d0a39ab2d9d7be31170e5e06e9898aa7?s=96&d=mm&r=g","caption":"Przemys\u0142aw Podola\u0144ski"},"url":"https:\/\/iczechy.pl\/index.php\/author\/admin-2\/"}]}},"_links":{"self":[{"href":"https:\/\/iczechy.pl\/index.php\/wp-json\/wp\/v2\/posts\/9020","targetHints":{"allow":["GET"]}}],"collection":[{"href":"https:\/\/iczechy.pl\/index.php\/wp-json\/wp\/v2\/posts"}],"about":[{"href":"https:\/\/iczechy.pl\/index.php\/wp-json\/wp\/v2\/types\/post"}],"author":[{"embeddable":true,"href":"https:\/\/iczechy.pl\/index.php\/wp-json\/wp\/v2\/users\/7"}],"replies":[{"embeddable":true,"href":"https:\/\/iczechy.pl\/index.php\/wp-json\/wp\/v2\/comments?post=9020"}],"version-history":[{"count":3,"href":"https:\/\/iczechy.pl\/index.php\/wp-json\/wp\/v2\/posts\/9020\/revisions"}],"predecessor-version":[{"id":9024,"href":"https:\/\/iczechy.pl\/index.php\/wp-json\/wp\/v2\/posts\/9020\/revisions\/9024"}],"wp:featuredmedia":[{"embeddable":true,"href":"https:\/\/iczechy.pl\/index.php\/wp-json\/wp\/v2\/media\/9019"}],"wp:attachment":[{"href":"https:\/\/iczechy.pl\/index.php\/wp-json\/wp\/v2\/media?parent=9020"}],"wp:term":[{"taxonomy":"category","embeddable":true,"href":"https:\/\/iczechy.pl\/index.php\/wp-json\/wp\/v2\/categories?post=9020"},{"taxonomy":"post_tag","embeddable":true,"href":"https:\/\/iczechy.pl\/index.php\/wp-json\/wp\/v2\/tags?post=9020"}],"curies":[{"name":"wp","href":"https:\/\/api.w.org\/{rel}","templated":true}]}}