{"id":7998,"date":"2021-03-13T12:06:13","date_gmt":"2021-03-13T11:06:13","guid":{"rendered":"https:\/\/iczechy.pl\/?p=7998"},"modified":"2021-05-24T06:33:47","modified_gmt":"2021-05-24T04:33:47","slug":"kontrole-sanitarne-po-powrocie-z-czech-i-slowacji","status":"publish","type":"post","link":"https:\/\/iczechy.pl\/index.php\/2021\/03\/13\/kontrole-sanitarne-po-powrocie-z-czech-i-slowacji\/","title":{"rendered":"Kontrole sanitarne po powrocie z Czech i S\u0142owacji"},"content":{"rendered":"<p><strong>Stra\u017c Graniczna w komunikacie na swojej stronie internetowej po raz kolejny zwr\u00f3ci\u0142a uwag\u0119 na to, \u017ce od soboty 27 lutego br. obowi\u0105zuj\u0105 nowe obostrzenia dla obywateli RP i obcokrajowc\u00f3w wyje\u017cd\u017caj\u0105cych z <a href=\"https:\/\/iczechy.pl\/index.php\/category\/czechy-z-bliska\/zdrowie\/koronawirus\/\" target=\"_blank\" rel=\"noopener\">Republiki Czeskiej<\/a> oraz z Republiki S\u0142owackiej, mi\u0119dzy innymi kontrole sanitarne.<\/strong><\/p>\n<p>Dla os\u00f3b, kt\u00f3re wracaj\u0105 do swojego miejsca zamieszkania lub pobytu na terenie Polski negatywny wynik testu jest podstaw\u0105 do zwolnienia z kwarantanny. Je\u015bli takiego testu nie posiadaj\u0105, powinny zg\u0142osi\u0107 si\u0119 do w\u0142a\u015bciwej stacji sanitarno-epidemiologicznej, a nast\u0119pnie przej\u015b\u0107 obowi\u0105zkow\u0105 izolacj\u0119.&nbsp;<\/p>\n<p>Jak poinformowa\u0142a Polsk\u0105 Agencj\u0119 Prasow\u0105 ppor. Anna Michalska ze Stra\u017cy Granicznej, w ci\u0105gu dw\u00f3ch tygodni kontroli sanitarnych prowadzonych na granicy ze S\u0142owacj\u0105 i Czechami funkcjonariusze sprawdzili blisko 43,5 tys. os\u00f3b; ponad 14,5 tys. podr\u00f3\u017cnych nie mia\u0142o wymaganych negatywnych wynik\u00f3w testu na SARS-CoV-2. Ppor. Michalska przypomnia\u0142a, \u017ce osoby, kt\u00f3re nie przedstawi\u0105 testu z negatywnym wynikiem lub okazany test b\u0119dzie nieaktualny, mog\u0105 zosta\u0107 ukarane mandatem karnym z art. 116 kw. Z wypowiedzi dla PAP wynika, \u017ce takich mandat\u00f3w przez dwa tygodnie wystawiono 39.&nbsp;<\/p>\n<p>Lista warunk\u00f3w zwalniaj\u0105cych z konieczno\u015bci posiadania testu oraz z kwarantanny znajduje si\u0119 na stronie Stra\u017cy Granicznej. Kontrole sanitarne &#8211; wi\u0119cej szczeg\u00f3\u0142\u00f3w na ten temat <a href=\"https:\/\/www.strazgraniczna.pl\/pl\/aktualnosci\/8982,Komunikat-dla-osob-podrozujacych-z-Czech-i-Slowacji.html\">po klikni\u0119ciu linku w tym miejscu.<\/a><\/p>\n","protected":false},"excerpt":{"rendered":"<p>Stra\u017c Graniczna w komunikacie na swojej stronie internetowej po raz kolejny zwr\u00f3ci\u0142a uwag\u0119 na to, \u017ce od soboty 27 lutego br. obowi\u0105zuj\u0105 nowe obostrzenia dla obywateli RP i obcokrajowc\u00f3w wyje\u017cd\u017caj\u0105cych z Republiki Czeskiej oraz z Republiki S\u0142owackiej, mi\u0119dzy innymi kontrole&#8230;<\/p>\n","protected":false},"author":7,"featured_media":7999,"comment_status":"closed","ping_status":"open","sticky":false,"template":"","format":"standard","meta":{"om_disable_all_campaigns":false,"_monsterinsights_skip_tracking":false,"_monsterinsights_sitenote_active":false,"_monsterinsights_sitenote_note":"","_monsterinsights_sitenote_category":0,"ngg_post_thumbnail":0,"two_page_speed":[],"footnotes":""},"categories":[2,219,351,441],"tags":[],"class_list":["post-7998","post","type-post","status-publish","format-standard","has-post-thumbnail","hentry","category-plus","category-wszystkie-materialy","category-koronawirus-w-czechach","category-podroz"],"yoast_head":"<!-- This site is optimized with the Yoast SEO plugin v27.5 - https:\/\/yoast.com\/product\/yoast-seo-wordpress\/ -->\n<title>Kontrole sanitarne po powrocie z Czech i S\u0142owacji &#187; iCzechy.pl<\/title>\n<meta name=\"description\" content=\"Nowe obostrzenia dla obywateli RP i obcokrajowc\u00f3w wyje\u017cd\u017caj\u0105cych z Republiki Czeskiej oraz z Republiki S\u0142owackiej, mi\u0119dzy innymi kontrole sanitarne.\" \/>\n<meta name=\"robots\" content=\"index, follow, max-snippet:-1, max-image-preview:large, max-video-preview:-1\" \/>\n<link rel=\"canonical\" href=\"https:\/\/iczechy.pl\/index.php\/2021\/03\/13\/kontrole-sanitarne-po-powrocie-z-czech-i-slowacji\/\" \/>\n<meta property=\"og:locale\" content=\"pl_PL\" \/>\n<meta property=\"og:type\" content=\"article\" \/>\n<meta property=\"og:title\" content=\"Kontrole sanitarne po powrocie z Czech i S\u0142owacji &#187; iCzechy.pl\" \/>\n<meta property=\"og:description\" content=\"Nowe obostrzenia dla obywateli RP i obcokrajowc\u00f3w wyje\u017cd\u017caj\u0105cych z Republiki Czeskiej oraz z Republiki S\u0142owackiej, mi\u0119dzy innymi kontrole sanitarne.\" \/>\n<meta property=\"og:url\" content=\"https:\/\/iczechy.pl\/index.php\/2021\/03\/13\/kontrole-sanitarne-po-powrocie-z-czech-i-slowacji\/\" \/>\n<meta property=\"og:site_name\" content=\"iCzechy.pl\" \/>\n<meta property=\"article:published_time\" content=\"2021-03-13T11:06:13+00:00\" \/>\n<meta property=\"article:modified_time\" content=\"2021-05-24T04:33:47+00:00\" \/>\n<meta property=\"og:image\" content=\"https:\/\/iczechy.pl\/wp-content\/uploads\/2021\/03\/140309785_5224102644268300_8287221035893357561_o.jpg\" \/>\n\t<meta property=\"og:image:width\" content=\"1000\" \/>\n\t<meta property=\"og:image:height\" content=\"704\" \/>\n\t<meta property=\"og:image:type\" content=\"image\/jpeg\" \/>\n<meta name=\"author\" content=\"Przemys\u0142aw Podola\u0144ski\" \/>\n<meta name=\"twitter:card\" content=\"summary_large_image\" \/>\n<meta name=\"twitter:creator\" content=\"@iCzechy_pl\" \/>\n<meta name=\"twitter:site\" content=\"@iCzechy_pl\" \/>\n<meta name=\"twitter:label1\" content=\"Napisane przez\" \/>\n\t<meta name=\"twitter:data1\" content=\"Przemys\u0142aw Podola\u0144ski\" \/>\n\t<meta name=\"twitter:label2\" content=\"Szacowany czas czytania\" \/>\n\t<meta name=\"twitter:data2\" content=\"1 minuta\" \/>\n<script type=\"application\/ld+json\" class=\"yoast-schema-graph\">{\"@context\":\"https:\\\/\\\/schema.org\",\"@graph\":[{\"@type\":\"Article\",\"@id\":\"https:\\\/\\\/iczechy.pl\\\/index.php\\\/2021\\\/03\\\/13\\\/kontrole-sanitarne-po-powrocie-z-czech-i-slowacji\\\/#article\",\"isPartOf\":{\"@id\":\"https:\\\/\\\/iczechy.pl\\\/index.php\\\/2021\\\/03\\\/13\\\/kontrole-sanitarne-po-powrocie-z-czech-i-slowacji\\\/\"},\"author\":{\"name\":\"Przemys\u0142aw Podola\u0144ski\",\"@id\":\"https:\\\/\\\/iczechy.pl\\\/#\\\/schema\\\/person\\\/5b7f56b637b26b9409bc4574ea821c9a\"},\"headline\":\"Kontrole sanitarne po powrocie z Czech i S\u0142owacji\",\"datePublished\":\"2021-03-13T11:06:13+00:00\",\"dateModified\":\"2021-05-24T04:33:47+00:00\",\"mainEntityOfPage\":{\"@id\":\"https:\\\/\\\/iczechy.pl\\\/index.php\\\/2021\\\/03\\\/13\\\/kontrole-sanitarne-po-powrocie-z-czech-i-slowacji\\\/\"},\"wordCount\":234,\"publisher\":{\"@id\":\"https:\\\/\\\/iczechy.pl\\\/#organization\"},\"image\":{\"@id\":\"https:\\\/\\\/iczechy.pl\\\/index.php\\\/2021\\\/03\\\/13\\\/kontrole-sanitarne-po-powrocie-z-czech-i-slowacji\\\/#primaryimage\"},\"thumbnailUrl\":\"https:\\\/\\\/iczechy.pl\\\/wp-content\\\/uploads\\\/2021\\\/03\\\/140309785_5224102644268300_8287221035893357561_o.jpg\",\"articleSection\":[\"+Plus\",\"+Wszystkie materia\u0142y\",\"Koronawirus\",\"Podr\u00f3\u017c\"],\"inLanguage\":\"pl-PL\"},{\"@type\":\"WebPage\",\"@id\":\"https:\\\/\\\/iczechy.pl\\\/index.php\\\/2021\\\/03\\\/13\\\/kontrole-sanitarne-po-powrocie-z-czech-i-slowacji\\\/\",\"url\":\"https:\\\/\\\/iczechy.pl\\\/index.php\\\/2021\\\/03\\\/13\\\/kontrole-sanitarne-po-powrocie-z-czech-i-slowacji\\\/\",\"name\":\"Kontrole sanitarne po powrocie z Czech i S\u0142owacji &#187; iCzechy.pl\",\"isPartOf\":{\"@id\":\"https:\\\/\\\/iczechy.pl\\\/#website\"},\"primaryImageOfPage\":{\"@id\":\"https:\\\/\\\/iczechy.pl\\\/index.php\\\/2021\\\/03\\\/13\\\/kontrole-sanitarne-po-powrocie-z-czech-i-slowacji\\\/#primaryimage\"},\"image\":{\"@id\":\"https:\\\/\\\/iczechy.pl\\\/index.php\\\/2021\\\/03\\\/13\\\/kontrole-sanitarne-po-powrocie-z-czech-i-slowacji\\\/#primaryimage\"},\"thumbnailUrl\":\"https:\\\/\\\/iczechy.pl\\\/wp-content\\\/uploads\\\/2021\\\/03\\\/140309785_5224102644268300_8287221035893357561_o.jpg\",\"datePublished\":\"2021-03-13T11:06:13+00:00\",\"dateModified\":\"2021-05-24T04:33:47+00:00\",\"description\":\"Nowe obostrzenia dla obywateli RP i obcokrajowc\u00f3w wyje\u017cd\u017caj\u0105cych z Republiki Czeskiej oraz z Republiki S\u0142owackiej, mi\u0119dzy innymi kontrole sanitarne.\",\"breadcrumb\":{\"@id\":\"https:\\\/\\\/iczechy.pl\\\/index.php\\\/2021\\\/03\\\/13\\\/kontrole-sanitarne-po-powrocie-z-czech-i-slowacji\\\/#breadcrumb\"},\"inLanguage\":\"pl-PL\",\"potentialAction\":[{\"@type\":\"ReadAction\",\"target\":[\"https:\\\/\\\/iczechy.pl\\\/index.php\\\/2021\\\/03\\\/13\\\/kontrole-sanitarne-po-powrocie-z-czech-i-slowacji\\\/\"]}]},{\"@type\":\"ImageObject\",\"inLanguage\":\"pl-PL\",\"@id\":\"https:\\\/\\\/iczechy.pl\\\/index.php\\\/2021\\\/03\\\/13\\\/kontrole-sanitarne-po-powrocie-z-czech-i-slowacji\\\/#primaryimage\",\"url\":\"https:\\\/\\\/iczechy.pl\\\/wp-content\\\/uploads\\\/2021\\\/03\\\/140309785_5224102644268300_8287221035893357561_o.jpg\",\"contentUrl\":\"https:\\\/\\\/iczechy.pl\\\/wp-content\\\/uploads\\\/2021\\\/03\\\/140309785_5224102644268300_8287221035893357561_o.jpg\",\"width\":1000,\"height\":704,\"caption\":\"kontrole sanitarne\"},{\"@type\":\"BreadcrumbList\",\"@id\":\"https:\\\/\\\/iczechy.pl\\\/index.php\\\/2021\\\/03\\\/13\\\/kontrole-sanitarne-po-powrocie-z-czech-i-slowacji\\\/#breadcrumb\",\"itemListElement\":[{\"@type\":\"ListItem\",\"position\":1,\"name\":\"Strona g\u0142\u00f3wna\",\"item\":\"https:\\\/\\\/iczechy.pl\\\/\"},{\"@type\":\"ListItem\",\"position\":2,\"name\":\"Kontrole sanitarne po powrocie z Czech i S\u0142owacji\"}]},{\"@type\":\"WebSite\",\"@id\":\"https:\\\/\\\/iczechy.pl\\\/#website\",\"url\":\"https:\\\/\\\/iczechy.pl\\\/\",\"name\":\"iCzechy.pl\",\"description\":\"i wiesz wi\u0119cej\",\"publisher\":{\"@id\":\"https:\\\/\\\/iczechy.pl\\\/#organization\"},\"potentialAction\":[{\"@type\":\"SearchAction\",\"target\":{\"@type\":\"EntryPoint\",\"urlTemplate\":\"https:\\\/\\\/iczechy.pl\\\/?s={search_term_string}\"},\"query-input\":{\"@type\":\"PropertyValueSpecification\",\"valueRequired\":true,\"valueName\":\"search_term_string\"}}],\"inLanguage\":\"pl-PL\"},{\"@type\":\"Organization\",\"@id\":\"https:\\\/\\\/iczechy.pl\\\/#organization\",\"name\":\"iCzechy.pl\",\"url\":\"https:\\\/\\\/iczechy.pl\\\/\",\"logo\":{\"@type\":\"ImageObject\",\"inLanguage\":\"pl-PL\",\"@id\":\"https:\\\/\\\/iczechy.pl\\\/#\\\/schema\\\/logo\\\/image\\\/\",\"url\":\"https:\\\/\\\/iczechy.pl\\\/wp-content\\\/uploads\\\/2020\\\/06\\\/iCzechy-2-300dpi-...i-wiesz-wiecej.png\",\"contentUrl\":\"https:\\\/\\\/iczechy.pl\\\/wp-content\\\/uploads\\\/2020\\\/06\\\/iCzechy-2-300dpi-...i-wiesz-wiecej.png\",\"width\":1280,\"height\":294,\"caption\":\"iCzechy.pl\"},\"image\":{\"@id\":\"https:\\\/\\\/iczechy.pl\\\/#\\\/schema\\\/logo\\\/image\\\/\"},\"sameAs\":[\"https:\\\/\\\/x.com\\\/iCzechy_pl\"]},{\"@type\":\"Person\",\"@id\":\"https:\\\/\\\/iczechy.pl\\\/#\\\/schema\\\/person\\\/5b7f56b637b26b9409bc4574ea821c9a\",\"name\":\"Przemys\u0142aw Podola\u0144ski\",\"image\":{\"@type\":\"ImageObject\",\"inLanguage\":\"pl-PL\",\"@id\":\"https:\\\/\\\/secure.gravatar.com\\\/avatar\\\/6951ad7ad13313601602eb3f0fac4d73d0a39ab2d9d7be31170e5e06e9898aa7?s=96&d=mm&r=g\",\"url\":\"https:\\\/\\\/secure.gravatar.com\\\/avatar\\\/6951ad7ad13313601602eb3f0fac4d73d0a39ab2d9d7be31170e5e06e9898aa7?s=96&d=mm&r=g\",\"contentUrl\":\"https:\\\/\\\/secure.gravatar.com\\\/avatar\\\/6951ad7ad13313601602eb3f0fac4d73d0a39ab2d9d7be31170e5e06e9898aa7?s=96&d=mm&r=g\",\"caption\":\"Przemys\u0142aw Podola\u0144ski\"},\"url\":\"https:\\\/\\\/iczechy.pl\\\/index.php\\\/author\\\/admin-2\\\/\"}]}<\/script>\n<!-- \/ Yoast SEO plugin. -->","yoast_head_json":{"title":"Kontrole sanitarne po powrocie z Czech i S\u0142owacji &#187; iCzechy.pl","description":"Nowe obostrzenia dla obywateli RP i obcokrajowc\u00f3w wyje\u017cd\u017caj\u0105cych z Republiki Czeskiej oraz z Republiki S\u0142owackiej, mi\u0119dzy innymi kontrole sanitarne.","robots":{"index":"index","follow":"follow","max-snippet":"max-snippet:-1","max-image-preview":"max-image-preview:large","max-video-preview":"max-video-preview:-1"},"canonical":"https:\/\/iczechy.pl\/index.php\/2021\/03\/13\/kontrole-sanitarne-po-powrocie-z-czech-i-slowacji\/","og_locale":"pl_PL","og_type":"article","og_title":"Kontrole sanitarne po powrocie z Czech i S\u0142owacji &#187; iCzechy.pl","og_description":"Nowe obostrzenia dla obywateli RP i obcokrajowc\u00f3w wyje\u017cd\u017caj\u0105cych z Republiki Czeskiej oraz z Republiki S\u0142owackiej, mi\u0119dzy innymi kontrole sanitarne.","og_url":"https:\/\/iczechy.pl\/index.php\/2021\/03\/13\/kontrole-sanitarne-po-powrocie-z-czech-i-slowacji\/","og_site_name":"iCzechy.pl","article_published_time":"2021-03-13T11:06:13+00:00","article_modified_time":"2021-05-24T04:33:47+00:00","og_image":[{"width":1000,"height":704,"url":"https:\/\/iczechy.pl\/wp-content\/uploads\/2021\/03\/140309785_5224102644268300_8287221035893357561_o.jpg","type":"image\/jpeg"}],"author":"Przemys\u0142aw Podola\u0144ski","twitter_card":"summary_large_image","twitter_creator":"@iCzechy_pl","twitter_site":"@iCzechy_pl","twitter_misc":{"Napisane przez":"Przemys\u0142aw Podola\u0144ski","Szacowany czas czytania":"1 minuta"},"schema":{"@context":"https:\/\/schema.org","@graph":[{"@type":"Article","@id":"https:\/\/iczechy.pl\/index.php\/2021\/03\/13\/kontrole-sanitarne-po-powrocie-z-czech-i-slowacji\/#article","isPartOf":{"@id":"https:\/\/iczechy.pl\/index.php\/2021\/03\/13\/kontrole-sanitarne-po-powrocie-z-czech-i-slowacji\/"},"author":{"name":"Przemys\u0142aw Podola\u0144ski","@id":"https:\/\/iczechy.pl\/#\/schema\/person\/5b7f56b637b26b9409bc4574ea821c9a"},"headline":"Kontrole sanitarne po powrocie z Czech i S\u0142owacji","datePublished":"2021-03-13T11:06:13+00:00","dateModified":"2021-05-24T04:33:47+00:00","mainEntityOfPage":{"@id":"https:\/\/iczechy.pl\/index.php\/2021\/03\/13\/kontrole-sanitarne-po-powrocie-z-czech-i-slowacji\/"},"wordCount":234,"publisher":{"@id":"https:\/\/iczechy.pl\/#organization"},"image":{"@id":"https:\/\/iczechy.pl\/index.php\/2021\/03\/13\/kontrole-sanitarne-po-powrocie-z-czech-i-slowacji\/#primaryimage"},"thumbnailUrl":"https:\/\/iczechy.pl\/wp-content\/uploads\/2021\/03\/140309785_5224102644268300_8287221035893357561_o.jpg","articleSection":["+Plus","+Wszystkie materia\u0142y","Koronawirus","Podr\u00f3\u017c"],"inLanguage":"pl-PL"},{"@type":"WebPage","@id":"https:\/\/iczechy.pl\/index.php\/2021\/03\/13\/kontrole-sanitarne-po-powrocie-z-czech-i-slowacji\/","url":"https:\/\/iczechy.pl\/index.php\/2021\/03\/13\/kontrole-sanitarne-po-powrocie-z-czech-i-slowacji\/","name":"Kontrole sanitarne po powrocie z Czech i S\u0142owacji &#187; iCzechy.pl","isPartOf":{"@id":"https:\/\/iczechy.pl\/#website"},"primaryImageOfPage":{"@id":"https:\/\/iczechy.pl\/index.php\/2021\/03\/13\/kontrole-sanitarne-po-powrocie-z-czech-i-slowacji\/#primaryimage"},"image":{"@id":"https:\/\/iczechy.pl\/index.php\/2021\/03\/13\/kontrole-sanitarne-po-powrocie-z-czech-i-slowacji\/#primaryimage"},"thumbnailUrl":"https:\/\/iczechy.pl\/wp-content\/uploads\/2021\/03\/140309785_5224102644268300_8287221035893357561_o.jpg","datePublished":"2021-03-13T11:06:13+00:00","dateModified":"2021-05-24T04:33:47+00:00","description":"Nowe obostrzenia dla obywateli RP i obcokrajowc\u00f3w wyje\u017cd\u017caj\u0105cych z Republiki Czeskiej oraz z Republiki S\u0142owackiej, mi\u0119dzy innymi kontrole sanitarne.","breadcrumb":{"@id":"https:\/\/iczechy.pl\/index.php\/2021\/03\/13\/kontrole-sanitarne-po-powrocie-z-czech-i-slowacji\/#breadcrumb"},"inLanguage":"pl-PL","potentialAction":[{"@type":"ReadAction","target":["https:\/\/iczechy.pl\/index.php\/2021\/03\/13\/kontrole-sanitarne-po-powrocie-z-czech-i-slowacji\/"]}]},{"@type":"ImageObject","inLanguage":"pl-PL","@id":"https:\/\/iczechy.pl\/index.php\/2021\/03\/13\/kontrole-sanitarne-po-powrocie-z-czech-i-slowacji\/#primaryimage","url":"https:\/\/iczechy.pl\/wp-content\/uploads\/2021\/03\/140309785_5224102644268300_8287221035893357561_o.jpg","contentUrl":"https:\/\/iczechy.pl\/wp-content\/uploads\/2021\/03\/140309785_5224102644268300_8287221035893357561_o.jpg","width":1000,"height":704,"caption":"kontrole sanitarne"},{"@type":"BreadcrumbList","@id":"https:\/\/iczechy.pl\/index.php\/2021\/03\/13\/kontrole-sanitarne-po-powrocie-z-czech-i-slowacji\/#breadcrumb","itemListElement":[{"@type":"ListItem","position":1,"name":"Strona g\u0142\u00f3wna","item":"https:\/\/iczechy.pl\/"},{"@type":"ListItem","position":2,"name":"Kontrole sanitarne po powrocie z Czech i S\u0142owacji"}]},{"@type":"WebSite","@id":"https:\/\/iczechy.pl\/#website","url":"https:\/\/iczechy.pl\/","name":"iCzechy.pl","description":"i wiesz wi\u0119cej","publisher":{"@id":"https:\/\/iczechy.pl\/#organization"},"potentialAction":[{"@type":"SearchAction","target":{"@type":"EntryPoint","urlTemplate":"https:\/\/iczechy.pl\/?s={search_term_string}"},"query-input":{"@type":"PropertyValueSpecification","valueRequired":true,"valueName":"search_term_string"}}],"inLanguage":"pl-PL"},{"@type":"Organization","@id":"https:\/\/iczechy.pl\/#organization","name":"iCzechy.pl","url":"https:\/\/iczechy.pl\/","logo":{"@type":"ImageObject","inLanguage":"pl-PL","@id":"https:\/\/iczechy.pl\/#\/schema\/logo\/image\/","url":"https:\/\/iczechy.pl\/wp-content\/uploads\/2020\/06\/iCzechy-2-300dpi-...i-wiesz-wiecej.png","contentUrl":"https:\/\/iczechy.pl\/wp-content\/uploads\/2020\/06\/iCzechy-2-300dpi-...i-wiesz-wiecej.png","width":1280,"height":294,"caption":"iCzechy.pl"},"image":{"@id":"https:\/\/iczechy.pl\/#\/schema\/logo\/image\/"},"sameAs":["https:\/\/x.com\/iCzechy_pl"]},{"@type":"Person","@id":"https:\/\/iczechy.pl\/#\/schema\/person\/5b7f56b637b26b9409bc4574ea821c9a","name":"Przemys\u0142aw Podola\u0144ski","image":{"@type":"ImageObject","inLanguage":"pl-PL","@id":"https:\/\/secure.gravatar.com\/avatar\/6951ad7ad13313601602eb3f0fac4d73d0a39ab2d9d7be31170e5e06e9898aa7?s=96&d=mm&r=g","url":"https:\/\/secure.gravatar.com\/avatar\/6951ad7ad13313601602eb3f0fac4d73d0a39ab2d9d7be31170e5e06e9898aa7?s=96&d=mm&r=g","contentUrl":"https:\/\/secure.gravatar.com\/avatar\/6951ad7ad13313601602eb3f0fac4d73d0a39ab2d9d7be31170e5e06e9898aa7?s=96&d=mm&r=g","caption":"Przemys\u0142aw Podola\u0144ski"},"url":"https:\/\/iczechy.pl\/index.php\/author\/admin-2\/"}]}},"_links":{"self":[{"href":"https:\/\/iczechy.pl\/index.php\/wp-json\/wp\/v2\/posts\/7998","targetHints":{"allow":["GET"]}}],"collection":[{"href":"https:\/\/iczechy.pl\/index.php\/wp-json\/wp\/v2\/posts"}],"about":[{"href":"https:\/\/iczechy.pl\/index.php\/wp-json\/wp\/v2\/types\/post"}],"author":[{"embeddable":true,"href":"https:\/\/iczechy.pl\/index.php\/wp-json\/wp\/v2\/users\/7"}],"replies":[{"embeddable":true,"href":"https:\/\/iczechy.pl\/index.php\/wp-json\/wp\/v2\/comments?post=7998"}],"version-history":[{"count":11,"href":"https:\/\/iczechy.pl\/index.php\/wp-json\/wp\/v2\/posts\/7998\/revisions"}],"predecessor-version":[{"id":8580,"href":"https:\/\/iczechy.pl\/index.php\/wp-json\/wp\/v2\/posts\/7998\/revisions\/8580"}],"wp:featuredmedia":[{"embeddable":true,"href":"https:\/\/iczechy.pl\/index.php\/wp-json\/wp\/v2\/media\/7999"}],"wp:attachment":[{"href":"https:\/\/iczechy.pl\/index.php\/wp-json\/wp\/v2\/media?parent=7998"}],"wp:term":[{"taxonomy":"category","embeddable":true,"href":"https:\/\/iczechy.pl\/index.php\/wp-json\/wp\/v2\/categories?post=7998"},{"taxonomy":"post_tag","embeddable":true,"href":"https:\/\/iczechy.pl\/index.php\/wp-json\/wp\/v2\/tags?post=7998"}],"curies":[{"name":"wp","href":"https:\/\/api.w.org\/{rel}","templated":true}]}}