{"id":7195,"date":"2021-01-30T12:55:46","date_gmt":"2021-01-30T11:55:46","guid":{"rendered":"https:\/\/iczechy.pl\/?p=7195"},"modified":"2021-02-08T10:33:55","modified_gmt":"2021-02-08T09:33:55","slug":"dwoch-czechow-walczylo-w-barwach-rakowa-w-piatkowym-hicie-ekstraklasy","status":"publish","type":"post","link":"https:\/\/iczechy.pl\/index.php\/2021\/01\/30\/dwoch-czechow-walczylo-w-barwach-rakowa-w-piatkowym-hicie-ekstraklasy\/","title":{"rendered":"Dw\u00f3ch Czech\u00f3w walczy\u0142o w barwach Rakowa w pi\u0105tkowym hicie Ekstraklasy"},"content":{"rendered":"<p><strong><a href=\"https:\/\/rakow.com\/\" target=\"_blank\" rel=\"noopener\">Rak\u00f3w Cz\u0119stochowa<\/a> w swojej kadrze ma trzech pi\u0142karzy z Czech. S\u0105 to <a href=\"https:\/\/www.eurofotbal.cz\/hraci\/tomas-petrasek-56947\/\" target=\"_blank\" rel=\"noopener\">Tom\u00e1\u0161 Petr\u00e1\u0161ek<\/a>, <a href=\"https:\/\/www.eurofotbal.cz\/hraci\/petr-schwarz-38073\/\" target=\"_blank\" rel=\"noopener\">Petr Schwarz<\/a> i <a href=\"https:\/\/www.eurofotbal.cz\/hraci\/daniel-bartl-9197\/\" target=\"_blank\" rel=\"noopener\">Daniel Bartl<\/a>. Dw\u00f3ch z nich: Schwarz i Bartl pojawi\u0142o si\u0119 w pi\u0105tek wieczorem w podstawowym sk\u0142adzie Rakowa i zagra\u0142o przeciwko Pogoni Szczecin. Petr\u00e1\u0161ek ca\u0142y czas przechodzi rehabilitacj\u0119 i nie by\u0142o go w meczowym protokole. <\/strong><\/p>\n<p>Spotkanie \u201ena szczycie\u201d PKO BP Ekstraklasy by\u0142o hitem 15 kolejki. Rak\u00f3w przegra\u0142 z Pogoni\u0105 0:1 i straci\u0142 2. miejsce w tabeli. \u201ePortowcy\u201d po zdobyciu 3 punkt\u00f3w awansowali z 3. na 1. pozycj\u0119. W niedziel\u0119 oka\u017ce si\u0119 czy utrzymaj\u0105 pierwsze miejsce. Sw\u00f3j mecz rozegra Legia Warszawa, kt\u00f3ra ma obecnie 2 punkty straty do Pogoni.<\/p>\n<p>Czesi z Rakowa zagrali od 1. minuty. Bartl sp\u0119dzi\u0142 na boisku 60. minut i zosta\u0142 zmieniony przez Patryka Kuna. Schwarz rozegra\u0142 natomiast ca\u0142e spotkanie. W nast\u0119pnej kolejce Rak\u00f3w rozegra ponownie mecz \u201ena szczycie\u201d. Dru\u017cyna z Cz\u0119stochowy jedzie do Warszawy na mecz z Legi\u0105.<\/p>\n<p><em>Autor: Artur Kucharski<\/em><\/p>\n<p>&nbsp;<\/p>\n<div id='gallery-1' class='gallery galleryid-7195 gallery-columns-4 gallery-size-large'><figure class='gallery-item'>\n\t\t\t<div class='gallery-icon landscape'>\n\t\t\t\t<a href='https:\/\/iczechy.pl\/wp-content\/uploads\/2021\/01\/144627815_438804357258309_802423687381611805_n-scaled.jpg'><img decoding=\"async\" width=\"850\" height=\"505\" data-src=\"https:\/\/iczechy.pl\/wp-content\/uploads\/2021\/01\/144627815_438804357258309_802423687381611805_n-1024x608.jpg\" class=\"attachment-large size-large lazyload\" alt=\"Dw\u00f3ch Czech\u00f3w walczy\u0142o\" aria-describedby=\"gallery-1-7197\" data-srcset=\"https:\/\/iczechy.pl\/wp-content\/uploads\/2021\/01\/144627815_438804357258309_802423687381611805_n-1024x608.jpg 1024w, https:\/\/iczechy.pl\/wp-content\/uploads\/2021\/01\/144627815_438804357258309_802423687381611805_n-300x178.jpg 300w, https:\/\/iczechy.pl\/wp-content\/uploads\/2021\/01\/144627815_438804357258309_802423687381611805_n-768x456.jpg 768w, https:\/\/iczechy.pl\/wp-content\/uploads\/2021\/01\/144627815_438804357258309_802423687381611805_n-1536x912.jpg 1536w, https:\/\/iczechy.pl\/wp-content\/uploads\/2021\/01\/144627815_438804357258309_802423687381611805_n-2048x1216.jpg 2048w, https:\/\/iczechy.pl\/wp-content\/uploads\/2021\/01\/144627815_438804357258309_802423687381611805_n-scaled.jpg 1213w\" data-sizes=\"(max-width: 850px) 100vw, 850px\" src=\"data:image\/svg+xml;base64,PHN2ZyB3aWR0aD0iMSIgaGVpZ2h0PSIxIiB4bWxucz0iaHR0cDovL3d3dy53My5vcmcvMjAwMC9zdmciPjwvc3ZnPg==\" style=\"--smush-placeholder-width: 850px; --smush-placeholder-aspect-ratio: 850\/505;\" \/><\/a>\n\t\t\t<\/div>\n\t\t\t\t<figcaption class='wp-caption-text gallery-caption' id='gallery-1-7197'>\n\t\t\t\tPetr Schwarz (nr 17)\n\t\t\t\t<\/figcaption><\/figure><figure class='gallery-item'>\n\t\t\t<div class='gallery-icon landscape'>\n\t\t\t\t<a href='https:\/\/iczechy.pl\/wp-content\/uploads\/2021\/01\/145147494_3746551358762329_1044166667897437452_n-scaled.jpg'><img decoding=\"async\" width=\"850\" height=\"554\" data-src=\"https:\/\/iczechy.pl\/wp-content\/uploads\/2021\/01\/145147494_3746551358762329_1044166667897437452_n-1024x667.jpg\" class=\"attachment-large size-large lazyload\" alt=\"Dw\u00f3ch Czech\u00f3w walczy\u0142o\" aria-describedby=\"gallery-1-7196\" data-srcset=\"https:\/\/iczechy.pl\/wp-content\/uploads\/2021\/01\/145147494_3746551358762329_1044166667897437452_n-1024x667.jpg 1024w, https:\/\/iczechy.pl\/wp-content\/uploads\/2021\/01\/145147494_3746551358762329_1044166667897437452_n-300x196.jpg 300w, https:\/\/iczechy.pl\/wp-content\/uploads\/2021\/01\/145147494_3746551358762329_1044166667897437452_n-768x501.jpg 768w, https:\/\/iczechy.pl\/wp-content\/uploads\/2021\/01\/145147494_3746551358762329_1044166667897437452_n-1536x1001.jpg 1536w, https:\/\/iczechy.pl\/wp-content\/uploads\/2021\/01\/145147494_3746551358762329_1044166667897437452_n-2048x1335.jpg 2048w, https:\/\/iczechy.pl\/wp-content\/uploads\/2021\/01\/145147494_3746551358762329_1044166667897437452_n-scaled.jpg 1105w\" data-sizes=\"(max-width: 850px) 100vw, 850px\" src=\"data:image\/svg+xml;base64,PHN2ZyB3aWR0aD0iMSIgaGVpZ2h0PSIxIiB4bWxucz0iaHR0cDovL3d3dy53My5vcmcvMjAwMC9zdmciPjwvc3ZnPg==\" style=\"--smush-placeholder-width: 850px; --smush-placeholder-aspect-ratio: 850\/554;\" \/><\/a>\n\t\t\t<\/div>\n\t\t\t\t<figcaption class='wp-caption-text gallery-caption' id='gallery-1-7196'>\n\t\t\t\tPetr Schwarz (nr 17)\n\t\t\t\t<\/figcaption><\/figure><figure class='gallery-item'>\n\t\t\t<div class='gallery-icon landscape'>\n\t\t\t\t<a href='https:\/\/iczechy.pl\/wp-content\/uploads\/2021\/01\/144774196_2798469693774889_55903467149672570_n-scaled.jpg'><img decoding=\"async\" width=\"850\" height=\"677\" data-src=\"https:\/\/iczechy.pl\/wp-content\/uploads\/2021\/01\/144774196_2798469693774889_55903467149672570_n-1024x816.jpg\" class=\"attachment-large size-large lazyload\" alt=\"Dw\u00f3ch Czech\u00f3w walczy\u0142o\" aria-describedby=\"gallery-1-7203\" data-srcset=\"https:\/\/iczechy.pl\/wp-content\/uploads\/2021\/01\/144774196_2798469693774889_55903467149672570_n-1024x816.jpg 1024w, https:\/\/iczechy.pl\/wp-content\/uploads\/2021\/01\/144774196_2798469693774889_55903467149672570_n-300x239.jpg 300w, https:\/\/iczechy.pl\/wp-content\/uploads\/2021\/01\/144774196_2798469693774889_55903467149672570_n-768x612.jpg 768w, https:\/\/iczechy.pl\/wp-content\/uploads\/2021\/01\/144774196_2798469693774889_55903467149672570_n-1536x1225.jpg 1536w, https:\/\/iczechy.pl\/wp-content\/uploads\/2021\/01\/144774196_2798469693774889_55903467149672570_n-2048x1633.jpg 2048w, https:\/\/iczechy.pl\/wp-content\/uploads\/2021\/01\/144774196_2798469693774889_55903467149672570_n-scaled.jpg 904w\" data-sizes=\"(max-width: 850px) 100vw, 850px\" src=\"data:image\/svg+xml;base64,PHN2ZyB3aWR0aD0iMSIgaGVpZ2h0PSIxIiB4bWxucz0iaHR0cDovL3d3dy53My5vcmcvMjAwMC9zdmciPjwvc3ZnPg==\" style=\"--smush-placeholder-width: 850px; --smush-placeholder-aspect-ratio: 850\/677;\" \/><\/a>\n\t\t\t<\/div>\n\t\t\t\t<figcaption class='wp-caption-text gallery-caption' id='gallery-1-7203'>\n\t\t\t\tDavid Bartl (nr 27)\n\t\t\t\t<\/figcaption><\/figure><figure class='gallery-item'>\n\t\t\t<div class='gallery-icon landscape'>\n\t\t\t\t<a href='https:\/\/iczechy.pl\/wp-content\/uploads\/2021\/01\/144276915_762711244638346_2484207072710084814_n-scaled.jpg'><img decoding=\"async\" width=\"850\" height=\"566\" data-src=\"https:\/\/iczechy.pl\/wp-content\/uploads\/2021\/01\/144276915_762711244638346_2484207072710084814_n-1024x682.jpg\" class=\"attachment-large size-large lazyload\" alt=\"Dw\u00f3ch Czech\u00f3w walczy\u0142o\" aria-describedby=\"gallery-1-7204\" data-srcset=\"https:\/\/iczechy.pl\/wp-content\/uploads\/2021\/01\/144276915_762711244638346_2484207072710084814_n-1024x682.jpg 1024w, https:\/\/iczechy.pl\/wp-content\/uploads\/2021\/01\/144276915_762711244638346_2484207072710084814_n-300x200.jpg 300w, https:\/\/iczechy.pl\/wp-content\/uploads\/2021\/01\/144276915_762711244638346_2484207072710084814_n-768x512.jpg 768w, https:\/\/iczechy.pl\/wp-content\/uploads\/2021\/01\/144276915_762711244638346_2484207072710084814_n-391x260.jpg 391w, https:\/\/iczechy.pl\/wp-content\/uploads\/2021\/01\/144276915_762711244638346_2484207072710084814_n-1536x1023.jpg 1536w, https:\/\/iczechy.pl\/wp-content\/uploads\/2021\/01\/144276915_762711244638346_2484207072710084814_n-scaled.jpg 1080w\" data-sizes=\"(max-width: 850px) 100vw, 850px\" src=\"data:image\/svg+xml;base64,PHN2ZyB3aWR0aD0iMSIgaGVpZ2h0PSIxIiB4bWxucz0iaHR0cDovL3d3dy53My5vcmcvMjAwMC9zdmciPjwvc3ZnPg==\" style=\"--smush-placeholder-width: 850px; --smush-placeholder-aspect-ratio: 850\/566;\" \/><\/a>\n\t\t\t<\/div>\n\t\t\t\t<figcaption class='wp-caption-text gallery-caption' id='gallery-1-7204'>\n\t\t\t\tDavid Bartl (nr 27)\n\t\t\t\t<\/figcaption><\/figure>\n\t\t<\/div>\n\n","protected":false},"excerpt":{"rendered":"<p>Rak\u00f3w Cz\u0119stochowa w swojej kadrze ma trzech pi\u0142karzy z Czech. S\u0105 to Tom\u00e1\u0161 Petr\u00e1\u0161ek, Petr Schwarz i Daniel Bartl. Dw\u00f3ch z nich: Schwarz i Bartl pojawi\u0142o si\u0119 w pi\u0105tek wieczorem w podstawowym sk\u0142adzie Rakowa i zagra\u0142o przeciwko Pogoni Szczecin. Petr\u00e1\u0161ek&#8230;<\/p>\n","protected":false},"author":7,"featured_media":7204,"comment_status":"closed","ping_status":"open","sticky":false,"template":"","format":"standard","meta":{"om_disable_all_campaigns":false,"_monsterinsights_skip_tracking":false,"_monsterinsights_sitenote_active":false,"_monsterinsights_sitenote_note":"","_monsterinsights_sitenote_category":0,"ngg_post_thumbnail":0,"two_page_speed":[],"footnotes":""},"categories":[2,219,17],"tags":[],"class_list":["post-7195","post","type-post","status-publish","format-standard","has-post-thumbnail","hentry","category-plus","category-wszystkie-materialy","category-sport-w-czechach"],"yoast_head":"<!-- This site is optimized with the Yoast SEO plugin v27.5 - https:\/\/yoast.com\/product\/yoast-seo-wordpress\/ -->\n<title>Dw\u00f3ch Czech\u00f3w walczy\u0142o w barwach Rakowa w hicie Ekstraklasy &#187;<\/title>\n<meta name=\"description\" content=\"Dw\u00f3ch Czech\u00f3w, Schwarz i Bartl pojawi\u0142o si\u0119 w pi\u0105tek wieczorem w podstawowym sk\u0142adzie Rakowa i walczy\u0142o przeciwko Pogoni Szczecin.\" \/>\n<meta name=\"robots\" content=\"index, follow, max-snippet:-1, max-image-preview:large, max-video-preview:-1\" \/>\n<link rel=\"canonical\" href=\"https:\/\/iczechy.pl\/index.php\/2021\/01\/30\/dwoch-czechow-walczylo-w-barwach-rakowa-w-piatkowym-hicie-ekstraklasy\/\" \/>\n<meta property=\"og:locale\" content=\"pl_PL\" \/>\n<meta property=\"og:type\" content=\"article\" \/>\n<meta property=\"og:title\" content=\"Dw\u00f3ch Czech\u00f3w walczy\u0142o w barwach Rakowa w hicie Ekstraklasy &#187;\" \/>\n<meta property=\"og:description\" content=\"Dw\u00f3ch Czech\u00f3w, Schwarz i Bartl pojawi\u0142o si\u0119 w pi\u0105tek wieczorem w podstawowym sk\u0142adzie Rakowa i walczy\u0142o przeciwko Pogoni Szczecin.\" \/>\n<meta property=\"og:url\" content=\"https:\/\/iczechy.pl\/index.php\/2021\/01\/30\/dwoch-czechow-walczylo-w-barwach-rakowa-w-piatkowym-hicie-ekstraklasy\/\" \/>\n<meta property=\"og:site_name\" content=\"iCzechy.pl\" \/>\n<meta property=\"article:published_time\" content=\"2021-01-30T11:55:46+00:00\" \/>\n<meta property=\"article:modified_time\" content=\"2021-02-08T09:33:55+00:00\" \/>\n<meta property=\"og:image\" content=\"https:\/\/iczechy.pl\/wp-content\/uploads\/2021\/01\/144276915_762711244638346_2484207072710084814_n-scaled.jpg\" \/>\n\t<meta property=\"og:image:width\" content=\"1080\" \/>\n\t<meta property=\"og:image:height\" content=\"720\" \/>\n\t<meta property=\"og:image:type\" content=\"image\/jpeg\" \/>\n<meta name=\"author\" content=\"Przemys\u0142aw Podola\u0144ski\" \/>\n<meta name=\"twitter:card\" content=\"summary_large_image\" \/>\n<meta name=\"twitter:creator\" content=\"@iCzechy_pl\" \/>\n<meta name=\"twitter:site\" content=\"@iCzechy_pl\" \/>\n<meta name=\"twitter:label1\" content=\"Napisane przez\" \/>\n\t<meta name=\"twitter:data1\" content=\"Przemys\u0142aw Podola\u0144ski\" \/>\n\t<meta name=\"twitter:label2\" content=\"Szacowany czas czytania\" \/>\n\t<meta name=\"twitter:data2\" content=\"1 minuta\" \/>\n<script type=\"application\/ld+json\" class=\"yoast-schema-graph\">{\"@context\":\"https:\\\/\\\/schema.org\",\"@graph\":[{\"@type\":\"Article\",\"@id\":\"https:\\\/\\\/iczechy.pl\\\/index.php\\\/2021\\\/01\\\/30\\\/dwoch-czechow-walczylo-w-barwach-rakowa-w-piatkowym-hicie-ekstraklasy\\\/#article\",\"isPartOf\":{\"@id\":\"https:\\\/\\\/iczechy.pl\\\/index.php\\\/2021\\\/01\\\/30\\\/dwoch-czechow-walczylo-w-barwach-rakowa-w-piatkowym-hicie-ekstraklasy\\\/\"},\"author\":{\"name\":\"Przemys\u0142aw Podola\u0144ski\",\"@id\":\"https:\\\/\\\/iczechy.pl\\\/#\\\/schema\\\/person\\\/5b7f56b637b26b9409bc4574ea821c9a\"},\"headline\":\"Dw\u00f3ch Czech\u00f3w walczy\u0142o w barwach Rakowa w pi\u0105tkowym hicie Ekstraklasy\",\"datePublished\":\"2021-01-30T11:55:46+00:00\",\"dateModified\":\"2021-02-08T09:33:55+00:00\",\"mainEntityOfPage\":{\"@id\":\"https:\\\/\\\/iczechy.pl\\\/index.php\\\/2021\\\/01\\\/30\\\/dwoch-czechow-walczylo-w-barwach-rakowa-w-piatkowym-hicie-ekstraklasy\\\/\"},\"wordCount\":187,\"publisher\":{\"@id\":\"https:\\\/\\\/iczechy.pl\\\/#organization\"},\"image\":{\"@id\":\"https:\\\/\\\/iczechy.pl\\\/index.php\\\/2021\\\/01\\\/30\\\/dwoch-czechow-walczylo-w-barwach-rakowa-w-piatkowym-hicie-ekstraklasy\\\/#primaryimage\"},\"thumbnailUrl\":\"https:\\\/\\\/iczechy.pl\\\/wp-content\\\/uploads\\\/2021\\\/01\\\/144276915_762711244638346_2484207072710084814_n-scaled.jpg\",\"articleSection\":[\"+Plus\",\"+Wszystkie materia\u0142y\",\"Sport\"],\"inLanguage\":\"pl-PL\"},{\"@type\":\"WebPage\",\"@id\":\"https:\\\/\\\/iczechy.pl\\\/index.php\\\/2021\\\/01\\\/30\\\/dwoch-czechow-walczylo-w-barwach-rakowa-w-piatkowym-hicie-ekstraklasy\\\/\",\"url\":\"https:\\\/\\\/iczechy.pl\\\/index.php\\\/2021\\\/01\\\/30\\\/dwoch-czechow-walczylo-w-barwach-rakowa-w-piatkowym-hicie-ekstraklasy\\\/\",\"name\":\"Dw\u00f3ch Czech\u00f3w walczy\u0142o w barwach Rakowa w hicie Ekstraklasy &#187;\",\"isPartOf\":{\"@id\":\"https:\\\/\\\/iczechy.pl\\\/#website\"},\"primaryImageOfPage\":{\"@id\":\"https:\\\/\\\/iczechy.pl\\\/index.php\\\/2021\\\/01\\\/30\\\/dwoch-czechow-walczylo-w-barwach-rakowa-w-piatkowym-hicie-ekstraklasy\\\/#primaryimage\"},\"image\":{\"@id\":\"https:\\\/\\\/iczechy.pl\\\/index.php\\\/2021\\\/01\\\/30\\\/dwoch-czechow-walczylo-w-barwach-rakowa-w-piatkowym-hicie-ekstraklasy\\\/#primaryimage\"},\"thumbnailUrl\":\"https:\\\/\\\/iczechy.pl\\\/wp-content\\\/uploads\\\/2021\\\/01\\\/144276915_762711244638346_2484207072710084814_n-scaled.jpg\",\"datePublished\":\"2021-01-30T11:55:46+00:00\",\"dateModified\":\"2021-02-08T09:33:55+00:00\",\"description\":\"Dw\u00f3ch Czech\u00f3w, Schwarz i Bartl pojawi\u0142o si\u0119 w pi\u0105tek wieczorem w podstawowym sk\u0142adzie Rakowa i walczy\u0142o przeciwko Pogoni Szczecin.\",\"breadcrumb\":{\"@id\":\"https:\\\/\\\/iczechy.pl\\\/index.php\\\/2021\\\/01\\\/30\\\/dwoch-czechow-walczylo-w-barwach-rakowa-w-piatkowym-hicie-ekstraklasy\\\/#breadcrumb\"},\"inLanguage\":\"pl-PL\",\"potentialAction\":[{\"@type\":\"ReadAction\",\"target\":[\"https:\\\/\\\/iczechy.pl\\\/index.php\\\/2021\\\/01\\\/30\\\/dwoch-czechow-walczylo-w-barwach-rakowa-w-piatkowym-hicie-ekstraklasy\\\/\"]}]},{\"@type\":\"ImageObject\",\"inLanguage\":\"pl-PL\",\"@id\":\"https:\\\/\\\/iczechy.pl\\\/index.php\\\/2021\\\/01\\\/30\\\/dwoch-czechow-walczylo-w-barwach-rakowa-w-piatkowym-hicie-ekstraklasy\\\/#primaryimage\",\"url\":\"https:\\\/\\\/iczechy.pl\\\/wp-content\\\/uploads\\\/2021\\\/01\\\/144276915_762711244638346_2484207072710084814_n-scaled.jpg\",\"contentUrl\":\"https:\\\/\\\/iczechy.pl\\\/wp-content\\\/uploads\\\/2021\\\/01\\\/144276915_762711244638346_2484207072710084814_n-scaled.jpg\",\"width\":1080,\"height\":720,\"caption\":\"David Bartl (nr 27)\"},{\"@type\":\"BreadcrumbList\",\"@id\":\"https:\\\/\\\/iczechy.pl\\\/index.php\\\/2021\\\/01\\\/30\\\/dwoch-czechow-walczylo-w-barwach-rakowa-w-piatkowym-hicie-ekstraklasy\\\/#breadcrumb\",\"itemListElement\":[{\"@type\":\"ListItem\",\"position\":1,\"name\":\"Strona g\u0142\u00f3wna\",\"item\":\"https:\\\/\\\/iczechy.pl\\\/\"},{\"@type\":\"ListItem\",\"position\":2,\"name\":\"Dw\u00f3ch Czech\u00f3w walczy\u0142o w barwach Rakowa w pi\u0105tkowym hicie Ekstraklasy\"}]},{\"@type\":\"WebSite\",\"@id\":\"https:\\\/\\\/iczechy.pl\\\/#website\",\"url\":\"https:\\\/\\\/iczechy.pl\\\/\",\"name\":\"iCzechy.pl\",\"description\":\"i wiesz wi\u0119cej\",\"publisher\":{\"@id\":\"https:\\\/\\\/iczechy.pl\\\/#organization\"},\"potentialAction\":[{\"@type\":\"SearchAction\",\"target\":{\"@type\":\"EntryPoint\",\"urlTemplate\":\"https:\\\/\\\/iczechy.pl\\\/?s={search_term_string}\"},\"query-input\":{\"@type\":\"PropertyValueSpecification\",\"valueRequired\":true,\"valueName\":\"search_term_string\"}}],\"inLanguage\":\"pl-PL\"},{\"@type\":\"Organization\",\"@id\":\"https:\\\/\\\/iczechy.pl\\\/#organization\",\"name\":\"iCzechy.pl\",\"url\":\"https:\\\/\\\/iczechy.pl\\\/\",\"logo\":{\"@type\":\"ImageObject\",\"inLanguage\":\"pl-PL\",\"@id\":\"https:\\\/\\\/iczechy.pl\\\/#\\\/schema\\\/logo\\\/image\\\/\",\"url\":\"https:\\\/\\\/iczechy.pl\\\/wp-content\\\/uploads\\\/2020\\\/06\\\/iCzechy-2-300dpi-...i-wiesz-wiecej.png\",\"contentUrl\":\"https:\\\/\\\/iczechy.pl\\\/wp-content\\\/uploads\\\/2020\\\/06\\\/iCzechy-2-300dpi-...i-wiesz-wiecej.png\",\"width\":1280,\"height\":294,\"caption\":\"iCzechy.pl\"},\"image\":{\"@id\":\"https:\\\/\\\/iczechy.pl\\\/#\\\/schema\\\/logo\\\/image\\\/\"},\"sameAs\":[\"https:\\\/\\\/x.com\\\/iCzechy_pl\"]},{\"@type\":\"Person\",\"@id\":\"https:\\\/\\\/iczechy.pl\\\/#\\\/schema\\\/person\\\/5b7f56b637b26b9409bc4574ea821c9a\",\"name\":\"Przemys\u0142aw Podola\u0144ski\",\"image\":{\"@type\":\"ImageObject\",\"inLanguage\":\"pl-PL\",\"@id\":\"https:\\\/\\\/secure.gravatar.com\\\/avatar\\\/6951ad7ad13313601602eb3f0fac4d73d0a39ab2d9d7be31170e5e06e9898aa7?s=96&d=mm&r=g\",\"url\":\"https:\\\/\\\/secure.gravatar.com\\\/avatar\\\/6951ad7ad13313601602eb3f0fac4d73d0a39ab2d9d7be31170e5e06e9898aa7?s=96&d=mm&r=g\",\"contentUrl\":\"https:\\\/\\\/secure.gravatar.com\\\/avatar\\\/6951ad7ad13313601602eb3f0fac4d73d0a39ab2d9d7be31170e5e06e9898aa7?s=96&d=mm&r=g\",\"caption\":\"Przemys\u0142aw Podola\u0144ski\"},\"url\":\"https:\\\/\\\/iczechy.pl\\\/index.php\\\/author\\\/admin-2\\\/\"}]}<\/script>\n<!-- \/ Yoast SEO plugin. -->","yoast_head_json":{"title":"Dw\u00f3ch Czech\u00f3w walczy\u0142o w barwach Rakowa w hicie Ekstraklasy &#187;","description":"Dw\u00f3ch Czech\u00f3w, Schwarz i Bartl pojawi\u0142o si\u0119 w pi\u0105tek wieczorem w podstawowym sk\u0142adzie Rakowa i walczy\u0142o przeciwko Pogoni Szczecin.","robots":{"index":"index","follow":"follow","max-snippet":"max-snippet:-1","max-image-preview":"max-image-preview:large","max-video-preview":"max-video-preview:-1"},"canonical":"https:\/\/iczechy.pl\/index.php\/2021\/01\/30\/dwoch-czechow-walczylo-w-barwach-rakowa-w-piatkowym-hicie-ekstraklasy\/","og_locale":"pl_PL","og_type":"article","og_title":"Dw\u00f3ch Czech\u00f3w walczy\u0142o w barwach Rakowa w hicie Ekstraklasy &#187;","og_description":"Dw\u00f3ch Czech\u00f3w, Schwarz i Bartl pojawi\u0142o si\u0119 w pi\u0105tek wieczorem w podstawowym sk\u0142adzie Rakowa i walczy\u0142o przeciwko Pogoni Szczecin.","og_url":"https:\/\/iczechy.pl\/index.php\/2021\/01\/30\/dwoch-czechow-walczylo-w-barwach-rakowa-w-piatkowym-hicie-ekstraklasy\/","og_site_name":"iCzechy.pl","article_published_time":"2021-01-30T11:55:46+00:00","article_modified_time":"2021-02-08T09:33:55+00:00","og_image":[{"width":1080,"height":720,"url":"https:\/\/iczechy.pl\/wp-content\/uploads\/2021\/01\/144276915_762711244638346_2484207072710084814_n-scaled.jpg","type":"image\/jpeg"}],"author":"Przemys\u0142aw Podola\u0144ski","twitter_card":"summary_large_image","twitter_creator":"@iCzechy_pl","twitter_site":"@iCzechy_pl","twitter_misc":{"Napisane przez":"Przemys\u0142aw Podola\u0144ski","Szacowany czas czytania":"1 minuta"},"schema":{"@context":"https:\/\/schema.org","@graph":[{"@type":"Article","@id":"https:\/\/iczechy.pl\/index.php\/2021\/01\/30\/dwoch-czechow-walczylo-w-barwach-rakowa-w-piatkowym-hicie-ekstraklasy\/#article","isPartOf":{"@id":"https:\/\/iczechy.pl\/index.php\/2021\/01\/30\/dwoch-czechow-walczylo-w-barwach-rakowa-w-piatkowym-hicie-ekstraklasy\/"},"author":{"name":"Przemys\u0142aw Podola\u0144ski","@id":"https:\/\/iczechy.pl\/#\/schema\/person\/5b7f56b637b26b9409bc4574ea821c9a"},"headline":"Dw\u00f3ch Czech\u00f3w walczy\u0142o w barwach Rakowa w pi\u0105tkowym hicie Ekstraklasy","datePublished":"2021-01-30T11:55:46+00:00","dateModified":"2021-02-08T09:33:55+00:00","mainEntityOfPage":{"@id":"https:\/\/iczechy.pl\/index.php\/2021\/01\/30\/dwoch-czechow-walczylo-w-barwach-rakowa-w-piatkowym-hicie-ekstraklasy\/"},"wordCount":187,"publisher":{"@id":"https:\/\/iczechy.pl\/#organization"},"image":{"@id":"https:\/\/iczechy.pl\/index.php\/2021\/01\/30\/dwoch-czechow-walczylo-w-barwach-rakowa-w-piatkowym-hicie-ekstraklasy\/#primaryimage"},"thumbnailUrl":"https:\/\/iczechy.pl\/wp-content\/uploads\/2021\/01\/144276915_762711244638346_2484207072710084814_n-scaled.jpg","articleSection":["+Plus","+Wszystkie materia\u0142y","Sport"],"inLanguage":"pl-PL"},{"@type":"WebPage","@id":"https:\/\/iczechy.pl\/index.php\/2021\/01\/30\/dwoch-czechow-walczylo-w-barwach-rakowa-w-piatkowym-hicie-ekstraklasy\/","url":"https:\/\/iczechy.pl\/index.php\/2021\/01\/30\/dwoch-czechow-walczylo-w-barwach-rakowa-w-piatkowym-hicie-ekstraklasy\/","name":"Dw\u00f3ch Czech\u00f3w walczy\u0142o w barwach Rakowa w hicie Ekstraklasy &#187;","isPartOf":{"@id":"https:\/\/iczechy.pl\/#website"},"primaryImageOfPage":{"@id":"https:\/\/iczechy.pl\/index.php\/2021\/01\/30\/dwoch-czechow-walczylo-w-barwach-rakowa-w-piatkowym-hicie-ekstraklasy\/#primaryimage"},"image":{"@id":"https:\/\/iczechy.pl\/index.php\/2021\/01\/30\/dwoch-czechow-walczylo-w-barwach-rakowa-w-piatkowym-hicie-ekstraklasy\/#primaryimage"},"thumbnailUrl":"https:\/\/iczechy.pl\/wp-content\/uploads\/2021\/01\/144276915_762711244638346_2484207072710084814_n-scaled.jpg","datePublished":"2021-01-30T11:55:46+00:00","dateModified":"2021-02-08T09:33:55+00:00","description":"Dw\u00f3ch Czech\u00f3w, Schwarz i Bartl pojawi\u0142o si\u0119 w pi\u0105tek wieczorem w podstawowym sk\u0142adzie Rakowa i walczy\u0142o przeciwko Pogoni Szczecin.","breadcrumb":{"@id":"https:\/\/iczechy.pl\/index.php\/2021\/01\/30\/dwoch-czechow-walczylo-w-barwach-rakowa-w-piatkowym-hicie-ekstraklasy\/#breadcrumb"},"inLanguage":"pl-PL","potentialAction":[{"@type":"ReadAction","target":["https:\/\/iczechy.pl\/index.php\/2021\/01\/30\/dwoch-czechow-walczylo-w-barwach-rakowa-w-piatkowym-hicie-ekstraklasy\/"]}]},{"@type":"ImageObject","inLanguage":"pl-PL","@id":"https:\/\/iczechy.pl\/index.php\/2021\/01\/30\/dwoch-czechow-walczylo-w-barwach-rakowa-w-piatkowym-hicie-ekstraklasy\/#primaryimage","url":"https:\/\/iczechy.pl\/wp-content\/uploads\/2021\/01\/144276915_762711244638346_2484207072710084814_n-scaled.jpg","contentUrl":"https:\/\/iczechy.pl\/wp-content\/uploads\/2021\/01\/144276915_762711244638346_2484207072710084814_n-scaled.jpg","width":1080,"height":720,"caption":"David Bartl (nr 27)"},{"@type":"BreadcrumbList","@id":"https:\/\/iczechy.pl\/index.php\/2021\/01\/30\/dwoch-czechow-walczylo-w-barwach-rakowa-w-piatkowym-hicie-ekstraklasy\/#breadcrumb","itemListElement":[{"@type":"ListItem","position":1,"name":"Strona g\u0142\u00f3wna","item":"https:\/\/iczechy.pl\/"},{"@type":"ListItem","position":2,"name":"Dw\u00f3ch Czech\u00f3w walczy\u0142o w barwach Rakowa w pi\u0105tkowym hicie Ekstraklasy"}]},{"@type":"WebSite","@id":"https:\/\/iczechy.pl\/#website","url":"https:\/\/iczechy.pl\/","name":"iCzechy.pl","description":"i wiesz wi\u0119cej","publisher":{"@id":"https:\/\/iczechy.pl\/#organization"},"potentialAction":[{"@type":"SearchAction","target":{"@type":"EntryPoint","urlTemplate":"https:\/\/iczechy.pl\/?s={search_term_string}"},"query-input":{"@type":"PropertyValueSpecification","valueRequired":true,"valueName":"search_term_string"}}],"inLanguage":"pl-PL"},{"@type":"Organization","@id":"https:\/\/iczechy.pl\/#organization","name":"iCzechy.pl","url":"https:\/\/iczechy.pl\/","logo":{"@type":"ImageObject","inLanguage":"pl-PL","@id":"https:\/\/iczechy.pl\/#\/schema\/logo\/image\/","url":"https:\/\/iczechy.pl\/wp-content\/uploads\/2020\/06\/iCzechy-2-300dpi-...i-wiesz-wiecej.png","contentUrl":"https:\/\/iczechy.pl\/wp-content\/uploads\/2020\/06\/iCzechy-2-300dpi-...i-wiesz-wiecej.png","width":1280,"height":294,"caption":"iCzechy.pl"},"image":{"@id":"https:\/\/iczechy.pl\/#\/schema\/logo\/image\/"},"sameAs":["https:\/\/x.com\/iCzechy_pl"]},{"@type":"Person","@id":"https:\/\/iczechy.pl\/#\/schema\/person\/5b7f56b637b26b9409bc4574ea821c9a","name":"Przemys\u0142aw Podola\u0144ski","image":{"@type":"ImageObject","inLanguage":"pl-PL","@id":"https:\/\/secure.gravatar.com\/avatar\/6951ad7ad13313601602eb3f0fac4d73d0a39ab2d9d7be31170e5e06e9898aa7?s=96&d=mm&r=g","url":"https:\/\/secure.gravatar.com\/avatar\/6951ad7ad13313601602eb3f0fac4d73d0a39ab2d9d7be31170e5e06e9898aa7?s=96&d=mm&r=g","contentUrl":"https:\/\/secure.gravatar.com\/avatar\/6951ad7ad13313601602eb3f0fac4d73d0a39ab2d9d7be31170e5e06e9898aa7?s=96&d=mm&r=g","caption":"Przemys\u0142aw Podola\u0144ski"},"url":"https:\/\/iczechy.pl\/index.php\/author\/admin-2\/"}]}},"_links":{"self":[{"href":"https:\/\/iczechy.pl\/index.php\/wp-json\/wp\/v2\/posts\/7195","targetHints":{"allow":["GET"]}}],"collection":[{"href":"https:\/\/iczechy.pl\/index.php\/wp-json\/wp\/v2\/posts"}],"about":[{"href":"https:\/\/iczechy.pl\/index.php\/wp-json\/wp\/v2\/types\/post"}],"author":[{"embeddable":true,"href":"https:\/\/iczechy.pl\/index.php\/wp-json\/wp\/v2\/users\/7"}],"replies":[{"embeddable":true,"href":"https:\/\/iczechy.pl\/index.php\/wp-json\/wp\/v2\/comments?post=7195"}],"version-history":[{"count":6,"href":"https:\/\/iczechy.pl\/index.php\/wp-json\/wp\/v2\/posts\/7195\/revisions"}],"predecessor-version":[{"id":7205,"href":"https:\/\/iczechy.pl\/index.php\/wp-json\/wp\/v2\/posts\/7195\/revisions\/7205"}],"wp:featuredmedia":[{"embeddable":true,"href":"https:\/\/iczechy.pl\/index.php\/wp-json\/wp\/v2\/media\/7204"}],"wp:attachment":[{"href":"https:\/\/iczechy.pl\/index.php\/wp-json\/wp\/v2\/media?parent=7195"}],"wp:term":[{"taxonomy":"category","embeddable":true,"href":"https:\/\/iczechy.pl\/index.php\/wp-json\/wp\/v2\/categories?post=7195"},{"taxonomy":"post_tag","embeddable":true,"href":"https:\/\/iczechy.pl\/index.php\/wp-json\/wp\/v2\/tags?post=7195"}],"curies":[{"name":"wp","href":"https:\/\/api.w.org\/{rel}","templated":true}]}}