{"id":7181,"date":"2021-01-29T01:35:25","date_gmt":"2021-01-29T00:35:25","guid":{"rendered":"https:\/\/iczechy.pl\/?p=7181"},"modified":"2022-02-11T08:58:16","modified_gmt":"2022-02-11T07:58:16","slug":"wjazd-do-czech-2021-czechy-rozszerzaja-ograniczenia-cudzoziemcow","status":"publish","type":"post","link":"https:\/\/iczechy.pl\/index.php\/2021\/01\/29\/wjazd-do-czech-2021-czechy-rozszerzaja-ograniczenia-cudzoziemcow\/","title":{"rendered":"Czechy rozszerzaj\u0105 ograniczenia wjazdu cudzoziemc\u00f3w"},"content":{"rendered":"<p><strong><span class=\"VIiyi\" lang=\"pl\"><span class=\"JLqJ4b ChMk0b\" data-language-for-alternatives=\"pl\" data-language-to-translate-into=\"auto\" data-phrase-index=\"0\">Od soboty 30 stycznia w Czechach nast\u0105pi\u0105 cz\u0119\u015bciowe zmiany w \u015brodkach antykryzysowych, kt\u00f3re maj\u0105 na celu ograniczenie rozprzestrzeniania si\u0119 epidemii COVID-19.<\/span> Decyzje zapad\u0142y na nadzwyczajnym posiedzeniu rz\u0105du <span class=\"JLqJ4b ChMk0b\" data-language-for-alternatives=\"pl\" data-language-to-translate-into=\"auto\" data-phrase-index=\"1\">Andreja Babi\u0161a <\/span><span class=\"JLqJ4b ChMk0b\" data-language-for-alternatives=\"pl\" data-language-to-translate-into=\"auto\" data-phrase-index=\"1\">w czwartek 28 stycznia 2021 r.&nbsp;<\/span><\/span><\/strong><\/p>\n<p><span class=\"VIiyi\" lang=\"pl\"><span class=\"JLqJ4b ChMk0b\" data-language-for-alternatives=\"pl\" data-language-to-translate-into=\"auto\" data-phrase-index=\"0\">Przyczyn\u0105 podj\u0119cia nowych dzia\u0142a\u0144 jest niekorzystna sytuacja epidemiczna oraz zagro\u017cenie rozprzestrzeniania si\u0119 bardziej zara\u017aliwej, tzw. &#8222;brytyjskiej&#8221; mutacji wirusa SARS-CoV-2 na terytorium Czech.<\/span> <span class=\"JLqJ4b ChMk0b\" data-language-for-alternatives=\"pl\" data-language-to-translate-into=\"auto\" data-phrase-index=\"1\">Zmiany dotycz\u0105 g\u0142\u00f3wnie zasad swobodnego przep\u0142ywu os\u00f3b oraz ogranicze\u0144 w handlu i us\u0142ugach.<\/span><\/span><\/p>\n<p>Angloj\u0119zyczny <a href=\"https:\/\/twitter.com\/CzechMFA\" target=\"_blank\" rel=\"noopener\">tweet<\/a> zamieszczony na oficjalnym koncie czeskiego Ministerstwa Spraw Zagranicznych informuje o rozszerzeniu zakazu wjazdu cudzoziemc\u00f3w do Czech bez wa\u017cnego powodu. Zakazane maj\u0105 by\u0107 podr\u00f3\u017ce niezale\u017cnie od kraju &#8211; <a href=\"https:\/\/koronavirus.mzcr.cz\/seznam-zemi-podle-miry-rizika-nakazy\/\" target=\"_blank\" rel=\"noopener\">zielonego, pomara\u0144czowego czy czerwonego.<\/a> Polska od wielu tygodni zaliczana jest do ostatniej, czerwonej grupy kraj\u00f3w o najwy\u017cszym stopniu ryzyka zaka\u017cenia.<\/p>\n<p><a href=\"https:\/\/iczechy.pl\/wp-content\/uploads\/2021\/01\/Tweet-MZV-CR.png\"><img decoding=\"async\" class=\"aligncenter wp-image-7183 lazyload\" data-src=\"https:\/\/iczechy.pl\/wp-content\/uploads\/2021\/01\/Tweet-MZV-CR-300x300.png\" alt=\"\" width=\"400\" height=\"401\" data-srcset=\"https:\/\/iczechy.pl\/wp-content\/uploads\/2021\/01\/Tweet-MZV-CR-300x300.png 300w, https:\/\/iczechy.pl\/wp-content\/uploads\/2021\/01\/Tweet-MZV-CR-150x150.png 150w, https:\/\/iczechy.pl\/wp-content\/uploads\/2021\/01\/Tweet-MZV-CR-768x770.png 768w, https:\/\/iczechy.pl\/wp-content\/uploads\/2021\/01\/Tweet-MZV-CR.png 824w\" data-sizes=\"(max-width: 400px) 100vw, 400px\" src=\"data:image\/svg+xml;base64,PHN2ZyB3aWR0aD0iMSIgaGVpZ2h0PSIxIiB4bWxucz0iaHR0cDovL3d3dy53My5vcmcvMjAwMC9zdmciPjwvc3ZnPg==\" style=\"--smush-placeholder-width: 400px; --smush-placeholder-aspect-ratio: 400\/401;\" \/><\/a><\/p>\n<p>W praktyce nic si\u0119 nie zmieni dla obcokrajowc\u00f3w. <a href=\"https:\/\/www.mvcr.cz\/clanek\/coronavirus-informace-mv.aspx\" target=\"_blank\" rel=\"noopener\">Na stronie internetowej Ministerstwa Spraw Wewn\u0119trznych<\/a> nadal widniej\u0105 informacje z 18 grudnia o <a href=\"https:\/\/iczechy.pl\/index.php\/2020\/12\/27\/w-czechach-obowiazuja-nowe-obostrzenia-zgodnie-z-pes\/\" target=\"_blank\" rel=\"noopener\">zasadach wjazdu na terytorium Republiki Czeskiej<\/a> obywateli czeskich i obcokrajowc\u00f3w. W telefonicznej rozmowie konsultant z MSW RCz potwierdzi\u0142 redakcji <a href=\"https:\/\/iczechy.pl\/\" target=\"_blank\" rel=\"noopener\"><strong>iCzechy.pl<\/strong><\/a>, \u017ce nie zasz\u0142y \u017cadne zmiany zwi\u0105zane z tranzytem przez Republik\u0119 Czesk\u0105. Dozwolony jest przejazd przez czeskie terytorium, nie mo\u017ce on jednak trwa\u0107 d\u0142u\u017cej ni\u017c 12 godzin.<\/p>\n<p>Ministerialne centrum informacji dla obcokrajowc\u00f3w, wsp\u00f3\u0142finansowane przez Uni\u0119 Europejsk\u0105, dzia\u0142a od poniedzia\u0142ku do czwartku w godz. od 8.00 do 16.00, w pi\u0105tek od 8.00 do 12.00. Numer telefonu obs\u0142ugiwanego przez osoby m\u00f3wi\u0105ce w j. czeskim i angielskim <strong><a href=\"https:\/\/www.mvcr.cz\/clanek\/coronavirus-informace-mv.aspx\" target=\"_blank\" rel=\"noopener\">+420 974 820 680<\/a><\/strong>.&nbsp; Pytania do ministerstwa dotycz\u0105ce warunk\u00f3w wjazdu do Republiki Czeskiej mo\u017cna r\u00f3wnie\u017c kierowa\u0107 drog\u0105 mailow\u0105 &#8211; <strong><a href=\"https:\/\/www.mvcr.cz\/clanek\/coronavirus-informace-mv.aspx\" target=\"_blank\" rel=\"noopener\">cestovani.covid19@mvcr.cz<\/a><\/strong>. W<span class=\"VIiyi\" lang=\"pl\"><span class=\"JLqJ4b ChMk0b\" data-language-for-alternatives=\"pl\" data-language-to-translate-into=\"auto\" data-phrase-index=\"2\">nioski o indywidualne zwolnienia przy wje\u017adzie nie b\u0119d\u0105 rozpatrywane, Ministerstwo Spraw Wewn\u0119trznych Republiki Czeskiej nie przyznaje takowych zwolnie\u0144.&nbsp;<\/span><\/span><\/p>\n<p><em>\u0179r\u00f3d\u0142o: <a href=\"https:\/\/www.mzv.cz\/jnp\/\" target=\"_blank\" rel=\"noopener\">Ministerstwo Spraw Zagranicznych Republiki Czeskiej<\/a>, <a href=\"https:\/\/www.mvcr.cz\/\" target=\"_blank\" rel=\"noopener\">Ministerstwo Spraw Wewn\u0119trznych Republiki Czeskiej<\/a><\/em><\/p>\n","protected":false},"excerpt":{"rendered":"<p>Od soboty 30 stycznia w Czechach nast\u0105pi\u0105 cz\u0119\u015bciowe zmiany w \u015brodkach antykryzysowych, kt\u00f3re maj\u0105 na celu ograniczenie rozprzestrzeniania si\u0119 epidemii COVID-19. Decyzje zapad\u0142y na nadzwyczajnym posiedzeniu rz\u0105du Andreja Babi\u0161a w czwartek 28 stycznia 2021 r.&nbsp; Przyczyn\u0105 podj\u0119cia nowych dzia\u0142a\u0144 jest&#8230;<\/p>\n","protected":false},"author":7,"featured_media":979,"comment_status":"closed","ping_status":"open","sticky":false,"template":"","format":"standard","meta":{"om_disable_all_campaigns":false,"_monsterinsights_skip_tracking":false,"_monsterinsights_sitenote_active":false,"_monsterinsights_sitenote_note":"","_monsterinsights_sitenote_category":0,"ngg_post_thumbnail":0,"two_page_speed":[],"footnotes":""},"categories":[2,219,351],"tags":[],"class_list":["post-7181","post","type-post","status-publish","format-standard","has-post-thumbnail","hentry","category-plus","category-wszystkie-materialy","category-koronawirus-w-czechach"],"yoast_head":"<!-- This site is optimized with the Yoast SEO plugin v27.5 - https:\/\/yoast.com\/product\/yoast-seo-wordpress\/ -->\n<title>Wjazd do Czech 2021 - nast\u0105pi\u0105 minimalne zmiany dla cudzoziemc\u00f3w. &#187;<\/title>\n<meta name=\"description\" content=\"Dozwolony jest przejazd przez czeskie terytorium, nie mo\u017ce on jednak trwa\u0107 d\u0142u\u017cej ni\u017c 12 godzin. Dowiedz si\u0119, jakie zasady obowi\u0105zuj\u0105 na wjazd do Czech 2021\" \/>\n<meta name=\"robots\" content=\"index, follow, max-snippet:-1, max-image-preview:large, max-video-preview:-1\" \/>\n<link rel=\"canonical\" href=\"https:\/\/iczechy.pl\/index.php\/2021\/01\/29\/wjazd-do-czech-2021-czechy-rozszerzaja-ograniczenia-cudzoziemcow\/\" \/>\n<meta property=\"og:locale\" content=\"pl_PL\" \/>\n<meta property=\"og:type\" content=\"article\" \/>\n<meta property=\"og:title\" content=\"Wjazd do Czech 2021 - nast\u0105pi\u0105 minimalne zmiany dla cudzoziemc\u00f3w. &#187;\" \/>\n<meta property=\"og:description\" content=\"Dozwolony jest przejazd przez czeskie terytorium, nie mo\u017ce on jednak trwa\u0107 d\u0142u\u017cej ni\u017c 12 godzin. Dowiedz si\u0119, jakie zasady obowi\u0105zuj\u0105 na wjazd do Czech 2021\" \/>\n<meta property=\"og:url\" content=\"https:\/\/iczechy.pl\/index.php\/2021\/01\/29\/wjazd-do-czech-2021-czechy-rozszerzaja-ograniczenia-cudzoziemcow\/\" \/>\n<meta property=\"og:site_name\" content=\"iCzechy.pl\" \/>\n<meta property=\"article:published_time\" content=\"2021-01-29T00:35:25+00:00\" \/>\n<meta property=\"article:modified_time\" content=\"2022-02-11T07:58:16+00:00\" \/>\n<meta property=\"og:image\" content=\"https:\/\/iczechy.pl\/wp-content\/uploads\/2020\/03\/czech-republic-2249559_1920.jpg\" \/>\n\t<meta property=\"og:image:width\" content=\"960\" \/>\n\t<meta property=\"og:image:height\" content=\"720\" \/>\n\t<meta property=\"og:image:type\" content=\"image\/jpeg\" \/>\n<meta name=\"author\" content=\"Przemys\u0142aw Podola\u0144ski\" \/>\n<meta name=\"twitter:card\" content=\"summary_large_image\" \/>\n<meta name=\"twitter:creator\" content=\"@iCzechy_pl\" \/>\n<meta name=\"twitter:site\" content=\"@iCzechy_pl\" \/>\n<meta name=\"twitter:label1\" content=\"Napisane przez\" \/>\n\t<meta name=\"twitter:data1\" content=\"Przemys\u0142aw Podola\u0144ski\" \/>\n\t<meta name=\"twitter:label2\" content=\"Szacowany czas czytania\" \/>\n\t<meta name=\"twitter:data2\" content=\"2 minuty\" \/>\n<script type=\"application\/ld+json\" class=\"yoast-schema-graph\">{\"@context\":\"https:\\\/\\\/schema.org\",\"@graph\":[{\"@type\":\"Article\",\"@id\":\"https:\\\/\\\/iczechy.pl\\\/index.php\\\/2021\\\/01\\\/29\\\/wjazd-do-czech-2021-czechy-rozszerzaja-ograniczenia-cudzoziemcow\\\/#article\",\"isPartOf\":{\"@id\":\"https:\\\/\\\/iczechy.pl\\\/index.php\\\/2021\\\/01\\\/29\\\/wjazd-do-czech-2021-czechy-rozszerzaja-ograniczenia-cudzoziemcow\\\/\"},\"author\":{\"name\":\"Przemys\u0142aw Podola\u0144ski\",\"@id\":\"https:\\\/\\\/iczechy.pl\\\/#\\\/schema\\\/person\\\/5b7f56b637b26b9409bc4574ea821c9a\"},\"headline\":\"Czechy rozszerzaj\u0105 ograniczenia wjazdu cudzoziemc\u00f3w\",\"datePublished\":\"2021-01-29T00:35:25+00:00\",\"dateModified\":\"2022-02-11T07:58:16+00:00\",\"mainEntityOfPage\":{\"@id\":\"https:\\\/\\\/iczechy.pl\\\/index.php\\\/2021\\\/01\\\/29\\\/wjazd-do-czech-2021-czechy-rozszerzaja-ograniczenia-cudzoziemcow\\\/\"},\"wordCount\":322,\"publisher\":{\"@id\":\"https:\\\/\\\/iczechy.pl\\\/#organization\"},\"image\":{\"@id\":\"https:\\\/\\\/iczechy.pl\\\/index.php\\\/2021\\\/01\\\/29\\\/wjazd-do-czech-2021-czechy-rozszerzaja-ograniczenia-cudzoziemcow\\\/#primaryimage\"},\"thumbnailUrl\":\"https:\\\/\\\/iczechy.pl\\\/wp-content\\\/uploads\\\/2020\\\/03\\\/czech-republic-2249559_1920.jpg\",\"articleSection\":[\"+Plus\",\"+Wszystkie materia\u0142y\",\"Koronawirus\"],\"inLanguage\":\"pl-PL\"},{\"@type\":\"WebPage\",\"@id\":\"https:\\\/\\\/iczechy.pl\\\/index.php\\\/2021\\\/01\\\/29\\\/wjazd-do-czech-2021-czechy-rozszerzaja-ograniczenia-cudzoziemcow\\\/\",\"url\":\"https:\\\/\\\/iczechy.pl\\\/index.php\\\/2021\\\/01\\\/29\\\/wjazd-do-czech-2021-czechy-rozszerzaja-ograniczenia-cudzoziemcow\\\/\",\"name\":\"Wjazd do Czech 2021 - nast\u0105pi\u0105 minimalne zmiany dla cudzoziemc\u00f3w. &#187;\",\"isPartOf\":{\"@id\":\"https:\\\/\\\/iczechy.pl\\\/#website\"},\"primaryImageOfPage\":{\"@id\":\"https:\\\/\\\/iczechy.pl\\\/index.php\\\/2021\\\/01\\\/29\\\/wjazd-do-czech-2021-czechy-rozszerzaja-ograniczenia-cudzoziemcow\\\/#primaryimage\"},\"image\":{\"@id\":\"https:\\\/\\\/iczechy.pl\\\/index.php\\\/2021\\\/01\\\/29\\\/wjazd-do-czech-2021-czechy-rozszerzaja-ograniczenia-cudzoziemcow\\\/#primaryimage\"},\"thumbnailUrl\":\"https:\\\/\\\/iczechy.pl\\\/wp-content\\\/uploads\\\/2020\\\/03\\\/czech-republic-2249559_1920.jpg\",\"datePublished\":\"2021-01-29T00:35:25+00:00\",\"dateModified\":\"2022-02-11T07:58:16+00:00\",\"description\":\"Dozwolony jest przejazd przez czeskie terytorium, nie mo\u017ce on jednak trwa\u0107 d\u0142u\u017cej ni\u017c 12 godzin. Dowiedz si\u0119, jakie zasady obowi\u0105zuj\u0105 na wjazd do Czech 2021\",\"breadcrumb\":{\"@id\":\"https:\\\/\\\/iczechy.pl\\\/index.php\\\/2021\\\/01\\\/29\\\/wjazd-do-czech-2021-czechy-rozszerzaja-ograniczenia-cudzoziemcow\\\/#breadcrumb\"},\"inLanguage\":\"pl-PL\",\"potentialAction\":[{\"@type\":\"ReadAction\",\"target\":[\"https:\\\/\\\/iczechy.pl\\\/index.php\\\/2021\\\/01\\\/29\\\/wjazd-do-czech-2021-czechy-rozszerzaja-ograniczenia-cudzoziemcow\\\/\"]}]},{\"@type\":\"ImageObject\",\"inLanguage\":\"pl-PL\",\"@id\":\"https:\\\/\\\/iczechy.pl\\\/index.php\\\/2021\\\/01\\\/29\\\/wjazd-do-czech-2021-czechy-rozszerzaja-ograniczenia-cudzoziemcow\\\/#primaryimage\",\"url\":\"https:\\\/\\\/iczechy.pl\\\/wp-content\\\/uploads\\\/2020\\\/03\\\/czech-republic-2249559_1920.jpg\",\"contentUrl\":\"https:\\\/\\\/iczechy.pl\\\/wp-content\\\/uploads\\\/2020\\\/03\\\/czech-republic-2249559_1920.jpg\",\"width\":960,\"height\":720,\"caption\":\"wjazd do Czech 2021 W Czechach ko\u0144czy si\u0119 stan wyj\u0105tkowy\"},{\"@type\":\"BreadcrumbList\",\"@id\":\"https:\\\/\\\/iczechy.pl\\\/index.php\\\/2021\\\/01\\\/29\\\/wjazd-do-czech-2021-czechy-rozszerzaja-ograniczenia-cudzoziemcow\\\/#breadcrumb\",\"itemListElement\":[{\"@type\":\"ListItem\",\"position\":1,\"name\":\"Strona g\u0142\u00f3wna\",\"item\":\"https:\\\/\\\/iczechy.pl\\\/\"},{\"@type\":\"ListItem\",\"position\":2,\"name\":\"Czechy rozszerzaj\u0105 ograniczenia wjazdu cudzoziemc\u00f3w\"}]},{\"@type\":\"WebSite\",\"@id\":\"https:\\\/\\\/iczechy.pl\\\/#website\",\"url\":\"https:\\\/\\\/iczechy.pl\\\/\",\"name\":\"iCzechy.pl\",\"description\":\"i wiesz wi\u0119cej\",\"publisher\":{\"@id\":\"https:\\\/\\\/iczechy.pl\\\/#organization\"},\"potentialAction\":[{\"@type\":\"SearchAction\",\"target\":{\"@type\":\"EntryPoint\",\"urlTemplate\":\"https:\\\/\\\/iczechy.pl\\\/?s={search_term_string}\"},\"query-input\":{\"@type\":\"PropertyValueSpecification\",\"valueRequired\":true,\"valueName\":\"search_term_string\"}}],\"inLanguage\":\"pl-PL\"},{\"@type\":\"Organization\",\"@id\":\"https:\\\/\\\/iczechy.pl\\\/#organization\",\"name\":\"iCzechy.pl\",\"url\":\"https:\\\/\\\/iczechy.pl\\\/\",\"logo\":{\"@type\":\"ImageObject\",\"inLanguage\":\"pl-PL\",\"@id\":\"https:\\\/\\\/iczechy.pl\\\/#\\\/schema\\\/logo\\\/image\\\/\",\"url\":\"https:\\\/\\\/iczechy.pl\\\/wp-content\\\/uploads\\\/2020\\\/06\\\/iCzechy-2-300dpi-...i-wiesz-wiecej.png\",\"contentUrl\":\"https:\\\/\\\/iczechy.pl\\\/wp-content\\\/uploads\\\/2020\\\/06\\\/iCzechy-2-300dpi-...i-wiesz-wiecej.png\",\"width\":1280,\"height\":294,\"caption\":\"iCzechy.pl\"},\"image\":{\"@id\":\"https:\\\/\\\/iczechy.pl\\\/#\\\/schema\\\/logo\\\/image\\\/\"},\"sameAs\":[\"https:\\\/\\\/x.com\\\/iCzechy_pl\"]},{\"@type\":\"Person\",\"@id\":\"https:\\\/\\\/iczechy.pl\\\/#\\\/schema\\\/person\\\/5b7f56b637b26b9409bc4574ea821c9a\",\"name\":\"Przemys\u0142aw Podola\u0144ski\",\"image\":{\"@type\":\"ImageObject\",\"inLanguage\":\"pl-PL\",\"@id\":\"https:\\\/\\\/secure.gravatar.com\\\/avatar\\\/6951ad7ad13313601602eb3f0fac4d73d0a39ab2d9d7be31170e5e06e9898aa7?s=96&d=mm&r=g\",\"url\":\"https:\\\/\\\/secure.gravatar.com\\\/avatar\\\/6951ad7ad13313601602eb3f0fac4d73d0a39ab2d9d7be31170e5e06e9898aa7?s=96&d=mm&r=g\",\"contentUrl\":\"https:\\\/\\\/secure.gravatar.com\\\/avatar\\\/6951ad7ad13313601602eb3f0fac4d73d0a39ab2d9d7be31170e5e06e9898aa7?s=96&d=mm&r=g\",\"caption\":\"Przemys\u0142aw Podola\u0144ski\"},\"url\":\"https:\\\/\\\/iczechy.pl\\\/index.php\\\/author\\\/admin-2\\\/\"}]}<\/script>\n<!-- \/ Yoast SEO plugin. -->","yoast_head_json":{"title":"Wjazd do Czech 2021 - nast\u0105pi\u0105 minimalne zmiany dla cudzoziemc\u00f3w. &#187;","description":"Dozwolony jest przejazd przez czeskie terytorium, nie mo\u017ce on jednak trwa\u0107 d\u0142u\u017cej ni\u017c 12 godzin. Dowiedz si\u0119, jakie zasady obowi\u0105zuj\u0105 na wjazd do Czech 2021","robots":{"index":"index","follow":"follow","max-snippet":"max-snippet:-1","max-image-preview":"max-image-preview:large","max-video-preview":"max-video-preview:-1"},"canonical":"https:\/\/iczechy.pl\/index.php\/2021\/01\/29\/wjazd-do-czech-2021-czechy-rozszerzaja-ograniczenia-cudzoziemcow\/","og_locale":"pl_PL","og_type":"article","og_title":"Wjazd do Czech 2021 - nast\u0105pi\u0105 minimalne zmiany dla cudzoziemc\u00f3w. &#187;","og_description":"Dozwolony jest przejazd przez czeskie terytorium, nie mo\u017ce on jednak trwa\u0107 d\u0142u\u017cej ni\u017c 12 godzin. Dowiedz si\u0119, jakie zasady obowi\u0105zuj\u0105 na wjazd do Czech 2021","og_url":"https:\/\/iczechy.pl\/index.php\/2021\/01\/29\/wjazd-do-czech-2021-czechy-rozszerzaja-ograniczenia-cudzoziemcow\/","og_site_name":"iCzechy.pl","article_published_time":"2021-01-29T00:35:25+00:00","article_modified_time":"2022-02-11T07:58:16+00:00","og_image":[{"width":960,"height":720,"url":"https:\/\/iczechy.pl\/wp-content\/uploads\/2020\/03\/czech-republic-2249559_1920.jpg","type":"image\/jpeg"}],"author":"Przemys\u0142aw Podola\u0144ski","twitter_card":"summary_large_image","twitter_creator":"@iCzechy_pl","twitter_site":"@iCzechy_pl","twitter_misc":{"Napisane przez":"Przemys\u0142aw Podola\u0144ski","Szacowany czas czytania":"2 minuty"},"schema":{"@context":"https:\/\/schema.org","@graph":[{"@type":"Article","@id":"https:\/\/iczechy.pl\/index.php\/2021\/01\/29\/wjazd-do-czech-2021-czechy-rozszerzaja-ograniczenia-cudzoziemcow\/#article","isPartOf":{"@id":"https:\/\/iczechy.pl\/index.php\/2021\/01\/29\/wjazd-do-czech-2021-czechy-rozszerzaja-ograniczenia-cudzoziemcow\/"},"author":{"name":"Przemys\u0142aw Podola\u0144ski","@id":"https:\/\/iczechy.pl\/#\/schema\/person\/5b7f56b637b26b9409bc4574ea821c9a"},"headline":"Czechy rozszerzaj\u0105 ograniczenia wjazdu cudzoziemc\u00f3w","datePublished":"2021-01-29T00:35:25+00:00","dateModified":"2022-02-11T07:58:16+00:00","mainEntityOfPage":{"@id":"https:\/\/iczechy.pl\/index.php\/2021\/01\/29\/wjazd-do-czech-2021-czechy-rozszerzaja-ograniczenia-cudzoziemcow\/"},"wordCount":322,"publisher":{"@id":"https:\/\/iczechy.pl\/#organization"},"image":{"@id":"https:\/\/iczechy.pl\/index.php\/2021\/01\/29\/wjazd-do-czech-2021-czechy-rozszerzaja-ograniczenia-cudzoziemcow\/#primaryimage"},"thumbnailUrl":"https:\/\/iczechy.pl\/wp-content\/uploads\/2020\/03\/czech-republic-2249559_1920.jpg","articleSection":["+Plus","+Wszystkie materia\u0142y","Koronawirus"],"inLanguage":"pl-PL"},{"@type":"WebPage","@id":"https:\/\/iczechy.pl\/index.php\/2021\/01\/29\/wjazd-do-czech-2021-czechy-rozszerzaja-ograniczenia-cudzoziemcow\/","url":"https:\/\/iczechy.pl\/index.php\/2021\/01\/29\/wjazd-do-czech-2021-czechy-rozszerzaja-ograniczenia-cudzoziemcow\/","name":"Wjazd do Czech 2021 - nast\u0105pi\u0105 minimalne zmiany dla cudzoziemc\u00f3w. &#187;","isPartOf":{"@id":"https:\/\/iczechy.pl\/#website"},"primaryImageOfPage":{"@id":"https:\/\/iczechy.pl\/index.php\/2021\/01\/29\/wjazd-do-czech-2021-czechy-rozszerzaja-ograniczenia-cudzoziemcow\/#primaryimage"},"image":{"@id":"https:\/\/iczechy.pl\/index.php\/2021\/01\/29\/wjazd-do-czech-2021-czechy-rozszerzaja-ograniczenia-cudzoziemcow\/#primaryimage"},"thumbnailUrl":"https:\/\/iczechy.pl\/wp-content\/uploads\/2020\/03\/czech-republic-2249559_1920.jpg","datePublished":"2021-01-29T00:35:25+00:00","dateModified":"2022-02-11T07:58:16+00:00","description":"Dozwolony jest przejazd przez czeskie terytorium, nie mo\u017ce on jednak trwa\u0107 d\u0142u\u017cej ni\u017c 12 godzin. Dowiedz si\u0119, jakie zasady obowi\u0105zuj\u0105 na wjazd do Czech 2021","breadcrumb":{"@id":"https:\/\/iczechy.pl\/index.php\/2021\/01\/29\/wjazd-do-czech-2021-czechy-rozszerzaja-ograniczenia-cudzoziemcow\/#breadcrumb"},"inLanguage":"pl-PL","potentialAction":[{"@type":"ReadAction","target":["https:\/\/iczechy.pl\/index.php\/2021\/01\/29\/wjazd-do-czech-2021-czechy-rozszerzaja-ograniczenia-cudzoziemcow\/"]}]},{"@type":"ImageObject","inLanguage":"pl-PL","@id":"https:\/\/iczechy.pl\/index.php\/2021\/01\/29\/wjazd-do-czech-2021-czechy-rozszerzaja-ograniczenia-cudzoziemcow\/#primaryimage","url":"https:\/\/iczechy.pl\/wp-content\/uploads\/2020\/03\/czech-republic-2249559_1920.jpg","contentUrl":"https:\/\/iczechy.pl\/wp-content\/uploads\/2020\/03\/czech-republic-2249559_1920.jpg","width":960,"height":720,"caption":"wjazd do Czech 2021 W Czechach ko\u0144czy si\u0119 stan wyj\u0105tkowy"},{"@type":"BreadcrumbList","@id":"https:\/\/iczechy.pl\/index.php\/2021\/01\/29\/wjazd-do-czech-2021-czechy-rozszerzaja-ograniczenia-cudzoziemcow\/#breadcrumb","itemListElement":[{"@type":"ListItem","position":1,"name":"Strona g\u0142\u00f3wna","item":"https:\/\/iczechy.pl\/"},{"@type":"ListItem","position":2,"name":"Czechy rozszerzaj\u0105 ograniczenia wjazdu cudzoziemc\u00f3w"}]},{"@type":"WebSite","@id":"https:\/\/iczechy.pl\/#website","url":"https:\/\/iczechy.pl\/","name":"iCzechy.pl","description":"i wiesz wi\u0119cej","publisher":{"@id":"https:\/\/iczechy.pl\/#organization"},"potentialAction":[{"@type":"SearchAction","target":{"@type":"EntryPoint","urlTemplate":"https:\/\/iczechy.pl\/?s={search_term_string}"},"query-input":{"@type":"PropertyValueSpecification","valueRequired":true,"valueName":"search_term_string"}}],"inLanguage":"pl-PL"},{"@type":"Organization","@id":"https:\/\/iczechy.pl\/#organization","name":"iCzechy.pl","url":"https:\/\/iczechy.pl\/","logo":{"@type":"ImageObject","inLanguage":"pl-PL","@id":"https:\/\/iczechy.pl\/#\/schema\/logo\/image\/","url":"https:\/\/iczechy.pl\/wp-content\/uploads\/2020\/06\/iCzechy-2-300dpi-...i-wiesz-wiecej.png","contentUrl":"https:\/\/iczechy.pl\/wp-content\/uploads\/2020\/06\/iCzechy-2-300dpi-...i-wiesz-wiecej.png","width":1280,"height":294,"caption":"iCzechy.pl"},"image":{"@id":"https:\/\/iczechy.pl\/#\/schema\/logo\/image\/"},"sameAs":["https:\/\/x.com\/iCzechy_pl"]},{"@type":"Person","@id":"https:\/\/iczechy.pl\/#\/schema\/person\/5b7f56b637b26b9409bc4574ea821c9a","name":"Przemys\u0142aw Podola\u0144ski","image":{"@type":"ImageObject","inLanguage":"pl-PL","@id":"https:\/\/secure.gravatar.com\/avatar\/6951ad7ad13313601602eb3f0fac4d73d0a39ab2d9d7be31170e5e06e9898aa7?s=96&d=mm&r=g","url":"https:\/\/secure.gravatar.com\/avatar\/6951ad7ad13313601602eb3f0fac4d73d0a39ab2d9d7be31170e5e06e9898aa7?s=96&d=mm&r=g","contentUrl":"https:\/\/secure.gravatar.com\/avatar\/6951ad7ad13313601602eb3f0fac4d73d0a39ab2d9d7be31170e5e06e9898aa7?s=96&d=mm&r=g","caption":"Przemys\u0142aw Podola\u0144ski"},"url":"https:\/\/iczechy.pl\/index.php\/author\/admin-2\/"}]}},"_links":{"self":[{"href":"https:\/\/iczechy.pl\/index.php\/wp-json\/wp\/v2\/posts\/7181","targetHints":{"allow":["GET"]}}],"collection":[{"href":"https:\/\/iczechy.pl\/index.php\/wp-json\/wp\/v2\/posts"}],"about":[{"href":"https:\/\/iczechy.pl\/index.php\/wp-json\/wp\/v2\/types\/post"}],"author":[{"embeddable":true,"href":"https:\/\/iczechy.pl\/index.php\/wp-json\/wp\/v2\/users\/7"}],"replies":[{"embeddable":true,"href":"https:\/\/iczechy.pl\/index.php\/wp-json\/wp\/v2\/comments?post=7181"}],"version-history":[{"count":22,"href":"https:\/\/iczechy.pl\/index.php\/wp-json\/wp\/v2\/posts\/7181\/revisions"}],"predecessor-version":[{"id":9555,"href":"https:\/\/iczechy.pl\/index.php\/wp-json\/wp\/v2\/posts\/7181\/revisions\/9555"}],"wp:featuredmedia":[{"embeddable":true,"href":"https:\/\/iczechy.pl\/index.php\/wp-json\/wp\/v2\/media\/979"}],"wp:attachment":[{"href":"https:\/\/iczechy.pl\/index.php\/wp-json\/wp\/v2\/media?parent=7181"}],"wp:term":[{"taxonomy":"category","embeddable":true,"href":"https:\/\/iczechy.pl\/index.php\/wp-json\/wp\/v2\/categories?post=7181"},{"taxonomy":"post_tag","embeddable":true,"href":"https:\/\/iczechy.pl\/index.php\/wp-json\/wp\/v2\/tags?post=7181"}],"curies":[{"name":"wp","href":"https:\/\/api.w.org\/{rel}","templated":true}]}}