{"id":13032,"date":"2026-05-01T11:57:10","date_gmt":"2026-05-01T09:57:10","guid":{"rendered":"https:\/\/iczechy.pl\/?p=13032"},"modified":"2026-05-03T12:16:21","modified_gmt":"2026-05-03T10:16:21","slug":"praga-przemysl-na-wybiegu","status":"publish","type":"post","link":"https:\/\/iczechy.pl\/index.php\/2026\/05\/01\/praga-przemysl-na-wybiegu\/","title":{"rendered":"Praga: Przemys\u0142 na wybiegu"},"content":{"rendered":"<p data-path-to-node=\"3\"><strong><a href=\"https:\/\/iczechy.pl\/index.php\/praga\/\">Praga<\/a> przyzwyczai\u0142a nas do baroku, piwa i spacer\u00f3w \u015bladami Franza Kafki. Jednak w ten majowy weekend stolica Czech pokazuje zupe\u0142nie inne oblicze \u2013 nowoczesne, ambitne i zaskakuj\u0105co estetyczne. Na jednej z najdro\u017cszych ulic \u015brodkowej Europy, zamiast witryn luksusowych butik\u00f3w, wzrok przechodni\u00f3w przyci\u0105gaj\u0105 wielkoformatowe fotografie maszyn i wizjonerskich projekt\u00f3w. To sz\u00f3sta edycja \u201eCzech Industry Photo\u201d, kt\u00f3ra udowadnia, \u017ce przemys\u0142, je\u015bli poda\u0107 go z odpowiednim wyczuciem, mo\u017ce sta\u0107 si\u0119 now\u0105 atrakcj\u0105 turystyczn\u0105 miasta.<\/strong><\/p>\n<h3 data-path-to-node=\"4\">Przemys\u0142 na wybiegu: Innowacje zamiast butik\u00f3w<\/h3>\n<p data-path-to-node=\"5\"><b data-path-to-node=\"5\" data-index-in-node=\"0\">Ulica Na P\u0159\u00edkop\u011b<\/b>, \u0142\u0105cz\u0105ca plac Wac\u0142awa z placem Republiki, to symbol praskiego presti\u017cu. To tutaj bije handlowe serce miasta. Jednak <b data-path-to-node=\"5\" data-index-in-node=\"133\">do 7 maja<\/b> ta s\u0142ynna promenada przechodzi metamorfoz\u0119. Dzi\u0119ki plenerowej wystawie Czech Industry Photo, deptak sta\u0142 si\u0119 \u2013 niemal dos\u0142ownie \u2013 <b data-path-to-node=\"5\" data-index-in-node=\"273\">\u015bcie\u017ck\u0105 dydaktyczn\u0105<\/b>. Dla tysi\u0119cy turyst\u00f3w i mieszka\u0144c\u00f3w to do\u015bwiadczenie o\u017cywcze. Ekspozycja oferuje bowiem co\u015b wi\u0119cej ni\u017c tylko wizualny odpoczynek od zakup\u00f3w. To fascynuj\u0105ca podr\u00f3\u017c przez czesk\u0105 my\u015bl techniczn\u0105, kt\u00f3ra w tym roku zyska wyj\u0105tkowo dynamiczn\u0105 opraw\u0119. W pierwszy weekend maja wystawa stanie si\u0119 naturaln\u0105 scenografi\u0105 dla uczestnik\u00f3w <b data-path-to-node=\"5\" data-index-in-node=\"619\">Praskiego Maratonu Mi\u0119dzynarodowego<\/b>. <b data-path-to-node=\"5\" data-index-in-node=\"656\">Tysi\u0105ce biegaczy z ca\u0142ego \u015bwiata<\/b> min\u0105 rz\u0119dy wielkoformatowych zdj\u0119\u0107, kt\u00f3re pokazuj\u0105, \u017ce Czechy to przede wszystkim <b data-path-to-node=\"5\" data-index-in-node=\"771\">pot\u0119\u017cne zaplecze in\u017cynieryjne<\/b>.<\/p>\n<p data-path-to-node=\"5\"><a href=\"https:\/\/iczechy.pl\/wp-content\/uploads\/2026\/05\/Czech-Industry-02.webp\"><img decoding=\"async\" class=\"alignnone wp-image-13038 size-full lazyload\" data-src=\"https:\/\/iczechy.pl\/wp-content\/uploads\/2026\/05\/Czech-Industry-02.webp\" alt=\"\" width=\"800\" height=\"534\" data-srcset=\"https:\/\/iczechy.pl\/wp-content\/uploads\/2026\/05\/Czech-Industry-02.webp 800w, https:\/\/iczechy.pl\/wp-content\/uploads\/2026\/05\/Czech-Industry-02-300x200.webp 300w, https:\/\/iczechy.pl\/wp-content\/uploads\/2026\/05\/Czech-Industry-02-768x513.webp 768w, https:\/\/iczechy.pl\/wp-content\/uploads\/2026\/05\/Czech-Industry-02-391x260.webp 391w, https:\/\/iczechy.pl\/wp-content\/uploads\/2026\/05\/Czech-Industry-02-600x401.webp 600w\" data-sizes=\"(max-width: 800px) 100vw, 800px\" src=\"data:image\/svg+xml;base64,PHN2ZyB3aWR0aD0iMSIgaGVpZ2h0PSIxIiB4bWxucz0iaHR0cDovL3d3dy53My5vcmcvMjAwMC9zdmciPjwvc3ZnPg==\" style=\"--smush-placeholder-width: 800px; --smush-placeholder-aspect-ratio: 800\/534;\" \/><\/a><\/p>\n<h3 data-path-to-node=\"6\">Od szklanych schod\u00f3w po superpoci\u0105gi<\/h3>\n<p data-path-to-node=\"7\">Wystawa nie jest jedynie galeri\u0105 \u201e\u0142adnych obrazk\u00f3w\u201d. To manifestacja tego, co w czeskiej gospodarce najcenniejsze: <b data-path-to-node=\"7\" data-index-in-node=\"115\">po\u0142\u0105czenia \u015bwiatowej klasy designu z tradycyjnym rzemios\u0142em<\/b>. Kuratorzy wystawy postawili na r\u00f3\u017cnorodno\u015b\u0107, kt\u00f3ra potrafi zawstydzi\u0107 niejedno muzeum techniki. Spaceruj\u0105c wzd\u0142u\u017c Na P\u0159\u00edkop\u011b, mo\u017cemy zajrze\u0107 do miejsc na co dzie\u0144 niedost\u0119pnych. Na fotografiach uwieczniono m.in. <b data-path-to-node=\"7\" data-index-in-node=\"388\">nowe Schody Zamkowe<\/b>, za kt\u00f3rymi stoi posta\u0107 niemal kultowa \u2013 czeska architektka o \u015bwiatowej s\u0142awie, <b data-path-to-node=\"7\" data-index-in-node=\"488\">Eva Ji\u0159i\u010dn\u00e1<\/b>. Obok znajdziemy detale z wn\u0119trza <b data-path-to-node=\"7\" data-index-in-node=\"534\">nowego superpoci\u0105gu<\/b>, czy hipnotyzuj\u0105ce uj\u0119cia procesu wywa\u017cania gigantycznych turbin. Szczeg\u00f3lnie ciekawie prezentuje si\u0119 w\u0105tek edukacyjny. Wystawa oddaje g\u0142os m\u0142odemu pokoleniu \u2013 studentom i uczniom szk\u00f3\u0142 artystyczno-przemys\u0142owych. To wyra\u017any sygna\u0142: <b data-path-to-node=\"7\" data-index-in-node=\"786\">czeski system szkolnictwa zawodowego<\/b> wci\u0105\u017c jest fundamentem, na kt\u00f3rym wyrastaj\u0105 globalne sukcesy tamtejszych firm.<\/p>\n<h3 data-path-to-node=\"8\">\u201eSztuka w ruchu\u201d: Medycyna i kapsu\u0142y czasu<\/h3>\n<p data-path-to-node=\"9\">W tegorocznej edycji prym wiod\u0105 dwa praskie podmioty, kt\u00f3re skutecznie zacieraj\u0105 granice mi\u0119dzy in\u017cynieri\u0105 a sztuk\u0105. Pierwszym z nich jest <b data-path-to-node=\"9\" data-index-in-node=\"139\">BTL Medical Development<\/b>. Ich propozycja to futurystyczna <b data-path-to-node=\"9\" data-index-in-node=\"196\">robotyczna r\u0119kawica<\/b>, kt\u00f3ra w rzeczywisto\u015bci jest <b data-path-to-node=\"9\" data-index-in-node=\"245\">prze\u0142omem w rehabilitacji<\/b>. Jak t\u0142umaczy Tom\u00e1\u0161 Drbal, dyrektor techniczny firmy, urz\u0105dzenie to nie tylko asystuje przy ruchu, ale staje si\u0119 cierpliwym partnerem pacjenta. Zupe\u0142nie inne emocje budzi propozycja firmy <b data-path-to-node=\"9\" data-index-in-node=\"459\">V\u00fdtahy Praha<\/b>. Ich wielkoformatowe zdj\u0119cie przedstawia wertykalny, <b data-path-to-node=\"9\" data-index-in-node=\"525\">przeszklony tubus windy<\/b>, wykonany ze stali i szk\u0142a.<\/p>\n<p data-path-to-node=\"9\"><a href=\"https:\/\/iczechy.pl\/wp-content\/uploads\/2026\/05\/Czech-Industry-03.webp\"><img decoding=\"async\" class=\"alignnone wp-image-13039 size-full lazyload\" data-src=\"https:\/\/iczechy.pl\/wp-content\/uploads\/2026\/05\/Czech-Industry-03.webp\" alt=\"\" width=\"671\" height=\"1000\" data-srcset=\"https:\/\/iczechy.pl\/wp-content\/uploads\/2026\/05\/Czech-Industry-03.webp 671w, https:\/\/iczechy.pl\/wp-content\/uploads\/2026\/05\/Czech-Industry-03-201x300.webp 201w, https:\/\/iczechy.pl\/wp-content\/uploads\/2026\/05\/Czech-Industry-03-403x600.webp 403w\" data-sizes=\"(max-width: 671px) 100vw, 671px\" src=\"data:image\/svg+xml;base64,PHN2ZyB3aWR0aD0iMSIgaGVpZ2h0PSIxIiB4bWxucz0iaHR0cDovL3d3dy53My5vcmcvMjAwMC9zdmciPjwvc3ZnPg==\" style=\"--smush-placeholder-width: 671px; --smush-placeholder-aspect-ratio: 671\/1000;\" \/><\/a><\/p>\n<p data-path-to-node=\"10\">\u201ePrzemys\u0142 r\u00f3wnie\u017c mo\u017ce by\u0107 sztuk\u0105 w ruchu\u201d \u2013 twierdzi Pavel Jane\u010dek, wsp\u00f3\u0142w\u0142a\u015bciciel firmy. I trudno mu nie przyzna\u0107 racji. Kapsu\u0142a windy staje si\u0119 na tej wystawie symbolem precyzji i elegancji. To w\u0142a\u015bnie takie projekty sprawiaj\u0105, \u017ce czeski przemys\u0142 przestaje by\u0107 kojarzony z dymi\u0105cymi kominami, a zaczyna z <b data-path-to-node=\"10\" data-index-in-node=\"309\">luksusowym wzornictwem<\/b>.<\/p>\n<h3 data-path-to-node=\"11\">Misja: Odczarowa\u0107 fabryk\u0119<\/h3>\n<p data-path-to-node=\"12\">Czech Industry Photo to projekt w\u0119druj\u0105cy. Po po\u017cegnaniu z Prag\u0105, ekspozycja odwiedzi jeszcze <b data-path-to-node=\"12\" data-index-in-node=\"94\">dziesi\u0119\u0107 miast w Czechach i na Morawach<\/b>, kontynuuj\u0105c swoj\u0105 podr\u00f3\u017c a\u017c do <b data-path-to-node=\"12\" data-index-in-node=\"166\">po\u0142owy stycznia przysz\u0142ego roku<\/b>. Ka\u017cdemu zdj\u0119ciu towarzysz\u0105 <b data-path-to-node=\"12\" data-index-in-node=\"226\">dwuj\u0119zyczne opisy<\/b>, kt\u00f3re odkrywaj\u0105 przed widzem ukryte historie. Co ciekawe, ta ogromna operacja logistyczna i edukacyjna odbywa si\u0119 <b data-path-to-node=\"12\" data-index-in-node=\"359\">bez udzia\u0142u publicznych dotacji<\/b>. Za projektem stoi agencja PROMOLIGA\u00ae, kt\u00f3ra wraz z partnerami takimi jak <b data-path-to-node=\"12\" data-index-in-node=\"465\">Canon CZ<\/b>, udowadnia, \u017ce promocja innowacji mo\u017ce by\u0107 realizowana z pasji i poczucia spo\u0142ecznej odpowiedzialno\u015bci. To lektura obowi\u0105zkowa dla ka\u017cdego, kto chce zrozumie\u0107 <b data-path-to-node=\"12\" data-index-in-node=\"633\">fenomen czeskiego sukcesu gospodarczego<\/b>. To tak\u017ce doskona\u0142y pow\u00f3d, by zboczy\u0107 z g\u0142\u00f3wnych szlak\u00f3w turystycznych i spojrze\u0107 na Prag\u0119 przez pryzmat ludzkiego geniuszu.<\/p>\n<p>Szczeg\u00f3\u0142owe informacje o wystawie, harmonogram jej kolejnych przystank\u00f3w oraz fascynuj\u0105ce historie towarzysz\u0105ce poszczeg\u00f3lnym fotografiom s\u0105 dost\u0119pne w wersji cyfrowej na stronie <a class=\"ng-star-inserted\" href=\"https:\/\/www.google.com\/search?q=http:\/\/www.czechindustryphoto.com&amp;authuser=1\" target=\"_blank\" rel=\"noopener\" data-hveid=\"0\" data-ved=\"0CAAQ_4QMahgKEwirmcia05yUAxUAAAAAHQAAAAAQ2QE\">www.czechindustryphoto.com<\/a> (w j\u0119zyku czeskim i angielskim).<\/p>\n","protected":false},"excerpt":{"rendered":"<p>Praga przyzwyczai\u0142a nas do baroku, piwa i spacer\u00f3w \u015bladami Franza Kafki. Jednak w ten majowy weekend stolica Czech pokazuje zupe\u0142nie inne oblicze \u2013 nowoczesne, ambitne i zaskakuj\u0105co estetyczne. Na jednej z najdro\u017cszych ulic \u015brodkowej Europy, zamiast witryn luksusowych butik\u00f3w, wzrok&#8230;<\/p>\n","protected":false},"author":7,"featured_media":13037,"comment_status":"closed","ping_status":"open","sticky":false,"template":"","format":"standard","meta":{"om_disable_all_campaigns":false,"_monsterinsights_skip_tracking":false,"_monsterinsights_sitenote_active":false,"_monsterinsights_sitenote_note":"","_monsterinsights_sitenote_category":0,"ngg_post_thumbnail":0,"two_page_speed":[],"footnotes":""},"categories":[2,219,599,264],"tags":[],"class_list":["post-13032","post","type-post","status-publish","format-standard","has-post-thumbnail","hentry","category-plus","category-wszystkie-materialy","category-aktualnosci","category-praga"],"yoast_head":"<!-- This site is optimized with the Yoast SEO plugin v27.5 - https:\/\/yoast.com\/product\/yoast-seo-wordpress\/ -->\n<title>Praga: Przemys\u0142 na wybiegu &#187; iCzechy.pl<\/title>\n<meta name=\"robots\" content=\"index, follow, max-snippet:-1, max-image-preview:large, max-video-preview:-1\" \/>\n<link rel=\"canonical\" href=\"https:\/\/iczechy.pl\/index.php\/2026\/05\/01\/praga-przemysl-na-wybiegu\/\" \/>\n<meta property=\"og:locale\" content=\"pl_PL\" \/>\n<meta property=\"og:type\" content=\"article\" \/>\n<meta property=\"og:title\" content=\"Praga: Przemys\u0142 na wybiegu &#187; iCzechy.pl\" \/>\n<meta property=\"og:description\" content=\"Praga przyzwyczai\u0142a nas do baroku, piwa i spacer\u00f3w \u015bladami Franza Kafki. Jednak w ten majowy weekend stolica Czech pokazuje zupe\u0142nie inne oblicze \u2013 nowoczesne, ambitne i zaskakuj\u0105co estetyczne. Na jednej z najdro\u017cszych ulic \u015brodkowej Europy, zamiast witryn luksusowych butik\u00f3w, wzrok...\" \/>\n<meta property=\"og:url\" content=\"https:\/\/iczechy.pl\/index.php\/2026\/05\/01\/praga-przemysl-na-wybiegu\/\" \/>\n<meta property=\"og:site_name\" content=\"iCzechy.pl\" \/>\n<meta property=\"article:published_time\" content=\"2026-05-01T09:57:10+00:00\" \/>\n<meta property=\"article:modified_time\" content=\"2026-05-03T10:16:21+00:00\" \/>\n<meta property=\"og:image\" content=\"https:\/\/iczechy.pl\/wp-content\/uploads\/2026\/05\/Czech-Industry-01.webp\" \/>\n\t<meta property=\"og:image:width\" content=\"800\" \/>\n\t<meta property=\"og:image:height\" content=\"548\" \/>\n\t<meta property=\"og:image:type\" content=\"image\/webp\" \/>\n<meta name=\"author\" content=\"Przemys\u0142aw Podola\u0144ski\" \/>\n<meta name=\"twitter:card\" content=\"summary_large_image\" \/>\n<meta name=\"twitter:creator\" content=\"@iCzechy_pl\" \/>\n<meta name=\"twitter:site\" content=\"@iCzechy_pl\" \/>\n<meta name=\"twitter:label1\" content=\"Napisane przez\" \/>\n\t<meta name=\"twitter:data1\" content=\"Przemys\u0142aw Podola\u0144ski\" \/>\n\t<meta name=\"twitter:label2\" content=\"Szacowany czas czytania\" \/>\n\t<meta name=\"twitter:data2\" content=\"5 minut\" \/>\n<script type=\"application\/ld+json\" class=\"yoast-schema-graph\">{\"@context\":\"https:\\\/\\\/schema.org\",\"@graph\":[{\"@type\":\"Article\",\"@id\":\"https:\\\/\\\/iczechy.pl\\\/index.php\\\/2026\\\/05\\\/01\\\/praga-przemysl-na-wybiegu\\\/#article\",\"isPartOf\":{\"@id\":\"https:\\\/\\\/iczechy.pl\\\/index.php\\\/2026\\\/05\\\/01\\\/praga-przemysl-na-wybiegu\\\/\"},\"author\":{\"name\":\"Przemys\u0142aw Podola\u0144ski\",\"@id\":\"https:\\\/\\\/iczechy.pl\\\/#\\\/schema\\\/person\\\/5b7f56b637b26b9409bc4574ea821c9a\"},\"headline\":\"Praga: Przemys\u0142 na wybiegu\",\"datePublished\":\"2026-05-01T09:57:10+00:00\",\"dateModified\":\"2026-05-03T10:16:21+00:00\",\"mainEntityOfPage\":{\"@id\":\"https:\\\/\\\/iczechy.pl\\\/index.php\\\/2026\\\/05\\\/01\\\/praga-przemysl-na-wybiegu\\\/\"},\"wordCount\":702,\"publisher\":{\"@id\":\"https:\\\/\\\/iczechy.pl\\\/#organization\"},\"image\":{\"@id\":\"https:\\\/\\\/iczechy.pl\\\/index.php\\\/2026\\\/05\\\/01\\\/praga-przemysl-na-wybiegu\\\/#primaryimage\"},\"thumbnailUrl\":\"https:\\\/\\\/iczechy.pl\\\/wp-content\\\/uploads\\\/2026\\\/05\\\/Czech-Industry-01.webp\",\"articleSection\":[\"+Plus\",\"+Wszystkie materia\u0142y\",\"Aktualno\u015bci\",\"Praga\"],\"inLanguage\":\"pl-PL\"},{\"@type\":\"WebPage\",\"@id\":\"https:\\\/\\\/iczechy.pl\\\/index.php\\\/2026\\\/05\\\/01\\\/praga-przemysl-na-wybiegu\\\/\",\"url\":\"https:\\\/\\\/iczechy.pl\\\/index.php\\\/2026\\\/05\\\/01\\\/praga-przemysl-na-wybiegu\\\/\",\"name\":\"Praga: Przemys\u0142 na wybiegu &#187; iCzechy.pl\",\"isPartOf\":{\"@id\":\"https:\\\/\\\/iczechy.pl\\\/#website\"},\"primaryImageOfPage\":{\"@id\":\"https:\\\/\\\/iczechy.pl\\\/index.php\\\/2026\\\/05\\\/01\\\/praga-przemysl-na-wybiegu\\\/#primaryimage\"},\"image\":{\"@id\":\"https:\\\/\\\/iczechy.pl\\\/index.php\\\/2026\\\/05\\\/01\\\/praga-przemysl-na-wybiegu\\\/#primaryimage\"},\"thumbnailUrl\":\"https:\\\/\\\/iczechy.pl\\\/wp-content\\\/uploads\\\/2026\\\/05\\\/Czech-Industry-01.webp\",\"datePublished\":\"2026-05-01T09:57:10+00:00\",\"dateModified\":\"2026-05-03T10:16:21+00:00\",\"breadcrumb\":{\"@id\":\"https:\\\/\\\/iczechy.pl\\\/index.php\\\/2026\\\/05\\\/01\\\/praga-przemysl-na-wybiegu\\\/#breadcrumb\"},\"inLanguage\":\"pl-PL\",\"potentialAction\":[{\"@type\":\"ReadAction\",\"target\":[\"https:\\\/\\\/iczechy.pl\\\/index.php\\\/2026\\\/05\\\/01\\\/praga-przemysl-na-wybiegu\\\/\"]}]},{\"@type\":\"ImageObject\",\"inLanguage\":\"pl-PL\",\"@id\":\"https:\\\/\\\/iczechy.pl\\\/index.php\\\/2026\\\/05\\\/01\\\/praga-przemysl-na-wybiegu\\\/#primaryimage\",\"url\":\"https:\\\/\\\/iczechy.pl\\\/wp-content\\\/uploads\\\/2026\\\/05\\\/Czech-Industry-01.webp\",\"contentUrl\":\"https:\\\/\\\/iczechy.pl\\\/wp-content\\\/uploads\\\/2026\\\/05\\\/Czech-Industry-01.webp\",\"width\":800,\"height\":548},{\"@type\":\"BreadcrumbList\",\"@id\":\"https:\\\/\\\/iczechy.pl\\\/index.php\\\/2026\\\/05\\\/01\\\/praga-przemysl-na-wybiegu\\\/#breadcrumb\",\"itemListElement\":[{\"@type\":\"ListItem\",\"position\":1,\"name\":\"Strona g\u0142\u00f3wna\",\"item\":\"https:\\\/\\\/iczechy.pl\\\/\"},{\"@type\":\"ListItem\",\"position\":2,\"name\":\"Praga: Przemys\u0142 na wybiegu\"}]},{\"@type\":\"WebSite\",\"@id\":\"https:\\\/\\\/iczechy.pl\\\/#website\",\"url\":\"https:\\\/\\\/iczechy.pl\\\/\",\"name\":\"iCzechy.pl\",\"description\":\"i wiesz wi\u0119cej\",\"publisher\":{\"@id\":\"https:\\\/\\\/iczechy.pl\\\/#organization\"},\"potentialAction\":[{\"@type\":\"SearchAction\",\"target\":{\"@type\":\"EntryPoint\",\"urlTemplate\":\"https:\\\/\\\/iczechy.pl\\\/?s={search_term_string}\"},\"query-input\":{\"@type\":\"PropertyValueSpecification\",\"valueRequired\":true,\"valueName\":\"search_term_string\"}}],\"inLanguage\":\"pl-PL\"},{\"@type\":\"Organization\",\"@id\":\"https:\\\/\\\/iczechy.pl\\\/#organization\",\"name\":\"iCzechy.pl\",\"url\":\"https:\\\/\\\/iczechy.pl\\\/\",\"logo\":{\"@type\":\"ImageObject\",\"inLanguage\":\"pl-PL\",\"@id\":\"https:\\\/\\\/iczechy.pl\\\/#\\\/schema\\\/logo\\\/image\\\/\",\"url\":\"https:\\\/\\\/iczechy.pl\\\/wp-content\\\/uploads\\\/2020\\\/06\\\/iCzechy-2-300dpi-...i-wiesz-wiecej.png\",\"contentUrl\":\"https:\\\/\\\/iczechy.pl\\\/wp-content\\\/uploads\\\/2020\\\/06\\\/iCzechy-2-300dpi-...i-wiesz-wiecej.png\",\"width\":1280,\"height\":294,\"caption\":\"iCzechy.pl\"},\"image\":{\"@id\":\"https:\\\/\\\/iczechy.pl\\\/#\\\/schema\\\/logo\\\/image\\\/\"},\"sameAs\":[\"https:\\\/\\\/x.com\\\/iCzechy_pl\"]},{\"@type\":\"Person\",\"@id\":\"https:\\\/\\\/iczechy.pl\\\/#\\\/schema\\\/person\\\/5b7f56b637b26b9409bc4574ea821c9a\",\"name\":\"Przemys\u0142aw Podola\u0144ski\",\"image\":{\"@type\":\"ImageObject\",\"inLanguage\":\"pl-PL\",\"@id\":\"https:\\\/\\\/secure.gravatar.com\\\/avatar\\\/6951ad7ad13313601602eb3f0fac4d73d0a39ab2d9d7be31170e5e06e9898aa7?s=96&d=mm&r=g\",\"url\":\"https:\\\/\\\/secure.gravatar.com\\\/avatar\\\/6951ad7ad13313601602eb3f0fac4d73d0a39ab2d9d7be31170e5e06e9898aa7?s=96&d=mm&r=g\",\"contentUrl\":\"https:\\\/\\\/secure.gravatar.com\\\/avatar\\\/6951ad7ad13313601602eb3f0fac4d73d0a39ab2d9d7be31170e5e06e9898aa7?s=96&d=mm&r=g\",\"caption\":\"Przemys\u0142aw Podola\u0144ski\"},\"url\":\"https:\\\/\\\/iczechy.pl\\\/index.php\\\/author\\\/admin-2\\\/\"}]}<\/script>\n<!-- \/ Yoast SEO plugin. -->","yoast_head_json":{"title":"Praga: Przemys\u0142 na wybiegu &#187; iCzechy.pl","robots":{"index":"index","follow":"follow","max-snippet":"max-snippet:-1","max-image-preview":"max-image-preview:large","max-video-preview":"max-video-preview:-1"},"canonical":"https:\/\/iczechy.pl\/index.php\/2026\/05\/01\/praga-przemysl-na-wybiegu\/","og_locale":"pl_PL","og_type":"article","og_title":"Praga: Przemys\u0142 na wybiegu &#187; iCzechy.pl","og_description":"Praga przyzwyczai\u0142a nas do baroku, piwa i spacer\u00f3w \u015bladami Franza Kafki. Jednak w ten majowy weekend stolica Czech pokazuje zupe\u0142nie inne oblicze \u2013 nowoczesne, ambitne i zaskakuj\u0105co estetyczne. Na jednej z najdro\u017cszych ulic \u015brodkowej Europy, zamiast witryn luksusowych butik\u00f3w, wzrok...","og_url":"https:\/\/iczechy.pl\/index.php\/2026\/05\/01\/praga-przemysl-na-wybiegu\/","og_site_name":"iCzechy.pl","article_published_time":"2026-05-01T09:57:10+00:00","article_modified_time":"2026-05-03T10:16:21+00:00","og_image":[{"width":800,"height":548,"url":"https:\/\/iczechy.pl\/wp-content\/uploads\/2026\/05\/Czech-Industry-01.webp","type":"image\/webp"}],"author":"Przemys\u0142aw Podola\u0144ski","twitter_card":"summary_large_image","twitter_creator":"@iCzechy_pl","twitter_site":"@iCzechy_pl","twitter_misc":{"Napisane przez":"Przemys\u0142aw Podola\u0144ski","Szacowany czas czytania":"5 minut"},"schema":{"@context":"https:\/\/schema.org","@graph":[{"@type":"Article","@id":"https:\/\/iczechy.pl\/index.php\/2026\/05\/01\/praga-przemysl-na-wybiegu\/#article","isPartOf":{"@id":"https:\/\/iczechy.pl\/index.php\/2026\/05\/01\/praga-przemysl-na-wybiegu\/"},"author":{"name":"Przemys\u0142aw Podola\u0144ski","@id":"https:\/\/iczechy.pl\/#\/schema\/person\/5b7f56b637b26b9409bc4574ea821c9a"},"headline":"Praga: Przemys\u0142 na wybiegu","datePublished":"2026-05-01T09:57:10+00:00","dateModified":"2026-05-03T10:16:21+00:00","mainEntityOfPage":{"@id":"https:\/\/iczechy.pl\/index.php\/2026\/05\/01\/praga-przemysl-na-wybiegu\/"},"wordCount":702,"publisher":{"@id":"https:\/\/iczechy.pl\/#organization"},"image":{"@id":"https:\/\/iczechy.pl\/index.php\/2026\/05\/01\/praga-przemysl-na-wybiegu\/#primaryimage"},"thumbnailUrl":"https:\/\/iczechy.pl\/wp-content\/uploads\/2026\/05\/Czech-Industry-01.webp","articleSection":["+Plus","+Wszystkie materia\u0142y","Aktualno\u015bci","Praga"],"inLanguage":"pl-PL"},{"@type":"WebPage","@id":"https:\/\/iczechy.pl\/index.php\/2026\/05\/01\/praga-przemysl-na-wybiegu\/","url":"https:\/\/iczechy.pl\/index.php\/2026\/05\/01\/praga-przemysl-na-wybiegu\/","name":"Praga: Przemys\u0142 na wybiegu &#187; iCzechy.pl","isPartOf":{"@id":"https:\/\/iczechy.pl\/#website"},"primaryImageOfPage":{"@id":"https:\/\/iczechy.pl\/index.php\/2026\/05\/01\/praga-przemysl-na-wybiegu\/#primaryimage"},"image":{"@id":"https:\/\/iczechy.pl\/index.php\/2026\/05\/01\/praga-przemysl-na-wybiegu\/#primaryimage"},"thumbnailUrl":"https:\/\/iczechy.pl\/wp-content\/uploads\/2026\/05\/Czech-Industry-01.webp","datePublished":"2026-05-01T09:57:10+00:00","dateModified":"2026-05-03T10:16:21+00:00","breadcrumb":{"@id":"https:\/\/iczechy.pl\/index.php\/2026\/05\/01\/praga-przemysl-na-wybiegu\/#breadcrumb"},"inLanguage":"pl-PL","potentialAction":[{"@type":"ReadAction","target":["https:\/\/iczechy.pl\/index.php\/2026\/05\/01\/praga-przemysl-na-wybiegu\/"]}]},{"@type":"ImageObject","inLanguage":"pl-PL","@id":"https:\/\/iczechy.pl\/index.php\/2026\/05\/01\/praga-przemysl-na-wybiegu\/#primaryimage","url":"https:\/\/iczechy.pl\/wp-content\/uploads\/2026\/05\/Czech-Industry-01.webp","contentUrl":"https:\/\/iczechy.pl\/wp-content\/uploads\/2026\/05\/Czech-Industry-01.webp","width":800,"height":548},{"@type":"BreadcrumbList","@id":"https:\/\/iczechy.pl\/index.php\/2026\/05\/01\/praga-przemysl-na-wybiegu\/#breadcrumb","itemListElement":[{"@type":"ListItem","position":1,"name":"Strona g\u0142\u00f3wna","item":"https:\/\/iczechy.pl\/"},{"@type":"ListItem","position":2,"name":"Praga: Przemys\u0142 na wybiegu"}]},{"@type":"WebSite","@id":"https:\/\/iczechy.pl\/#website","url":"https:\/\/iczechy.pl\/","name":"iCzechy.pl","description":"i wiesz wi\u0119cej","publisher":{"@id":"https:\/\/iczechy.pl\/#organization"},"potentialAction":[{"@type":"SearchAction","target":{"@type":"EntryPoint","urlTemplate":"https:\/\/iczechy.pl\/?s={search_term_string}"},"query-input":{"@type":"PropertyValueSpecification","valueRequired":true,"valueName":"search_term_string"}}],"inLanguage":"pl-PL"},{"@type":"Organization","@id":"https:\/\/iczechy.pl\/#organization","name":"iCzechy.pl","url":"https:\/\/iczechy.pl\/","logo":{"@type":"ImageObject","inLanguage":"pl-PL","@id":"https:\/\/iczechy.pl\/#\/schema\/logo\/image\/","url":"https:\/\/iczechy.pl\/wp-content\/uploads\/2020\/06\/iCzechy-2-300dpi-...i-wiesz-wiecej.png","contentUrl":"https:\/\/iczechy.pl\/wp-content\/uploads\/2020\/06\/iCzechy-2-300dpi-...i-wiesz-wiecej.png","width":1280,"height":294,"caption":"iCzechy.pl"},"image":{"@id":"https:\/\/iczechy.pl\/#\/schema\/logo\/image\/"},"sameAs":["https:\/\/x.com\/iCzechy_pl"]},{"@type":"Person","@id":"https:\/\/iczechy.pl\/#\/schema\/person\/5b7f56b637b26b9409bc4574ea821c9a","name":"Przemys\u0142aw Podola\u0144ski","image":{"@type":"ImageObject","inLanguage":"pl-PL","@id":"https:\/\/secure.gravatar.com\/avatar\/6951ad7ad13313601602eb3f0fac4d73d0a39ab2d9d7be31170e5e06e9898aa7?s=96&d=mm&r=g","url":"https:\/\/secure.gravatar.com\/avatar\/6951ad7ad13313601602eb3f0fac4d73d0a39ab2d9d7be31170e5e06e9898aa7?s=96&d=mm&r=g","contentUrl":"https:\/\/secure.gravatar.com\/avatar\/6951ad7ad13313601602eb3f0fac4d73d0a39ab2d9d7be31170e5e06e9898aa7?s=96&d=mm&r=g","caption":"Przemys\u0142aw Podola\u0144ski"},"url":"https:\/\/iczechy.pl\/index.php\/author\/admin-2\/"}]}},"_links":{"self":[{"href":"https:\/\/iczechy.pl\/index.php\/wp-json\/wp\/v2\/posts\/13032","targetHints":{"allow":["GET"]}}],"collection":[{"href":"https:\/\/iczechy.pl\/index.php\/wp-json\/wp\/v2\/posts"}],"about":[{"href":"https:\/\/iczechy.pl\/index.php\/wp-json\/wp\/v2\/types\/post"}],"author":[{"embeddable":true,"href":"https:\/\/iczechy.pl\/index.php\/wp-json\/wp\/v2\/users\/7"}],"replies":[{"embeddable":true,"href":"https:\/\/iczechy.pl\/index.php\/wp-json\/wp\/v2\/comments?post=13032"}],"version-history":[{"count":6,"href":"https:\/\/iczechy.pl\/index.php\/wp-json\/wp\/v2\/posts\/13032\/revisions"}],"predecessor-version":[{"id":13044,"href":"https:\/\/iczechy.pl\/index.php\/wp-json\/wp\/v2\/posts\/13032\/revisions\/13044"}],"wp:featuredmedia":[{"embeddable":true,"href":"https:\/\/iczechy.pl\/index.php\/wp-json\/wp\/v2\/media\/13037"}],"wp:attachment":[{"href":"https:\/\/iczechy.pl\/index.php\/wp-json\/wp\/v2\/media?parent=13032"}],"wp:term":[{"taxonomy":"category","embeddable":true,"href":"https:\/\/iczechy.pl\/index.php\/wp-json\/wp\/v2\/categories?post=13032"},{"taxonomy":"post_tag","embeddable":true,"href":"https:\/\/iczechy.pl\/index.php\/wp-json\/wp\/v2\/tags?post=13032"}],"curies":[{"name":"wp","href":"https:\/\/api.w.org\/{rel}","templated":true}]}}