{"id":12746,"date":"2026-03-05T18:43:32","date_gmt":"2026-03-05T17:43:32","guid":{"rendered":"https:\/\/iczechy.pl\/?p=12746"},"modified":"2026-03-20T09:33:15","modified_gmt":"2026-03-20T08:33:15","slug":"petr-pavel-motosalon-brno-2026-relacja","status":"publish","type":"post","link":"https:\/\/iczechy.pl\/index.php\/2026\/03\/05\/petr-pavel-motosalon-brno-2026-relacja\/","title":{"rendered":"Petr Pavel Motosalon: Relacja z wizyty prezydenta w Brnie"},"content":{"rendered":"<p data-path-to-node=\"8\"><b data-path-to-node=\"8\" data-index-in-node=\"0\">To nie by\u0142a zwyk\u0142a wizyta pa\u0144stwowa, cho\u0107 towarzyszy\u0142 jej blask fleszy i wzmo\u017cone \u015brodki bezpiecze\u0144stwa. Na brne\u0144skim Motosalonie <a href=\"https:\/\/www.hrad.cz\/cs\/prezident-cr\" target=\"_blank\" rel=\"noopener\">Petr Pavel<\/a> nie wyst\u0105pi\u0142 w roli g\u0142owy pa\u0144stwa przecinaj\u0105cej wst\u0119gi. Czeski prezydent pojawi\u0142 si\u0119 tam jako ekspert, pasjonat i aktywny u\u017cytkownik, kt\u00f3ry o specyfikacji silnik\u00f3w wie wi\u0119cej ni\u017c niejeden bran\u017cowy dziennikarz.<\/b><\/p>\n<p data-path-to-node=\"9\">Co wi\u0119cej, w tej pasji nie jest ju\u017c sam \u2013 do \u015bwiata jedno\u015blad\u00f3w oficjalnie powr\u00f3ci\u0142a pierwsza dama, Eva Pavlov\u00e1. Pi\u0105ty marca 2026 roku przejdzie do historii <a href=\"https:\/\/iczechy.pl\/index.php\/2026\/03\/01\/motosalon-2026-rekordowa-skala-i-powrot-legend-brno-otwiera-sezon-motocyklowy-w-europie-srodkowej\/\" target=\"_blank\" rel=\"noopener\"><b data-path-to-node=\"9\" data-index-in-node=\"157\">Targ\u00f3w Motosalon<\/b><\/a> jako dzie\u0144, w kt\u00f3rym protok\u00f3\u0142 dyplomatyczny musia\u0142 ust\u0105pi\u0107 miejsca zapachowi benzyny i nowym technologiom. Czas zarezerwowany dla medi\u00f3w i profesjonalist\u00f3w zdominowa\u0142a obecno\u015b\u0107 pary prezydenckiej.<\/p>\n<p data-path-to-node=\"10\">Dla Petra Pavla motocykle to nie PR-owy dodatek, ale styl \u017cycia \u2013 od dekad ka\u017cd\u0105 woln\u0105 chwil\u0119 i urlopy sp\u0119dza w siodle, przemierzaj\u0105c Europ\u0119. Tym razem jednak uwaga skupi\u0142a si\u0119 r\u00f3wnie\u017c na Evie Pavlovej, kt\u00f3ra po ubieg\u0142orocznym powrocie do jazdy na \u201edw\u00f3ch ko\u0142ach\u201d przyjecha\u0142a na targi z konkretnym celem: znalezieniem nowej maszyny dla siebie.<\/p>\n<p data-path-to-node=\"10\"><img decoding=\"async\" class=\"alignnone wp-image-12750 size-full lazyload\" data-src=\"https:\/\/iczechy.pl\/wp-content\/uploads\/2026\/03\/Motosalon-2026-Prezydent-Pavel-01.webp\" alt=\"Petr Pavel Motosalon\" width=\"1280\" height=\"853\" data-srcset=\"https:\/\/iczechy.pl\/wp-content\/uploads\/2026\/03\/Motosalon-2026-Prezydent-Pavel-01.webp 1280w, https:\/\/iczechy.pl\/wp-content\/uploads\/2026\/03\/Motosalon-2026-Prezydent-Pavel-01-300x200.webp 300w, https:\/\/iczechy.pl\/wp-content\/uploads\/2026\/03\/Motosalon-2026-Prezydent-Pavel-01-1024x682.webp 1024w, https:\/\/iczechy.pl\/wp-content\/uploads\/2026\/03\/Motosalon-2026-Prezydent-Pavel-01-768x512.webp 768w, https:\/\/iczechy.pl\/wp-content\/uploads\/2026\/03\/Motosalon-2026-Prezydent-Pavel-01-391x260.webp 391w\" data-sizes=\"(max-width: 1280px) 100vw, 1280px\" src=\"data:image\/svg+xml;base64,PHN2ZyB3aWR0aD0iMSIgaGVpZ2h0PSIxIiB4bWxucz0iaHR0cDovL3d3dy53My5vcmcvMjAwMC9zdmciPjwvc3ZnPg==\" style=\"--smush-placeholder-width: 1280px; --smush-placeholder-aspect-ratio: 1280\/853;\" \/><\/p>\n<h2 data-path-to-node=\"11\">Od chi\u0144skiej ofensywy po bawarsk\u0105 precyzj\u0119: Nowo\u015bci w segmencie Adventure<\/h2>\n<p data-path-to-node=\"12\">Prezydencka grupa rozpocz\u0119\u0142a obch\u00f3d od nowoczesnego Pawilonu P, gdzie wzrok przyci\u0105ga\u0142a jedna z najgor\u0119tszych nowo\u015bci sezonu \u2013 <b data-path-to-node=\"12\" data-index-in-node=\"127\">CFMoto 1000MT-X<\/b>. To klasyczny przedstawiciel <b data-path-to-node=\"12\" data-index-in-node=\"172\">segmentu Adventure<\/b>, kt\u00f3ry Pavel ceni najbardziej.<\/p>\n<h3 data-path-to-node=\"13\">Prezydencki wyb\u00f3r: BMW F 900 GS i l\u017cejsze konstrukcje<\/h3>\n<p data-path-to-node=\"14\">Cho\u0107 na co dzie\u0144 prezydent porusza si\u0119 nowym <b data-path-to-node=\"14\" data-index-in-node=\"45\">BMW F 900 GS<\/b>, nie kry\u0142 zainteresowania l\u017cejszymi konstrukcjami. Przyzna\u0142, \u017ce do trening\u00f3w w trudniejszym terenie zdarza mu si\u0119 wypo\u017cycza\u0107 zwrotniejszy model <b data-path-to-node=\"14\" data-index-in-node=\"202\">450MT<\/b>. Kr\u00f3tka dyskusja przy stoisku Harleya-Davidsona nad modelem <b data-path-to-node=\"14\" data-index-in-node=\"268\">Pan America 1250<\/b> potwierdzi\u0142a, \u017ce czeska g\u0142owa pa\u0144stwa wnikliwie \u015bledzi trendy w kategorii <b data-path-to-node=\"14\" data-index-in-node=\"359\">ci\u0119\u017ckich turystyk\u00f3w enduro<\/b>.<\/p>\n<p data-path-to-node=\"15\">Jednak to nie parametry techniczne by\u0142y tego dnia najwa\u017cniejsze, a autentyczno\u015b\u0107 przekazu. Gdy prezydent rozmawia\u0142 z mechanikami i in\u017cynierami, znika\u0142 dystans urz\u0119du \u2013 zostawa\u0142 czysty, merytoryczny dialog pasjonat\u00f3w.<\/p>\n<h2 data-path-to-node=\"16\">Dakarowe anegdoty i brytyjska moc Triumpha<\/h2>\n<p data-path-to-node=\"17\">Wizyta u zespo\u0142u <b data-path-to-node=\"17\" data-index-in-node=\"17\">MGR Racing<\/b> mia\u0142a niemal rodzinny charakter. Przypomnijmy: rok temu Petr Pavel pojawi\u0142 si\u0119 na trasie Rajdu Dakar w Arabii Saudyjskiej. Nie jako polityk, lecz jako fotograf, dokumentuj\u0105cy zmagania czeskich ekip w ekstremalnych warunkach. Wspomnienia z pustynnych piask\u00f3w i anegdoty opowiadane przy dakarowej ci\u0119\u017car\u00f3wce serwisowej sprawi\u0142y, \u017ce oficjalna wizyta zmieni\u0142a si\u0119 w kuluarowe spotkanie starych znajomych. Podobnie by\u0142o przy maszynie legendy Dakaru, <b data-path-to-node=\"17\" data-index-in-node=\"473\">Davida Pabi\u0161ki<\/b>, gdzie prezydent udowodni\u0142, \u017ce doskonale rozumie trudy off-roadowej rywalizacji.<\/p>\n<p data-path-to-node=\"17\"><img decoding=\"async\" class=\"alignnone wp-image-12748 size-full lazyload\" data-src=\"https:\/\/iczechy.pl\/wp-content\/uploads\/2026\/03\/Motosalon-2026-Prezydent-Pavel-05.webp\" alt=\"Petr Pavel Motosalon\" width=\"1280\" height=\"853\" data-srcset=\"https:\/\/iczechy.pl\/wp-content\/uploads\/2026\/03\/Motosalon-2026-Prezydent-Pavel-05.webp 1280w, https:\/\/iczechy.pl\/wp-content\/uploads\/2026\/03\/Motosalon-2026-Prezydent-Pavel-05-300x200.webp 300w, https:\/\/iczechy.pl\/wp-content\/uploads\/2026\/03\/Motosalon-2026-Prezydent-Pavel-05-1024x682.webp 1024w, https:\/\/iczechy.pl\/wp-content\/uploads\/2026\/03\/Motosalon-2026-Prezydent-Pavel-05-768x512.webp 768w, https:\/\/iczechy.pl\/wp-content\/uploads\/2026\/03\/Motosalon-2026-Prezydent-Pavel-05-391x260.webp 391w\" data-sizes=\"(max-width: 1280px) 100vw, 1280px\" src=\"data:image\/svg+xml;base64,PHN2ZyB3aWR0aD0iMSIgaGVpZ2h0PSIxIiB4bWxucz0iaHR0cDovL3d3dy53My5vcmcvMjAwMC9zdmciPjwvc3ZnPg==\" style=\"--smush-placeholder-width: 1280px; --smush-placeholder-aspect-ratio: 1280\/853;\" \/><\/p>\n<p data-path-to-node=\"18\">Prawdziwe zaskoczenie czeka\u0142o jednak na stoisku marki <b data-path-to-node=\"18\" data-index-in-node=\"54\">Triumph<\/b>. Gdy rozmowa zesz\u0142a na model <b data-path-to-node=\"18\" data-index-in-node=\"91\">Rocket<\/b> \u2013 motocykl z najwi\u0119kszym seryjnie produkowanym silnikiem na \u015bwiecie \u2013 Pavel wykaza\u0142 si\u0119 wiedz\u0105, kt\u00f3ra wprawi\u0142a w zak\u0142opotanie nawet obecnych na miejscu ekspert\u00f3w. Znajomo\u015b\u0107 historii marki i ewolucji tej konkretnej jednostki nap\u0119dowej potwierdzi\u0142a, \u017ce mamy do czynienia z \u201emotocyklist\u0105 kompletnym\u201d. Chwil\u0119 p\u00f3\u017aniej, na stoisku Polarisa, prezydent da\u0142 si\u0119 porwa\u0107 emocjom i zasiad\u0142 za sterami wy\u015bcigowego buggy <b data-path-to-node=\"18\" data-index-in-node=\"505\">RZR<\/b>, testuj\u0105c ergonomi\u0119 kokpitu maszyny stworzonej do wygrywania na wydmach.<\/p>\n<h2 data-path-to-node=\"19\">Japo\u0144ska technologia kontra w\u0142oski design<\/h2>\n<p data-path-to-node=\"20\">W segmencie maszyn szosowych prym wiod\u0142a <b data-path-to-node=\"20\" data-index-in-node=\"41\">Honda<\/b>. Cho\u0107 czeski rynek z niecierpliwo\u015bci\u0105 czeka\u0142 na premier\u0119 turystycznej czw\u00f3rki <b data-path-to-node=\"20\" data-index-in-node=\"125\">CB1000GT<\/b>, to pot\u0119\u017cny, sze\u015bciocylindrowy <b data-path-to-node=\"20\" data-index-in-node=\"165\">Goldwing<\/b> najbardziej przyku\u0142 uwag\u0119 prezydenckiej \u015bwity. Z kolei fani w\u0142oskiego designu mogli zobaczy\u0107 prezydenta analizuj\u0105cego ofert\u0119 <b data-path-to-node=\"20\" data-index-in-node=\"299\">Piaggio i Aprilii<\/b>.<\/p>\n<p data-path-to-node=\"21\">Pavel w swoich ocenach by\u0142 niezwykle pragmatyczny \u2013 pyta\u0142 o parametry kluczowe dla dalekiej turystyki:<\/p>\n<ul>\n<li data-path-to-node=\"22,0,0\"><b data-path-to-node=\"22,0,0\" data-index-in-node=\"0\">Mas\u0119 w\u0142asn\u0105<\/b> i jej rozk\u0142ad,<\/li>\n<li data-path-to-node=\"22,0,0\"><b data-path-to-node=\"22,1,0\" data-index-in-node=\"0\">Wysoko\u015b\u0107 siedziska<\/b> (istotn\u0105 w manewrowaniu),<\/li>\n<li data-path-to-node=\"22,0,0\">Po\u0142o\u017cenie <b data-path-to-node=\"22,2,0\" data-index-in-node=\"10\">\u015brodka ci\u0119\u017cko\u015bci<\/b>.<\/li>\n<\/ul>\n<p data-path-to-node=\"23\">Napi\u0119cie wzros\u0142o, gdy cz\u0119\u015b\u0107 pokaz\u00f3w przenios\u0142a si\u0119 na zewn\u0105trz. Huk silnik\u00f3w, k\u0142\u0119by dymu i akrobacje grupy kaskaderskiej <b data-path-to-node=\"23\" data-index-in-node=\"121\">Adama Peschela<\/b> dostarczy\u0142y emocji nie tylko parze prezydenckiej, ale i ochronie. Funkcjonariusze Stra\u017cy Zamkowej z wyra\u017anym napi\u0119ciem obserwowali drifty i skoki, jakby obawiaj\u0105c si\u0119, \u017ce ich pryncypa\u0142 \u2013 znany z zami\u0142owania do adrenaliny \u2013 m\u00f3g\u0142by ulec pokusie i do\u0142\u0105czy\u0107 do show.<\/p>\n<h2 data-path-to-node=\"24\">Bezpiecze\u0144stwo i narodowa duma: Odrodzenie marki JAWA<\/h2>\n<p data-path-to-node=\"25\">Ostatni etap wizyty w hali F mia\u0142 charakter edukacyjny i patriotyczny. Prezydent odwiedzi\u0142 stoiska s\u0142u\u017cb mundurowych oraz <b data-path-to-node=\"25\" data-index-in-node=\"122\">Besip<\/b> (czeski odpowiednik Rady Bezpiecze\u0144stwa Ruchu Drogowego), wspieraj\u0105c projekt <b data-path-to-node=\"25\" data-index-in-node=\"205\">\u201eUczmy si\u0119 prze\u017cy\u0107\u201d<\/b>. To inicjatywa bliska sercu Pavla \u2013 sam dwa lata temu bra\u0142 udzia\u0142 w ich kursach bezpiecznej jazdy na poligonach, promuj\u0105c odpowiedzialno\u015b\u0107 na drodze.<\/p>\n<p data-path-to-node=\"26\">Fina\u0142 wizyty nale\u017ca\u0142 jednak do czeskiego przemys\u0142u. Po wizycie u rodzimego producenta odzie\u017cy <b data-path-to-node=\"26\" data-index-in-node=\"94\">PS\u00ed Hub\u00edk<\/b>, nadszed\u0142 czas na sentymentaln\u0105 podr\u00f3\u017c do stoiska marki <b data-path-to-node=\"26\" data-index-in-node=\"160\">JAWA<\/b>. Premiera modeli <b data-path-to-node=\"26\" data-index-in-node=\"182\">730 Twin<\/b> oraz ekskluzywnej <b data-path-to-node=\"26\" data-index-in-node=\"209\">1000 Twin<\/b> to dla Czech\u00f3w wydarzenie niemal narodowe. Prezydent, kt\u00f3ry w swoim prywatnym gara\u017cu posiada zabytkowy model Jawy, z nieskrywanym uznaniem wypowiada\u0142 si\u0119 o pr\u00f3bach przywr\u00f3cenia marce dawnego blasku.<\/p>\n<p data-path-to-node=\"26\"><img decoding=\"async\" class=\"alignnone wp-image-12749 size-full lazyload\" data-src=\"https:\/\/iczechy.pl\/wp-content\/uploads\/2026\/03\/Motosalon-2026-Prezydent-Pavel-06.webp\" alt=\"Petr Pavel Motosalon\" width=\"1280\" height=\"853\" data-srcset=\"https:\/\/iczechy.pl\/wp-content\/uploads\/2026\/03\/Motosalon-2026-Prezydent-Pavel-06.webp 1280w, https:\/\/iczechy.pl\/wp-content\/uploads\/2026\/03\/Motosalon-2026-Prezydent-Pavel-06-300x200.webp 300w, https:\/\/iczechy.pl\/wp-content\/uploads\/2026\/03\/Motosalon-2026-Prezydent-Pavel-06-1024x682.webp 1024w, https:\/\/iczechy.pl\/wp-content\/uploads\/2026\/03\/Motosalon-2026-Prezydent-Pavel-06-768x512.webp 768w, https:\/\/iczechy.pl\/wp-content\/uploads\/2026\/03\/Motosalon-2026-Prezydent-Pavel-06-391x260.webp 391w\" data-sizes=\"(max-width: 1280px) 100vw, 1280px\" src=\"data:image\/svg+xml;base64,PHN2ZyB3aWR0aD0iMSIgaGVpZ2h0PSIxIiB4bWxucz0iaHR0cDovL3d3dy53My5vcmcvMjAwMC9zdmciPjwvc3ZnPg==\" style=\"--smush-placeholder-width: 1280px; --smush-placeholder-aspect-ratio: 1280\/853;\" \/><\/p>\n<p data-path-to-node=\"27\">Wizyta Petra Pavla na <b data-path-to-node=\"27\" data-index-in-node=\"22\">Motosalonie 2026<\/b> to co\u015b wi\u0119cej ni\u017c tylko obecno\u015b\u0107 celebryty na targach. To sygna\u0142, \u017ce czeski przemys\u0142 motocyklowy i kultura jazdy maj\u0105 w zamku na Hradczanach najsilniejszego z mo\u017cliwych sojusznik\u00f3w.<\/p>\n","protected":false},"excerpt":{"rendered":"<p>To nie by\u0142a zwyk\u0142a wizyta pa\u0144stwowa, cho\u0107 towarzyszy\u0142 jej blask fleszy i wzmo\u017cone \u015brodki bezpiecze\u0144stwa. Na brne\u0144skim Motosalonie Petr Pavel nie wyst\u0105pi\u0142 w roli g\u0142owy pa\u0144stwa przecinaj\u0105cej wst\u0119gi. Czeski prezydent pojawi\u0142 si\u0119 tam jako ekspert, pasjonat i aktywny u\u017cytkownik, kt\u00f3ry&#8230;<\/p>\n","protected":false},"author":7,"featured_media":12747,"comment_status":"closed","ping_status":"open","sticky":false,"template":"","format":"standard","meta":{"om_disable_all_campaigns":false,"_monsterinsights_skip_tracking":false,"_monsterinsights_sitenote_active":false,"_monsterinsights_sitenote_note":"","_monsterinsights_sitenote_category":0,"ngg_post_thumbnail":0,"two_page_speed":[],"footnotes":""},"categories":[2,219,599,11,250,225],"tags":[],"class_list":["post-12746","post","type-post","status-publish","format-standard","has-post-thumbnail","hentry","category-plus","category-wszystkie-materialy","category-aktualnosci","category-gospodarka-i-biznes","category-motocykle","category-targi-brnenskie"],"yoast_head":"<!-- This site is optimized with the Yoast SEO plugin v27.5 - https:\/\/yoast.com\/product\/yoast-seo-wordpress\/ -->\n<title>Petr Pavel Motosalon 2026: Dyplomacja motocyklowa w Brnie<\/title>\n<meta name=\"description\" content=\"Petr Pavel na Targach Motosalon 2026. Poznaj kulisy pasji prezydenta Czech, testy maszyn Adventure i premier\u0119 Jawy 1000 Twin. Relacja z Brna.\" \/>\n<meta name=\"robots\" content=\"index, follow, max-snippet:-1, max-image-preview:large, max-video-preview:-1\" \/>\n<link rel=\"canonical\" href=\"https:\/\/iczechy.pl\/index.php\/2026\/03\/05\/petr-pavel-motosalon-brno-2026-relacja\/\" \/>\n<meta property=\"og:locale\" content=\"pl_PL\" \/>\n<meta property=\"og:type\" content=\"article\" \/>\n<meta property=\"og:title\" content=\"Petr Pavel Motosalon 2026: Dyplomacja motocyklowa w Brnie\" \/>\n<meta property=\"og:description\" content=\"Petr Pavel na Targach Motosalon 2026. Poznaj kulisy pasji prezydenta Czech, testy maszyn Adventure i premier\u0119 Jawy 1000 Twin. Relacja z Brna.\" \/>\n<meta property=\"og:url\" content=\"https:\/\/iczechy.pl\/index.php\/2026\/03\/05\/petr-pavel-motosalon-brno-2026-relacja\/\" \/>\n<meta property=\"og:site_name\" content=\"iCzechy.pl\" \/>\n<meta property=\"article:published_time\" content=\"2026-03-05T17:43:32+00:00\" \/>\n<meta property=\"article:modified_time\" content=\"2026-03-20T08:33:15+00:00\" \/>\n<meta property=\"og:image\" content=\"https:\/\/iczechy.pl\/wp-content\/uploads\/2026\/03\/Motosalon-2026-Prezydent-Pavel-08-scaled.webp\" \/>\n\t<meta property=\"og:image:width\" content=\"1280\" \/>\n\t<meta property=\"og:image:height\" content=\"853\" \/>\n\t<meta property=\"og:image:type\" content=\"image\/webp\" \/>\n<meta name=\"author\" content=\"Przemys\u0142aw Podola\u0144ski\" \/>\n<meta name=\"twitter:card\" content=\"summary_large_image\" \/>\n<meta name=\"twitter:creator\" content=\"@iCzechy_pl\" \/>\n<meta name=\"twitter:site\" content=\"@iCzechy_pl\" \/>\n<meta name=\"twitter:label1\" content=\"Napisane przez\" \/>\n\t<meta name=\"twitter:data1\" content=\"Przemys\u0142aw Podola\u0144ski\" \/>\n\t<meta name=\"twitter:label2\" content=\"Szacowany czas czytania\" \/>\n\t<meta name=\"twitter:data2\" content=\"6 minut\" \/>\n<script type=\"application\/ld+json\" class=\"yoast-schema-graph\">{\"@context\":\"https:\\\/\\\/schema.org\",\"@graph\":[{\"@type\":\"Article\",\"@id\":\"https:\\\/\\\/iczechy.pl\\\/index.php\\\/2026\\\/03\\\/05\\\/petr-pavel-motosalon-brno-2026-relacja\\\/#article\",\"isPartOf\":{\"@id\":\"https:\\\/\\\/iczechy.pl\\\/index.php\\\/2026\\\/03\\\/05\\\/petr-pavel-motosalon-brno-2026-relacja\\\/\"},\"author\":{\"name\":\"Przemys\u0142aw Podola\u0144ski\",\"@id\":\"https:\\\/\\\/iczechy.pl\\\/#\\\/schema\\\/person\\\/5b7f56b637b26b9409bc4574ea821c9a\"},\"headline\":\"Petr Pavel Motosalon: Relacja z wizyty prezydenta w Brnie\",\"datePublished\":\"2026-03-05T17:43:32+00:00\",\"dateModified\":\"2026-03-20T08:33:15+00:00\",\"mainEntityOfPage\":{\"@id\":\"https:\\\/\\\/iczechy.pl\\\/index.php\\\/2026\\\/03\\\/05\\\/petr-pavel-motosalon-brno-2026-relacja\\\/\"},\"wordCount\":855,\"publisher\":{\"@id\":\"https:\\\/\\\/iczechy.pl\\\/#organization\"},\"image\":{\"@id\":\"https:\\\/\\\/iczechy.pl\\\/index.php\\\/2026\\\/03\\\/05\\\/petr-pavel-motosalon-brno-2026-relacja\\\/#primaryimage\"},\"thumbnailUrl\":\"https:\\\/\\\/iczechy.pl\\\/wp-content\\\/uploads\\\/2026\\\/03\\\/Motosalon-2026-Prezydent-Pavel-08-scaled.webp\",\"articleSection\":[\"+Plus\",\"+Wszystkie materia\u0142y\",\"Aktualno\u015bci\",\"Gospodarka i biznes\",\"Motocykle\",\"Targi Brne\u0144skie\"],\"inLanguage\":\"pl-PL\"},{\"@type\":\"WebPage\",\"@id\":\"https:\\\/\\\/iczechy.pl\\\/index.php\\\/2026\\\/03\\\/05\\\/petr-pavel-motosalon-brno-2026-relacja\\\/\",\"url\":\"https:\\\/\\\/iczechy.pl\\\/index.php\\\/2026\\\/03\\\/05\\\/petr-pavel-motosalon-brno-2026-relacja\\\/\",\"name\":\"Petr Pavel Motosalon 2026: Dyplomacja motocyklowa w Brnie\",\"isPartOf\":{\"@id\":\"https:\\\/\\\/iczechy.pl\\\/#website\"},\"primaryImageOfPage\":{\"@id\":\"https:\\\/\\\/iczechy.pl\\\/index.php\\\/2026\\\/03\\\/05\\\/petr-pavel-motosalon-brno-2026-relacja\\\/#primaryimage\"},\"image\":{\"@id\":\"https:\\\/\\\/iczechy.pl\\\/index.php\\\/2026\\\/03\\\/05\\\/petr-pavel-motosalon-brno-2026-relacja\\\/#primaryimage\"},\"thumbnailUrl\":\"https:\\\/\\\/iczechy.pl\\\/wp-content\\\/uploads\\\/2026\\\/03\\\/Motosalon-2026-Prezydent-Pavel-08-scaled.webp\",\"datePublished\":\"2026-03-05T17:43:32+00:00\",\"dateModified\":\"2026-03-20T08:33:15+00:00\",\"description\":\"Petr Pavel na Targach Motosalon 2026. Poznaj kulisy pasji prezydenta Czech, testy maszyn Adventure i premier\u0119 Jawy 1000 Twin. Relacja z Brna.\",\"breadcrumb\":{\"@id\":\"https:\\\/\\\/iczechy.pl\\\/index.php\\\/2026\\\/03\\\/05\\\/petr-pavel-motosalon-brno-2026-relacja\\\/#breadcrumb\"},\"inLanguage\":\"pl-PL\",\"potentialAction\":[{\"@type\":\"ReadAction\",\"target\":[\"https:\\\/\\\/iczechy.pl\\\/index.php\\\/2026\\\/03\\\/05\\\/petr-pavel-motosalon-brno-2026-relacja\\\/\"]}]},{\"@type\":\"ImageObject\",\"inLanguage\":\"pl-PL\",\"@id\":\"https:\\\/\\\/iczechy.pl\\\/index.php\\\/2026\\\/03\\\/05\\\/petr-pavel-motosalon-brno-2026-relacja\\\/#primaryimage\",\"url\":\"https:\\\/\\\/iczechy.pl\\\/wp-content\\\/uploads\\\/2026\\\/03\\\/Motosalon-2026-Prezydent-Pavel-08-scaled.webp\",\"contentUrl\":\"https:\\\/\\\/iczechy.pl\\\/wp-content\\\/uploads\\\/2026\\\/03\\\/Motosalon-2026-Prezydent-Pavel-08-scaled.webp\",\"width\":1280,\"height\":853,\"caption\":\"Petr Pavel Motosalon\"},{\"@type\":\"BreadcrumbList\",\"@id\":\"https:\\\/\\\/iczechy.pl\\\/index.php\\\/2026\\\/03\\\/05\\\/petr-pavel-motosalon-brno-2026-relacja\\\/#breadcrumb\",\"itemListElement\":[{\"@type\":\"ListItem\",\"position\":1,\"name\":\"Strona g\u0142\u00f3wna\",\"item\":\"https:\\\/\\\/iczechy.pl\\\/\"},{\"@type\":\"ListItem\",\"position\":2,\"name\":\"Petr Pavel Motosalon: Relacja z wizyty prezydenta w Brnie\"}]},{\"@type\":\"WebSite\",\"@id\":\"https:\\\/\\\/iczechy.pl\\\/#website\",\"url\":\"https:\\\/\\\/iczechy.pl\\\/\",\"name\":\"iCzechy.pl\",\"description\":\"i wiesz wi\u0119cej\",\"publisher\":{\"@id\":\"https:\\\/\\\/iczechy.pl\\\/#organization\"},\"potentialAction\":[{\"@type\":\"SearchAction\",\"target\":{\"@type\":\"EntryPoint\",\"urlTemplate\":\"https:\\\/\\\/iczechy.pl\\\/?s={search_term_string}\"},\"query-input\":{\"@type\":\"PropertyValueSpecification\",\"valueRequired\":true,\"valueName\":\"search_term_string\"}}],\"inLanguage\":\"pl-PL\"},{\"@type\":\"Organization\",\"@id\":\"https:\\\/\\\/iczechy.pl\\\/#organization\",\"name\":\"iCzechy.pl\",\"url\":\"https:\\\/\\\/iczechy.pl\\\/\",\"logo\":{\"@type\":\"ImageObject\",\"inLanguage\":\"pl-PL\",\"@id\":\"https:\\\/\\\/iczechy.pl\\\/#\\\/schema\\\/logo\\\/image\\\/\",\"url\":\"https:\\\/\\\/iczechy.pl\\\/wp-content\\\/uploads\\\/2020\\\/06\\\/iCzechy-2-300dpi-...i-wiesz-wiecej.png\",\"contentUrl\":\"https:\\\/\\\/iczechy.pl\\\/wp-content\\\/uploads\\\/2020\\\/06\\\/iCzechy-2-300dpi-...i-wiesz-wiecej.png\",\"width\":1280,\"height\":294,\"caption\":\"iCzechy.pl\"},\"image\":{\"@id\":\"https:\\\/\\\/iczechy.pl\\\/#\\\/schema\\\/logo\\\/image\\\/\"},\"sameAs\":[\"https:\\\/\\\/x.com\\\/iCzechy_pl\"]},{\"@type\":\"Person\",\"@id\":\"https:\\\/\\\/iczechy.pl\\\/#\\\/schema\\\/person\\\/5b7f56b637b26b9409bc4574ea821c9a\",\"name\":\"Przemys\u0142aw Podola\u0144ski\",\"image\":{\"@type\":\"ImageObject\",\"inLanguage\":\"pl-PL\",\"@id\":\"https:\\\/\\\/secure.gravatar.com\\\/avatar\\\/6951ad7ad13313601602eb3f0fac4d73d0a39ab2d9d7be31170e5e06e9898aa7?s=96&d=mm&r=g\",\"url\":\"https:\\\/\\\/secure.gravatar.com\\\/avatar\\\/6951ad7ad13313601602eb3f0fac4d73d0a39ab2d9d7be31170e5e06e9898aa7?s=96&d=mm&r=g\",\"contentUrl\":\"https:\\\/\\\/secure.gravatar.com\\\/avatar\\\/6951ad7ad13313601602eb3f0fac4d73d0a39ab2d9d7be31170e5e06e9898aa7?s=96&d=mm&r=g\",\"caption\":\"Przemys\u0142aw Podola\u0144ski\"},\"url\":\"https:\\\/\\\/iczechy.pl\\\/index.php\\\/author\\\/admin-2\\\/\"}]}<\/script>\n<!-- \/ Yoast SEO plugin. -->","yoast_head_json":{"title":"Petr Pavel Motosalon 2026: Dyplomacja motocyklowa w Brnie","description":"Petr Pavel na Targach Motosalon 2026. Poznaj kulisy pasji prezydenta Czech, testy maszyn Adventure i premier\u0119 Jawy 1000 Twin. Relacja z Brna.","robots":{"index":"index","follow":"follow","max-snippet":"max-snippet:-1","max-image-preview":"max-image-preview:large","max-video-preview":"max-video-preview:-1"},"canonical":"https:\/\/iczechy.pl\/index.php\/2026\/03\/05\/petr-pavel-motosalon-brno-2026-relacja\/","og_locale":"pl_PL","og_type":"article","og_title":"Petr Pavel Motosalon 2026: Dyplomacja motocyklowa w Brnie","og_description":"Petr Pavel na Targach Motosalon 2026. Poznaj kulisy pasji prezydenta Czech, testy maszyn Adventure i premier\u0119 Jawy 1000 Twin. Relacja z Brna.","og_url":"https:\/\/iczechy.pl\/index.php\/2026\/03\/05\/petr-pavel-motosalon-brno-2026-relacja\/","og_site_name":"iCzechy.pl","article_published_time":"2026-03-05T17:43:32+00:00","article_modified_time":"2026-03-20T08:33:15+00:00","og_image":[{"width":1280,"height":853,"url":"https:\/\/iczechy.pl\/wp-content\/uploads\/2026\/03\/Motosalon-2026-Prezydent-Pavel-08-scaled.webp","type":"image\/webp"}],"author":"Przemys\u0142aw Podola\u0144ski","twitter_card":"summary_large_image","twitter_creator":"@iCzechy_pl","twitter_site":"@iCzechy_pl","twitter_misc":{"Napisane przez":"Przemys\u0142aw Podola\u0144ski","Szacowany czas czytania":"6 minut"},"schema":{"@context":"https:\/\/schema.org","@graph":[{"@type":"Article","@id":"https:\/\/iczechy.pl\/index.php\/2026\/03\/05\/petr-pavel-motosalon-brno-2026-relacja\/#article","isPartOf":{"@id":"https:\/\/iczechy.pl\/index.php\/2026\/03\/05\/petr-pavel-motosalon-brno-2026-relacja\/"},"author":{"name":"Przemys\u0142aw Podola\u0144ski","@id":"https:\/\/iczechy.pl\/#\/schema\/person\/5b7f56b637b26b9409bc4574ea821c9a"},"headline":"Petr Pavel Motosalon: Relacja z wizyty prezydenta w Brnie","datePublished":"2026-03-05T17:43:32+00:00","dateModified":"2026-03-20T08:33:15+00:00","mainEntityOfPage":{"@id":"https:\/\/iczechy.pl\/index.php\/2026\/03\/05\/petr-pavel-motosalon-brno-2026-relacja\/"},"wordCount":855,"publisher":{"@id":"https:\/\/iczechy.pl\/#organization"},"image":{"@id":"https:\/\/iczechy.pl\/index.php\/2026\/03\/05\/petr-pavel-motosalon-brno-2026-relacja\/#primaryimage"},"thumbnailUrl":"https:\/\/iczechy.pl\/wp-content\/uploads\/2026\/03\/Motosalon-2026-Prezydent-Pavel-08-scaled.webp","articleSection":["+Plus","+Wszystkie materia\u0142y","Aktualno\u015bci","Gospodarka i biznes","Motocykle","Targi Brne\u0144skie"],"inLanguage":"pl-PL"},{"@type":"WebPage","@id":"https:\/\/iczechy.pl\/index.php\/2026\/03\/05\/petr-pavel-motosalon-brno-2026-relacja\/","url":"https:\/\/iczechy.pl\/index.php\/2026\/03\/05\/petr-pavel-motosalon-brno-2026-relacja\/","name":"Petr Pavel Motosalon 2026: Dyplomacja motocyklowa w Brnie","isPartOf":{"@id":"https:\/\/iczechy.pl\/#website"},"primaryImageOfPage":{"@id":"https:\/\/iczechy.pl\/index.php\/2026\/03\/05\/petr-pavel-motosalon-brno-2026-relacja\/#primaryimage"},"image":{"@id":"https:\/\/iczechy.pl\/index.php\/2026\/03\/05\/petr-pavel-motosalon-brno-2026-relacja\/#primaryimage"},"thumbnailUrl":"https:\/\/iczechy.pl\/wp-content\/uploads\/2026\/03\/Motosalon-2026-Prezydent-Pavel-08-scaled.webp","datePublished":"2026-03-05T17:43:32+00:00","dateModified":"2026-03-20T08:33:15+00:00","description":"Petr Pavel na Targach Motosalon 2026. Poznaj kulisy pasji prezydenta Czech, testy maszyn Adventure i premier\u0119 Jawy 1000 Twin. Relacja z Brna.","breadcrumb":{"@id":"https:\/\/iczechy.pl\/index.php\/2026\/03\/05\/petr-pavel-motosalon-brno-2026-relacja\/#breadcrumb"},"inLanguage":"pl-PL","potentialAction":[{"@type":"ReadAction","target":["https:\/\/iczechy.pl\/index.php\/2026\/03\/05\/petr-pavel-motosalon-brno-2026-relacja\/"]}]},{"@type":"ImageObject","inLanguage":"pl-PL","@id":"https:\/\/iczechy.pl\/index.php\/2026\/03\/05\/petr-pavel-motosalon-brno-2026-relacja\/#primaryimage","url":"https:\/\/iczechy.pl\/wp-content\/uploads\/2026\/03\/Motosalon-2026-Prezydent-Pavel-08-scaled.webp","contentUrl":"https:\/\/iczechy.pl\/wp-content\/uploads\/2026\/03\/Motosalon-2026-Prezydent-Pavel-08-scaled.webp","width":1280,"height":853,"caption":"Petr Pavel Motosalon"},{"@type":"BreadcrumbList","@id":"https:\/\/iczechy.pl\/index.php\/2026\/03\/05\/petr-pavel-motosalon-brno-2026-relacja\/#breadcrumb","itemListElement":[{"@type":"ListItem","position":1,"name":"Strona g\u0142\u00f3wna","item":"https:\/\/iczechy.pl\/"},{"@type":"ListItem","position":2,"name":"Petr Pavel Motosalon: Relacja z wizyty prezydenta w Brnie"}]},{"@type":"WebSite","@id":"https:\/\/iczechy.pl\/#website","url":"https:\/\/iczechy.pl\/","name":"iCzechy.pl","description":"i wiesz wi\u0119cej","publisher":{"@id":"https:\/\/iczechy.pl\/#organization"},"potentialAction":[{"@type":"SearchAction","target":{"@type":"EntryPoint","urlTemplate":"https:\/\/iczechy.pl\/?s={search_term_string}"},"query-input":{"@type":"PropertyValueSpecification","valueRequired":true,"valueName":"search_term_string"}}],"inLanguage":"pl-PL"},{"@type":"Organization","@id":"https:\/\/iczechy.pl\/#organization","name":"iCzechy.pl","url":"https:\/\/iczechy.pl\/","logo":{"@type":"ImageObject","inLanguage":"pl-PL","@id":"https:\/\/iczechy.pl\/#\/schema\/logo\/image\/","url":"https:\/\/iczechy.pl\/wp-content\/uploads\/2020\/06\/iCzechy-2-300dpi-...i-wiesz-wiecej.png","contentUrl":"https:\/\/iczechy.pl\/wp-content\/uploads\/2020\/06\/iCzechy-2-300dpi-...i-wiesz-wiecej.png","width":1280,"height":294,"caption":"iCzechy.pl"},"image":{"@id":"https:\/\/iczechy.pl\/#\/schema\/logo\/image\/"},"sameAs":["https:\/\/x.com\/iCzechy_pl"]},{"@type":"Person","@id":"https:\/\/iczechy.pl\/#\/schema\/person\/5b7f56b637b26b9409bc4574ea821c9a","name":"Przemys\u0142aw Podola\u0144ski","image":{"@type":"ImageObject","inLanguage":"pl-PL","@id":"https:\/\/secure.gravatar.com\/avatar\/6951ad7ad13313601602eb3f0fac4d73d0a39ab2d9d7be31170e5e06e9898aa7?s=96&d=mm&r=g","url":"https:\/\/secure.gravatar.com\/avatar\/6951ad7ad13313601602eb3f0fac4d73d0a39ab2d9d7be31170e5e06e9898aa7?s=96&d=mm&r=g","contentUrl":"https:\/\/secure.gravatar.com\/avatar\/6951ad7ad13313601602eb3f0fac4d73d0a39ab2d9d7be31170e5e06e9898aa7?s=96&d=mm&r=g","caption":"Przemys\u0142aw Podola\u0144ski"},"url":"https:\/\/iczechy.pl\/index.php\/author\/admin-2\/"}]}},"_links":{"self":[{"href":"https:\/\/iczechy.pl\/index.php\/wp-json\/wp\/v2\/posts\/12746","targetHints":{"allow":["GET"]}}],"collection":[{"href":"https:\/\/iczechy.pl\/index.php\/wp-json\/wp\/v2\/posts"}],"about":[{"href":"https:\/\/iczechy.pl\/index.php\/wp-json\/wp\/v2\/types\/post"}],"author":[{"embeddable":true,"href":"https:\/\/iczechy.pl\/index.php\/wp-json\/wp\/v2\/users\/7"}],"replies":[{"embeddable":true,"href":"https:\/\/iczechy.pl\/index.php\/wp-json\/wp\/v2\/comments?post=12746"}],"version-history":[{"count":3,"href":"https:\/\/iczechy.pl\/index.php\/wp-json\/wp\/v2\/posts\/12746\/revisions"}],"predecessor-version":[{"id":12834,"href":"https:\/\/iczechy.pl\/index.php\/wp-json\/wp\/v2\/posts\/12746\/revisions\/12834"}],"wp:featuredmedia":[{"embeddable":true,"href":"https:\/\/iczechy.pl\/index.php\/wp-json\/wp\/v2\/media\/12747"}],"wp:attachment":[{"href":"https:\/\/iczechy.pl\/index.php\/wp-json\/wp\/v2\/media?parent=12746"}],"wp:term":[{"taxonomy":"category","embeddable":true,"href":"https:\/\/iczechy.pl\/index.php\/wp-json\/wp\/v2\/categories?post=12746"},{"taxonomy":"post_tag","embeddable":true,"href":"https:\/\/iczechy.pl\/index.php\/wp-json\/wp\/v2\/tags?post=12746"}],"curies":[{"name":"wp","href":"https:\/\/api.w.org\/{rel}","templated":true}]}}