{"id":12328,"date":"2025-04-24T20:26:51","date_gmt":"2025-04-24T18:26:51","guid":{"rendered":"https:\/\/iczechy.pl\/?p=12328"},"modified":"2025-04-24T20:43:45","modified_gmt":"2025-04-24T18:43:45","slug":"czeski-paradoks-szczepienia","status":"publish","type":"post","link":"https:\/\/iczechy.pl\/index.php\/2025\/04\/24\/czeski-paradoks-szczepienia\/","title":{"rendered":"Czeski paradoks: wierz\u0105 w profilaktyk\u0119, ale si\u0119 nie szczepi\u0105"},"content":{"rendered":"<p class=\"\" data-start=\"192\" data-end=\"467\"><strong data-start=\"192\" data-end=\"467\">Cho\u0107 wi\u0119kszo\u015b\u0107 Czech\u00f3w deklaruje, \u017ce ceni profilaktyk\u0119 zdrowotn\u0105, z dobrowolnych szczepie\u0144 korzysta tylko niewielka cz\u0119\u015b\u0107 spo\u0142ecze\u0144stwa. Tymczasem starzej\u0105ce si\u0119 spo\u0142ecze\u0144stwo i rosn\u0105ca liczba os\u00f3b przewlekle chorych coraz mocniej obci\u0105\u017caj\u0105 czeski system ochrony zdrowia.<\/strong><\/p>\n<h3 class=\"\" data-start=\"469\" data-end=\"505\"><strong>Coraz wi\u0119ksze obci\u0105\u017cenie systemu<\/strong><\/h3>\n<p class=\"\" data-start=\"507\" data-end=\"914\">Z danych czeskiego Instytutu Informacji i Statystyki Zdrowotnej (\u00daZIS) wynika, \u017ce <strong data-start=\"589\" data-end=\"670\">w najbli\u017cszych 15 latach znacz\u0105co wzro\u015bnie liczba chor\u00f3b zwi\u0105zanych z wiekiem<\/strong>. To efekt nie tylko demografii, ale r\u00f3wnie\u017c <strong data-start=\"715\" data-end=\"771\">niew\u0142a\u015bciwego stylu \u017cycia du\u017cej cz\u0119\u015bci spo\u0142ecze\u0144stwa<\/strong> \u2013 zbyt ma\u0142o ruchu, z\u0142a dieta, stres. W efekcie <strong data-start=\"819\" data-end=\"913\">rosn\u0105 nie tylko koszty leczenia, ale tak\u017ce presja na system opieki zdrowotnej i spo\u0142ecznej<\/strong>.<\/p>\n<h3 class=\"\" data-start=\"916\" data-end=\"953\"><strong>Szczepienia? Tak, ale\u2026 niech\u0119tnie<\/strong><\/h3>\n<p class=\"\" data-start=\"955\" data-end=\"1139\">Tymczasem jednym z najskuteczniejszych, a zarazem najprostszych narz\u0119dzi profilaktyki s\u0105 <strong data-start=\"1044\" data-end=\"1068\">szczepienia ochronne<\/strong>. Problem w tym, \u017ce <strong data-start=\"1088\" data-end=\"1137\">czeska opinia publiczna wci\u0105\u017c ich nie docenia<\/strong>.<\/p>\n<p class=\"\" data-start=\"1141\" data-end=\"1452\"><em><strong data-start=\"1142\" data-end=\"1233\">\u2013 Zaledwie 24 proc. Czech\u00f3w skorzysta\u0142o w ostatnich dw\u00f3ch latach z dobrowolnych szczepie\u0144<\/strong>. Najcz\u0119\u015bciej by\u0142y to szczepienia przeciw kleszczowemu zapaleniu m\u00f3zgu i grypie. Wskazywano te\u017c na krztusiec i COVID-19 \u2013<\/em> m\u00f3wi <strong data-start=\"1361\" data-end=\"1375\">Jakub Mal\u00fd<\/strong>, dyrektor agencji Ipsos, powo\u0142uj\u0105c si\u0119 na wyniki najnowszego badania opinii.<\/p>\n<p class=\"\" data-start=\"1454\" data-end=\"1632\">Co ciekawe, <strong data-start=\"1466\" data-end=\"1540\">a\u017c trzy czwarte respondent\u00f3w deklaruje, \u017ce uwa\u017ca profilaktyk\u0119 za wa\u017cn\u0105<\/strong>. Rzeczywisto\u015b\u0107 pokazuje jednak co innego \u2013 poziom wyszczepienia w Czechach pozostaje niski.<\/p>\n<h3 class=\"\" data-start=\"1634\" data-end=\"1666\"><strong>Grypa sezonowa jako przyk\u0142ad<\/strong><\/h3>\n<p class=\"\" data-start=\"1668\" data-end=\"1927\">Dobrym przyk\u0142adem skali problemu jest <strong data-start=\"1706\" data-end=\"1748\">szczepienie przeciwko grypie sezonowej<\/strong> \u2013 korzysta z niego <strong data-start=\"1768\" data-end=\"1795\">tylko 7 proc. populacji<\/strong>. To <strong data-start=\"1800\" data-end=\"1863\">znacznie poni\u017cej rekomendacji \u015awiatowej Organizacji Zdrowia<\/strong>, kt\u00f3ra zaleca, by w grupach ryzyka wska\u017anik ten si\u0119ga\u0142 75 proc.<\/p>\n<p class=\"\" data-start=\"1929\" data-end=\"2208\"><em><strong data-start=\"1930\" data-end=\"2046\">\u2013 Sezonowa grypa powoduje ka\u017cdego roku absencje w pracy, kt\u00f3rych \u0142\u0105czny koszt mo\u017ce si\u0119ga\u0107 nawet 27 miliard\u00f3w koron<\/strong>. S\u0105 to ca\u0142kowicie zb\u0119dne straty \u2013 da\u0142oby si\u0119 im zapobiec, gdyby wi\u0119cej os\u00f3b si\u0119 zaszczepi\u0142o&nbsp;\u2013<\/em> komentuje <strong data-start=\"2152\" data-end=\"2168\">Tom\u00e1\u0161 Prouza<\/strong>, wiceprezes czeskiej <a href=\"https:\/\/www.komora.cz\/\" target=\"_blank\" rel=\"noopener\">Izby Gospodarczej<\/a>.<\/p>\n<h3 class=\"\" data-start=\"2210\" data-end=\"2252\"><strong>Prewencja si\u0119 op\u0142aca \u2013 tak\u017ce finansowo<\/strong><\/h3>\n<p class=\"\" data-start=\"2254\" data-end=\"2375\">Eksperci s\u0105 zgodni \u2013 szczepienia to nie tylko kwestia zdrowia, ale tak\u017ce <strong data-start=\"2327\" data-end=\"2373\">element polityki gospodarczej i spo\u0142ecznej<\/strong>. <em><strong data-start=\"2378\" data-end=\"2490\">\u2013 Szczepienia chroni\u0105 przed ci\u0119\u017ckimi chorobami i jednocze\u015bnie zmniejszaj\u0105 ryzyko zaka\u017cenia w otoczeniu chorego<\/strong>. To rozwi\u0105zanie skuteczne, bezpieczne i ekonomicznie op\u0142acalne<\/em>&nbsp;\u2013 przekonuje <strong data-start=\"2568\" data-end=\"2583\">David Kol\u00e1\u0159<\/strong>, dyrektor wykonawczy <strong>Stowarzyszenia Innowacyjnego Przemys\u0142u Farmaceutycznego<\/strong> (<a href=\"https:\/\/aifp.cz\/cs\/\" target=\"_blank\" rel=\"noopener\"><em>Asociace inovativn\u00edho farmaceutick\u00e9ho pr\u016fmyslu AIFP<\/em><\/a><strong data-start=\"2605\" data-end=\"2662\">)<\/strong>.<\/p>\n<p class=\"\" data-start=\"2665\" data-end=\"2897\">Jak dodaje, <strong data-start=\"2677\" data-end=\"2753\">pa\u0144stwo powinno mie\u0107 jasn\u0105 strategi\u0119 szczepie\u0144 przez ca\u0142e \u017cycie pacjenta<\/strong>.<br \/>\n<em>\u2013 Dobrze, \u017ce <a href=\"https:\/\/iczechy.pl\/index.php\/2020\/07\/04\/ministerstwo-zdrowia\/\" target=\"_blank\" rel=\"noopener\">Ministerstwo Zdrowia<\/a> pracuje ju\u017c nad tak\u0105 strategi\u0105. Mamy nadziej\u0119, \u017ce wkr\u00f3tce zostanie przyj\u0119ta i wcielona w \u017cycie \u2013<\/em> m\u00f3wi Kol\u00e1\u0159.<\/p>\n<h3 class=\"\" data-start=\"2899\" data-end=\"2921\"><strong>Co nale\u017cy zmieni\u0107?<\/strong><\/h3>\n<p class=\"\" data-start=\"2923\" data-end=\"3197\">Wed\u0142ug ekspert\u00f3w <strong data-start=\"2940\" data-end=\"3027\">kluczowe jest w\u0142\u0105czenie szczepie\u0144 doros\u0142ych do narodowych program\u00f3w immunizacyjnych<\/strong> oraz zapewnienie odpowiedniego finansowania. Wa\u017cne jest te\u017c zwi\u0119kszenie dost\u0119pno\u015bci \u2013 <strong data-start=\"3114\" data-end=\"3162\">np. poprzez mo\u017cliwo\u015b\u0107 szczepienia w aptekach<\/strong>, co ju\u017c dzia\u0142a w kilku krajach UE.<\/p>\n<p class=\"\" data-start=\"3199\" data-end=\"3371\"><em><strong data-start=\"3200\" data-end=\"3273\">\u2013 Takie rozwi\u0105zania zaleca r\u00f3wnie\u017c europejska platforma Vaccines Europe<\/strong>. Ich wdro\u017cenie pozwoli\u0142oby lepiej chroni\u0107 populacj\u0119 i odci\u0105\u017cy\u0107 s\u0142u\u017cb\u0119 zdrowia \u2013<\/em> podkre\u015bla Kol\u00e1\u0159.<\/p>\n<h3 class=\"\" data-start=\"3373\" data-end=\"3398\"><strong>Edukacja ma znaczenie<\/strong><\/h3>\n<p class=\"\" data-start=\"3400\" data-end=\"3610\">Nie mniej wa\u017cna jest <strong data-start=\"3421\" data-end=\"3481\">edukacja zdrowotna i budowanie \u015bwiadomo\u015bci spo\u0142ecze\u0144stwa<\/strong>. Z bada\u0144 wynika, \u017ce wielu pacjent\u00f3w <strong data-start=\"3518\" data-end=\"3579\">nie podejmuje decyzji o szczepieniu z powodu braku wiedzy<\/strong> lub pod wp\u0142ywem dezinformacji.<\/p>\n<p class=\"\" data-start=\"3612\" data-end=\"3885\"><em><strong data-start=\"3613\" data-end=\"3709\">\u2013 Ludzie potrzebuj\u0105 rzetelnych i zrozumia\u0142ych informacji, by mogli podejmowa\u0107 \u015bwiadome decyzje<\/strong>. Kluczow\u0105 rol\u0119 maj\u0105 tu do odegrania lekarze, media i organizacje pozarz\u0105dowe<\/em>&nbsp;\u2013 zaznacza <strong data-start=\"3799\" data-end=\"3816\">Robert Hejz\u00e1k<\/strong>, przewodnicz\u0105cy <strong data-start=\"3833\" data-end=\"3884\">Narodowego Stowarzyszenia Organizacji Pacjent\u00f3w <\/strong><em><a href=\"https:\/\/silapacientu.cz\/\" target=\"_blank\" rel=\"noopener\">(N\u00e1rodn\u00ed asociace pacientsk\u00fdch organizac\u00ed)<\/a>.<\/em><\/p>\n","protected":false},"excerpt":{"rendered":"<p>Cho\u0107 wi\u0119kszo\u015b\u0107 Czech\u00f3w deklaruje, \u017ce ceni profilaktyk\u0119 zdrowotn\u0105, z dobrowolnych szczepie\u0144 korzysta tylko niewielka cz\u0119\u015b\u0107 spo\u0142ecze\u0144stwa. Tymczasem starzej\u0105ce si\u0119 spo\u0142ecze\u0144stwo i rosn\u0105ca liczba os\u00f3b przewlekle chorych coraz mocniej obci\u0105\u017caj\u0105 czeski system ochrony zdrowia. Coraz wi\u0119ksze obci\u0105\u017cenie systemu Z danych czeskiego&#8230;<\/p>\n","protected":false},"author":7,"featured_media":12330,"comment_status":"closed","ping_status":"open","sticky":false,"template":"","format":"standard","meta":{"om_disable_all_campaigns":false,"_monsterinsights_skip_tracking":false,"_monsterinsights_sitenote_active":false,"_monsterinsights_sitenote_note":"","_monsterinsights_sitenote_category":0,"ngg_post_thumbnail":0,"two_page_speed":[],"footnotes":""},"categories":[2,219,23],"tags":[],"class_list":["post-12328","post","type-post","status-publish","format-standard","has-post-thumbnail","hentry","category-plus","category-wszystkie-materialy","category-zdrowie"],"yoast_head":"<!-- This site is optimized with the Yoast SEO plugin v27.5 - https:\/\/yoast.com\/product\/yoast-seo-wordpress\/ -->\n<title>Czeski paradoks szczepienia: wa\u017cna profilaktyka, brak dzia\u0142ania&#187; iCzechy.pl<\/title>\n<meta name=\"description\" content=\"Czeski paradoks szczepienia pokazuje rozd\u017awi\u0119k mi\u0119dzy deklarowan\u0105 wiar\u0105 w profilaktyk\u0119 a realnie nisk\u0105 liczb\u0105 szczepie\u0144 w Czechach.\" \/>\n<meta name=\"robots\" content=\"index, follow, max-snippet:-1, max-image-preview:large, max-video-preview:-1\" \/>\n<link rel=\"canonical\" href=\"https:\/\/iczechy.pl\/index.php\/2025\/04\/24\/czeski-paradoks-szczepienia\/\" \/>\n<meta property=\"og:locale\" content=\"pl_PL\" \/>\n<meta property=\"og:type\" content=\"article\" \/>\n<meta property=\"og:title\" content=\"Czeski paradoks szczepienia: wa\u017cna profilaktyka, brak dzia\u0142ania&#187; iCzechy.pl\" \/>\n<meta property=\"og:description\" content=\"Czeski paradoks szczepienia pokazuje rozd\u017awi\u0119k mi\u0119dzy deklarowan\u0105 wiar\u0105 w profilaktyk\u0119 a realnie nisk\u0105 liczb\u0105 szczepie\u0144 w Czechach.\" \/>\n<meta property=\"og:url\" content=\"https:\/\/iczechy.pl\/index.php\/2025\/04\/24\/czeski-paradoks-szczepienia\/\" \/>\n<meta property=\"og:site_name\" content=\"iCzechy.pl\" \/>\n<meta property=\"article:published_time\" content=\"2025-04-24T18:26:51+00:00\" \/>\n<meta property=\"article:modified_time\" content=\"2025-04-24T18:43:45+00:00\" \/>\n<meta property=\"og:image\" content=\"https:\/\/iczechy.pl\/wp-content\/uploads\/2025\/04\/Szczepienie.jpg\" \/>\n\t<meta property=\"og:image:width\" content=\"800\" \/>\n\t<meta property=\"og:image:height\" content=\"533\" \/>\n\t<meta property=\"og:image:type\" content=\"image\/jpeg\" \/>\n<meta name=\"author\" content=\"Przemys\u0142aw Podola\u0144ski\" \/>\n<meta name=\"twitter:card\" content=\"summary_large_image\" \/>\n<meta name=\"twitter:creator\" content=\"@iCzechy_pl\" \/>\n<meta name=\"twitter:site\" content=\"@iCzechy_pl\" \/>\n<meta name=\"twitter:label1\" content=\"Napisane przez\" \/>\n\t<meta name=\"twitter:data1\" content=\"Przemys\u0142aw Podola\u0144ski\" \/>\n\t<meta name=\"twitter:label2\" content=\"Szacowany czas czytania\" \/>\n\t<meta name=\"twitter:data2\" content=\"4 minuty\" \/>\n<script type=\"application\/ld+json\" class=\"yoast-schema-graph\">{\"@context\":\"https:\\\/\\\/schema.org\",\"@graph\":[{\"@type\":\"Article\",\"@id\":\"https:\\\/\\\/iczechy.pl\\\/index.php\\\/2025\\\/04\\\/24\\\/czeski-paradoks-szczepienia\\\/#article\",\"isPartOf\":{\"@id\":\"https:\\\/\\\/iczechy.pl\\\/index.php\\\/2025\\\/04\\\/24\\\/czeski-paradoks-szczepienia\\\/\"},\"author\":{\"name\":\"Przemys\u0142aw Podola\u0144ski\",\"@id\":\"https:\\\/\\\/iczechy.pl\\\/#\\\/schema\\\/person\\\/5b7f56b637b26b9409bc4574ea821c9a\"},\"headline\":\"Czeski paradoks: wierz\u0105 w profilaktyk\u0119, ale si\u0119 nie szczepi\u0105\",\"datePublished\":\"2025-04-24T18:26:51+00:00\",\"dateModified\":\"2025-04-24T18:43:45+00:00\",\"mainEntityOfPage\":{\"@id\":\"https:\\\/\\\/iczechy.pl\\\/index.php\\\/2025\\\/04\\\/24\\\/czeski-paradoks-szczepienia\\\/\"},\"wordCount\":588,\"publisher\":{\"@id\":\"https:\\\/\\\/iczechy.pl\\\/#organization\"},\"image\":{\"@id\":\"https:\\\/\\\/iczechy.pl\\\/index.php\\\/2025\\\/04\\\/24\\\/czeski-paradoks-szczepienia\\\/#primaryimage\"},\"thumbnailUrl\":\"https:\\\/\\\/iczechy.pl\\\/wp-content\\\/uploads\\\/2025\\\/04\\\/Szczepienie.jpg\",\"articleSection\":[\"+Plus\",\"+Wszystkie materia\u0142y\",\"Zdrowie\"],\"inLanguage\":\"pl-PL\"},{\"@type\":\"WebPage\",\"@id\":\"https:\\\/\\\/iczechy.pl\\\/index.php\\\/2025\\\/04\\\/24\\\/czeski-paradoks-szczepienia\\\/\",\"url\":\"https:\\\/\\\/iczechy.pl\\\/index.php\\\/2025\\\/04\\\/24\\\/czeski-paradoks-szczepienia\\\/\",\"name\":\"Czeski paradoks szczepienia: wa\u017cna profilaktyka, brak dzia\u0142ania&#187; iCzechy.pl\",\"isPartOf\":{\"@id\":\"https:\\\/\\\/iczechy.pl\\\/#website\"},\"primaryImageOfPage\":{\"@id\":\"https:\\\/\\\/iczechy.pl\\\/index.php\\\/2025\\\/04\\\/24\\\/czeski-paradoks-szczepienia\\\/#primaryimage\"},\"image\":{\"@id\":\"https:\\\/\\\/iczechy.pl\\\/index.php\\\/2025\\\/04\\\/24\\\/czeski-paradoks-szczepienia\\\/#primaryimage\"},\"thumbnailUrl\":\"https:\\\/\\\/iczechy.pl\\\/wp-content\\\/uploads\\\/2025\\\/04\\\/Szczepienie.jpg\",\"datePublished\":\"2025-04-24T18:26:51+00:00\",\"dateModified\":\"2025-04-24T18:43:45+00:00\",\"description\":\"Czeski paradoks szczepienia pokazuje rozd\u017awi\u0119k mi\u0119dzy deklarowan\u0105 wiar\u0105 w profilaktyk\u0119 a realnie nisk\u0105 liczb\u0105 szczepie\u0144 w Czechach.\",\"breadcrumb\":{\"@id\":\"https:\\\/\\\/iczechy.pl\\\/index.php\\\/2025\\\/04\\\/24\\\/czeski-paradoks-szczepienia\\\/#breadcrumb\"},\"inLanguage\":\"pl-PL\",\"potentialAction\":[{\"@type\":\"ReadAction\",\"target\":[\"https:\\\/\\\/iczechy.pl\\\/index.php\\\/2025\\\/04\\\/24\\\/czeski-paradoks-szczepienia\\\/\"]}]},{\"@type\":\"ImageObject\",\"inLanguage\":\"pl-PL\",\"@id\":\"https:\\\/\\\/iczechy.pl\\\/index.php\\\/2025\\\/04\\\/24\\\/czeski-paradoks-szczepienia\\\/#primaryimage\",\"url\":\"https:\\\/\\\/iczechy.pl\\\/wp-content\\\/uploads\\\/2025\\\/04\\\/Szczepienie.jpg\",\"contentUrl\":\"https:\\\/\\\/iczechy.pl\\\/wp-content\\\/uploads\\\/2025\\\/04\\\/Szczepienie.jpg\",\"width\":800,\"height\":533,\"caption\":\"czeski paradoks szczepienia\"},{\"@type\":\"BreadcrumbList\",\"@id\":\"https:\\\/\\\/iczechy.pl\\\/index.php\\\/2025\\\/04\\\/24\\\/czeski-paradoks-szczepienia\\\/#breadcrumb\",\"itemListElement\":[{\"@type\":\"ListItem\",\"position\":1,\"name\":\"Strona g\u0142\u00f3wna\",\"item\":\"https:\\\/\\\/iczechy.pl\\\/\"},{\"@type\":\"ListItem\",\"position\":2,\"name\":\"Czeski paradoks: wierz\u0105 w profilaktyk\u0119, ale si\u0119 nie szczepi\u0105\"}]},{\"@type\":\"WebSite\",\"@id\":\"https:\\\/\\\/iczechy.pl\\\/#website\",\"url\":\"https:\\\/\\\/iczechy.pl\\\/\",\"name\":\"iCzechy.pl\",\"description\":\"i wiesz wi\u0119cej\",\"publisher\":{\"@id\":\"https:\\\/\\\/iczechy.pl\\\/#organization\"},\"potentialAction\":[{\"@type\":\"SearchAction\",\"target\":{\"@type\":\"EntryPoint\",\"urlTemplate\":\"https:\\\/\\\/iczechy.pl\\\/?s={search_term_string}\"},\"query-input\":{\"@type\":\"PropertyValueSpecification\",\"valueRequired\":true,\"valueName\":\"search_term_string\"}}],\"inLanguage\":\"pl-PL\"},{\"@type\":\"Organization\",\"@id\":\"https:\\\/\\\/iczechy.pl\\\/#organization\",\"name\":\"iCzechy.pl\",\"url\":\"https:\\\/\\\/iczechy.pl\\\/\",\"logo\":{\"@type\":\"ImageObject\",\"inLanguage\":\"pl-PL\",\"@id\":\"https:\\\/\\\/iczechy.pl\\\/#\\\/schema\\\/logo\\\/image\\\/\",\"url\":\"https:\\\/\\\/iczechy.pl\\\/wp-content\\\/uploads\\\/2020\\\/06\\\/iCzechy-2-300dpi-...i-wiesz-wiecej.png\",\"contentUrl\":\"https:\\\/\\\/iczechy.pl\\\/wp-content\\\/uploads\\\/2020\\\/06\\\/iCzechy-2-300dpi-...i-wiesz-wiecej.png\",\"width\":1280,\"height\":294,\"caption\":\"iCzechy.pl\"},\"image\":{\"@id\":\"https:\\\/\\\/iczechy.pl\\\/#\\\/schema\\\/logo\\\/image\\\/\"},\"sameAs\":[\"https:\\\/\\\/x.com\\\/iCzechy_pl\"]},{\"@type\":\"Person\",\"@id\":\"https:\\\/\\\/iczechy.pl\\\/#\\\/schema\\\/person\\\/5b7f56b637b26b9409bc4574ea821c9a\",\"name\":\"Przemys\u0142aw Podola\u0144ski\",\"image\":{\"@type\":\"ImageObject\",\"inLanguage\":\"pl-PL\",\"@id\":\"https:\\\/\\\/secure.gravatar.com\\\/avatar\\\/6951ad7ad13313601602eb3f0fac4d73d0a39ab2d9d7be31170e5e06e9898aa7?s=96&d=mm&r=g\",\"url\":\"https:\\\/\\\/secure.gravatar.com\\\/avatar\\\/6951ad7ad13313601602eb3f0fac4d73d0a39ab2d9d7be31170e5e06e9898aa7?s=96&d=mm&r=g\",\"contentUrl\":\"https:\\\/\\\/secure.gravatar.com\\\/avatar\\\/6951ad7ad13313601602eb3f0fac4d73d0a39ab2d9d7be31170e5e06e9898aa7?s=96&d=mm&r=g\",\"caption\":\"Przemys\u0142aw Podola\u0144ski\"},\"url\":\"https:\\\/\\\/iczechy.pl\\\/index.php\\\/author\\\/admin-2\\\/\"}]}<\/script>\n<!-- \/ Yoast SEO plugin. -->","yoast_head_json":{"title":"Czeski paradoks szczepienia: wa\u017cna profilaktyka, brak dzia\u0142ania&#187; iCzechy.pl","description":"Czeski paradoks szczepienia pokazuje rozd\u017awi\u0119k mi\u0119dzy deklarowan\u0105 wiar\u0105 w profilaktyk\u0119 a realnie nisk\u0105 liczb\u0105 szczepie\u0144 w Czechach.","robots":{"index":"index","follow":"follow","max-snippet":"max-snippet:-1","max-image-preview":"max-image-preview:large","max-video-preview":"max-video-preview:-1"},"canonical":"https:\/\/iczechy.pl\/index.php\/2025\/04\/24\/czeski-paradoks-szczepienia\/","og_locale":"pl_PL","og_type":"article","og_title":"Czeski paradoks szczepienia: wa\u017cna profilaktyka, brak dzia\u0142ania&#187; iCzechy.pl","og_description":"Czeski paradoks szczepienia pokazuje rozd\u017awi\u0119k mi\u0119dzy deklarowan\u0105 wiar\u0105 w profilaktyk\u0119 a realnie nisk\u0105 liczb\u0105 szczepie\u0144 w Czechach.","og_url":"https:\/\/iczechy.pl\/index.php\/2025\/04\/24\/czeski-paradoks-szczepienia\/","og_site_name":"iCzechy.pl","article_published_time":"2025-04-24T18:26:51+00:00","article_modified_time":"2025-04-24T18:43:45+00:00","og_image":[{"width":800,"height":533,"url":"https:\/\/iczechy.pl\/wp-content\/uploads\/2025\/04\/Szczepienie.jpg","type":"image\/jpeg"}],"author":"Przemys\u0142aw Podola\u0144ski","twitter_card":"summary_large_image","twitter_creator":"@iCzechy_pl","twitter_site":"@iCzechy_pl","twitter_misc":{"Napisane przez":"Przemys\u0142aw Podola\u0144ski","Szacowany czas czytania":"4 minuty"},"schema":{"@context":"https:\/\/schema.org","@graph":[{"@type":"Article","@id":"https:\/\/iczechy.pl\/index.php\/2025\/04\/24\/czeski-paradoks-szczepienia\/#article","isPartOf":{"@id":"https:\/\/iczechy.pl\/index.php\/2025\/04\/24\/czeski-paradoks-szczepienia\/"},"author":{"name":"Przemys\u0142aw Podola\u0144ski","@id":"https:\/\/iczechy.pl\/#\/schema\/person\/5b7f56b637b26b9409bc4574ea821c9a"},"headline":"Czeski paradoks: wierz\u0105 w profilaktyk\u0119, ale si\u0119 nie szczepi\u0105","datePublished":"2025-04-24T18:26:51+00:00","dateModified":"2025-04-24T18:43:45+00:00","mainEntityOfPage":{"@id":"https:\/\/iczechy.pl\/index.php\/2025\/04\/24\/czeski-paradoks-szczepienia\/"},"wordCount":588,"publisher":{"@id":"https:\/\/iczechy.pl\/#organization"},"image":{"@id":"https:\/\/iczechy.pl\/index.php\/2025\/04\/24\/czeski-paradoks-szczepienia\/#primaryimage"},"thumbnailUrl":"https:\/\/iczechy.pl\/wp-content\/uploads\/2025\/04\/Szczepienie.jpg","articleSection":["+Plus","+Wszystkie materia\u0142y","Zdrowie"],"inLanguage":"pl-PL"},{"@type":"WebPage","@id":"https:\/\/iczechy.pl\/index.php\/2025\/04\/24\/czeski-paradoks-szczepienia\/","url":"https:\/\/iczechy.pl\/index.php\/2025\/04\/24\/czeski-paradoks-szczepienia\/","name":"Czeski paradoks szczepienia: wa\u017cna profilaktyka, brak dzia\u0142ania&#187; iCzechy.pl","isPartOf":{"@id":"https:\/\/iczechy.pl\/#website"},"primaryImageOfPage":{"@id":"https:\/\/iczechy.pl\/index.php\/2025\/04\/24\/czeski-paradoks-szczepienia\/#primaryimage"},"image":{"@id":"https:\/\/iczechy.pl\/index.php\/2025\/04\/24\/czeski-paradoks-szczepienia\/#primaryimage"},"thumbnailUrl":"https:\/\/iczechy.pl\/wp-content\/uploads\/2025\/04\/Szczepienie.jpg","datePublished":"2025-04-24T18:26:51+00:00","dateModified":"2025-04-24T18:43:45+00:00","description":"Czeski paradoks szczepienia pokazuje rozd\u017awi\u0119k mi\u0119dzy deklarowan\u0105 wiar\u0105 w profilaktyk\u0119 a realnie nisk\u0105 liczb\u0105 szczepie\u0144 w Czechach.","breadcrumb":{"@id":"https:\/\/iczechy.pl\/index.php\/2025\/04\/24\/czeski-paradoks-szczepienia\/#breadcrumb"},"inLanguage":"pl-PL","potentialAction":[{"@type":"ReadAction","target":["https:\/\/iczechy.pl\/index.php\/2025\/04\/24\/czeski-paradoks-szczepienia\/"]}]},{"@type":"ImageObject","inLanguage":"pl-PL","@id":"https:\/\/iczechy.pl\/index.php\/2025\/04\/24\/czeski-paradoks-szczepienia\/#primaryimage","url":"https:\/\/iczechy.pl\/wp-content\/uploads\/2025\/04\/Szczepienie.jpg","contentUrl":"https:\/\/iczechy.pl\/wp-content\/uploads\/2025\/04\/Szczepienie.jpg","width":800,"height":533,"caption":"czeski paradoks szczepienia"},{"@type":"BreadcrumbList","@id":"https:\/\/iczechy.pl\/index.php\/2025\/04\/24\/czeski-paradoks-szczepienia\/#breadcrumb","itemListElement":[{"@type":"ListItem","position":1,"name":"Strona g\u0142\u00f3wna","item":"https:\/\/iczechy.pl\/"},{"@type":"ListItem","position":2,"name":"Czeski paradoks: wierz\u0105 w profilaktyk\u0119, ale si\u0119 nie szczepi\u0105"}]},{"@type":"WebSite","@id":"https:\/\/iczechy.pl\/#website","url":"https:\/\/iczechy.pl\/","name":"iCzechy.pl","description":"i wiesz wi\u0119cej","publisher":{"@id":"https:\/\/iczechy.pl\/#organization"},"potentialAction":[{"@type":"SearchAction","target":{"@type":"EntryPoint","urlTemplate":"https:\/\/iczechy.pl\/?s={search_term_string}"},"query-input":{"@type":"PropertyValueSpecification","valueRequired":true,"valueName":"search_term_string"}}],"inLanguage":"pl-PL"},{"@type":"Organization","@id":"https:\/\/iczechy.pl\/#organization","name":"iCzechy.pl","url":"https:\/\/iczechy.pl\/","logo":{"@type":"ImageObject","inLanguage":"pl-PL","@id":"https:\/\/iczechy.pl\/#\/schema\/logo\/image\/","url":"https:\/\/iczechy.pl\/wp-content\/uploads\/2020\/06\/iCzechy-2-300dpi-...i-wiesz-wiecej.png","contentUrl":"https:\/\/iczechy.pl\/wp-content\/uploads\/2020\/06\/iCzechy-2-300dpi-...i-wiesz-wiecej.png","width":1280,"height":294,"caption":"iCzechy.pl"},"image":{"@id":"https:\/\/iczechy.pl\/#\/schema\/logo\/image\/"},"sameAs":["https:\/\/x.com\/iCzechy_pl"]},{"@type":"Person","@id":"https:\/\/iczechy.pl\/#\/schema\/person\/5b7f56b637b26b9409bc4574ea821c9a","name":"Przemys\u0142aw Podola\u0144ski","image":{"@type":"ImageObject","inLanguage":"pl-PL","@id":"https:\/\/secure.gravatar.com\/avatar\/6951ad7ad13313601602eb3f0fac4d73d0a39ab2d9d7be31170e5e06e9898aa7?s=96&d=mm&r=g","url":"https:\/\/secure.gravatar.com\/avatar\/6951ad7ad13313601602eb3f0fac4d73d0a39ab2d9d7be31170e5e06e9898aa7?s=96&d=mm&r=g","contentUrl":"https:\/\/secure.gravatar.com\/avatar\/6951ad7ad13313601602eb3f0fac4d73d0a39ab2d9d7be31170e5e06e9898aa7?s=96&d=mm&r=g","caption":"Przemys\u0142aw Podola\u0144ski"},"url":"https:\/\/iczechy.pl\/index.php\/author\/admin-2\/"}]}},"_links":{"self":[{"href":"https:\/\/iczechy.pl\/index.php\/wp-json\/wp\/v2\/posts\/12328","targetHints":{"allow":["GET"]}}],"collection":[{"href":"https:\/\/iczechy.pl\/index.php\/wp-json\/wp\/v2\/posts"}],"about":[{"href":"https:\/\/iczechy.pl\/index.php\/wp-json\/wp\/v2\/types\/post"}],"author":[{"embeddable":true,"href":"https:\/\/iczechy.pl\/index.php\/wp-json\/wp\/v2\/users\/7"}],"replies":[{"embeddable":true,"href":"https:\/\/iczechy.pl\/index.php\/wp-json\/wp\/v2\/comments?post=12328"}],"version-history":[{"count":6,"href":"https:\/\/iczechy.pl\/index.php\/wp-json\/wp\/v2\/posts\/12328\/revisions"}],"predecessor-version":[{"id":12335,"href":"https:\/\/iczechy.pl\/index.php\/wp-json\/wp\/v2\/posts\/12328\/revisions\/12335"}],"wp:featuredmedia":[{"embeddable":true,"href":"https:\/\/iczechy.pl\/index.php\/wp-json\/wp\/v2\/media\/12330"}],"wp:attachment":[{"href":"https:\/\/iczechy.pl\/index.php\/wp-json\/wp\/v2\/media?parent=12328"}],"wp:term":[{"taxonomy":"category","embeddable":true,"href":"https:\/\/iczechy.pl\/index.php\/wp-json\/wp\/v2\/categories?post=12328"},{"taxonomy":"post_tag","embeddable":true,"href":"https:\/\/iczechy.pl\/index.php\/wp-json\/wp\/v2\/tags?post=12328"}],"curies":[{"name":"wp","href":"https:\/\/api.w.org\/{rel}","templated":true}]}}