{"id":11716,"date":"2025-02-14T11:19:30","date_gmt":"2025-02-14T10:19:30","guid":{"rendered":"https:\/\/iczechy.pl\/?p=11716"},"modified":"2025-03-31T08:34:08","modified_gmt":"2025-03-31T06:34:08","slug":"pierwsza-czeska-gmina-z-elektroniczna-tablica-ogloszen-i-paczkomatem-w-jednym","status":"publish","type":"post","link":"https:\/\/iczechy.pl\/index.php\/2025\/02\/14\/pierwsza-czeska-gmina-z-elektroniczna-tablica-ogloszen-i-paczkomatem-w-jednym\/","title":{"rendered":"Pierwsza czeska gmina z elektroniczn\u0105 tablic\u0105 og\u0142osze\u0144 i paczkomatem w jednym"},"content":{"rendered":"<p><strong>Czeska miejscowo\u015b\u0107 <a href=\"https:\/\/www.cerveneporici.cz\/\" target=\"_blank\" rel=\"noopener\">\u010cerven\u00e9 Po\u0159\u00ed\u010d\u00ed<\/a> w pobli\u017cu Klatov jest pierwsz\u0105 gmin\u0105 w kraju, kt\u00f3ra mo\u017ce pochwali\u0107 si\u0119 innowacyjnym rozwi\u0105zaniem \u2013 po\u0142\u0105czeniem elektronicznej tablicy og\u0142osze\u0144 z nowoczesnym paczkomatem. Dodatkowo, w ramach kompleksowego systemu dor\u0119czania przesy\u0142ek, mieszka\u0144cy zyskali dost\u0119p do mniejszej wersji tego urz\u0105dzenia, tzw. OX BOX MINI. To krok w kierunku nowoczesnej infrastruktury us\u0142ugowej na terenach wiejskich.<\/strong><\/p>\n<h3>Nowoczesne rozwi\u0105zanie dla mieszka\u0144c\u00f3w<\/h3>\n<p>\u010cerven\u00e9 Po\u0159\u00ed\u010d\u00ed w kraju pilzne\u0144skim wprowadzi\u0142o rewolucj\u0119 w dor\u0119czaniu przesy\u0142ek. Dzi\u0119ki zastosowaniu paczkomatu OX Point mieszka\u0144cy oszcz\u0119dzaj\u0105 czas i pieni\u0105dze, eliminuj\u0105c konieczno\u015b\u0107 dojazdu do odleg\u0142ych plac\u00f3wek pocztowych. Jak podkre\u015bla <strong>Vladislav Kr\u00e1l<\/strong>, dyrektor operacyjny <a href=\"https:\/\/www.oxpoint.cz\/\" target=\"_blank\" rel=\"noopener\">OX Point<\/a>:<\/p>\n<p><em>\u201e\u010cerven\u00e9 Po\u0159\u00ed\u010d\u00ed sta\u0142o si\u0119 pionierem w\u015br\u00f3d ponad 70 czeskich gmin korzystaj\u0105cych z rozwi\u0105za\u0144 OX BOX. Dzi\u0119ki po\u0142\u0105czeniu paczkomatu z elektroniczn\u0105 tablic\u0105 og\u0142osze\u0144 oraz mniejszym boxem OX BOX MINI, kt\u00f3ry przeznaczony jest do przechowywania mniej gabarytowych przesy\u0142ek i dokument\u00f3w urz\u0119dowych, mieszka\u0144cy tej niewielkiej miejscowo\u015bci mog\u0105 cieszy\u0107 si\u0119 wygod\u0105 por\u00f3wnywaln\u0105 z mieszka\u0144cami wi\u0119kszych miast. W \u010cerven\u00e9m Po\u0159\u00ed\u010d\u00ed ju\u017c teraz funkcjonuj\u0105 us\u0142ugi kurierskie Bal\u00edkovna oraz One by Allegro\u201d.<\/em><\/p>\n<h3>Nowoczesna infrastruktura dla ma\u0142ych gmin<\/h3>\n<p>Dla gminy licz\u0105cej mniej ni\u017c 250 mieszka\u0144c\u00f3w nowe rozwi\u0105zanie jest niezwykle korzystne. Paczkomat OX Point umo\u017cliwia odbieranie i nadawanie przesy\u0142ek 24 godziny na dob\u0119, co jest szczeg\u00f3lnie wa\u017cne w mniejszych miejscowo\u015bciach, gdzie dost\u0119pno\u015b\u0107 tradycyjnych plac\u00f3wek pocztowych bywa ograniczona. Od jesieni 2023 roku OX Point, na pro\u015bb\u0119 w\u0142adz gminnych, zacz\u0105\u0142 wyposa\u017ca\u0107 swoje urz\u0105dzenia r\u00f3wnie\u017c w elektroniczne tablice og\u0142osze\u0144. Dla wielu lokalnych samorz\u0105d\u00f3w to kluczowy argument przy wyborze dostawcy tego typu rozwi\u0105za\u0144.<\/p>\n<p><em>\u201eNasze paczkomaty mog\u0105 pe\u0142ni\u0107 wiele funkcji \u2013 od klasycznych us\u0142ug pocztowych, przez elektroniczn\u0105 tablic\u0119 og\u0142osze\u0144, a\u017c po bezpieczne przekazywanie dokument\u00f3w pomi\u0119dzy mieszka\u0144cami. To wszechstronne narz\u0119dzie dostosowane do potrzeb wsp\u00f3\u0142czesnych spo\u0142eczno\u015bci lokalnych\u201d<\/em> \u2013 dodaje Kr\u00e1l.<\/p>\n<p><img decoding=\"async\" class=\"alignnone wp-image-11717 size-full lazyload\" data-src=\"https:\/\/iczechy.pl\/wp-content\/uploads\/2025\/02\/1739434926_1.png\" alt=\"czeska gmina z paczkomatem\" width=\"800\" height=\"400\" data-srcset=\"https:\/\/iczechy.pl\/wp-content\/uploads\/2025\/02\/1739434926_1.png 800w, https:\/\/iczechy.pl\/wp-content\/uploads\/2025\/02\/1739434926_1-300x150.png 300w, https:\/\/iczechy.pl\/wp-content\/uploads\/2025\/02\/1739434926_1-768x384.png 768w\" data-sizes=\"(max-width: 800px) 100vw, 800px\" src=\"data:image\/svg+xml;base64,PHN2ZyB3aWR0aD0iMSIgaGVpZ2h0PSIxIiB4bWxucz0iaHR0cDovL3d3dy53My5vcmcvMjAwMC9zdmciPjwvc3ZnPg==\" style=\"--smush-placeholder-width: 800px; --smush-placeholder-aspect-ratio: 800\/400;\" \/><\/p>\n<h3>Sukces rozwi\u0105zania potwierdzony w praktyce<\/h3>\n<p>Zadowolenie z wdro\u017cenia nowoczesnych paczkomat\u00f3w wyra\u017caj\u0105 r\u00f3wnie\u017c inni samorz\u0105dowcy. <strong>Lucie Pohorelcov\u00e1<\/strong>, burmistrzyni gminy \u010cep\u00ed w kraju pardubickim, m\u00f3wi:<\/p>\n<p><em>\u201eKa\u017cdy, kto chce i\u015b\u0107 z duchem czasu, powinien pomy\u015ble\u0107 o zainstalowaniu inteligentnego paczkomatu w swojej miejscowo\u015bci. Korzystaj\u0105 z niego mieszka\u0144cy w r\u00f3\u017cnym wieku, a jego obs\u0142uga jest niezwykle intuicyjna. W naszej gminie zdecydowali\u015bmy si\u0119 nawet na zakup kolejnych skrytek, poniewa\u017c rozwi\u0105zanie sprawdzi\u0142o si\u0119 doskonale\u201d.<\/em><\/p>\n<p>Paczkomaty OX BOX s\u0105 szczeg\u00f3lnie popularne w miejscowo\u015bciach licz\u0105cych do 500 mieszka\u0144c\u00f3w. Obecnie sie\u0107 OX Point obejmuje niemal 400 lokalizacji na terenie ca\u0142ych Czech.<\/p>\n<h3>O OX Point<\/h3>\n<p><a href=\"https:\/\/www.oxpoint.cz\/\" target=\"_blank\" rel=\"noopener\">OX Point<\/a> to czeska firma oferuj\u0105ca innowacyjne rozwi\u0105zania w zakresie samoobs\u0142ugowych paczkomat\u00f3w, dost\u0119pnych dla wszystkich przewo\u017anik\u00f3w i sprzedawc\u00f3w. Producentem urz\u0105dze\u0144 jest rodzinna firma przemys\u0142owa CONTEG Group. Sie\u0107 wsp\u00f3\u0142pracuje z wieloma podmiotami, takimi jak Rohlik.cz, One by Allegro, Bal\u00edkovna, Spr\u00e1va \u017deleznic oraz sie\u0107 stacji paliw MOL. OX BOX umo\u017cliwia nie tylko odbi\u00f3r i nadawanie przesy\u0142ek, ale tak\u017ce zwroty paczek oraz bezkontaktowe przekazywanie dokument\u00f3w. Wybrane paczkomaty zosta\u0142y wyposa\u017cone w system ch\u0142odzenia, co pozwala na przechowywanie \u015bwie\u017cej \u017cywno\u015bci zamawianej w internetowych supermarketach. Ca\u0142y proces projektowania i produkcji urz\u0105dze\u0144 odbywa si\u0119 w Czechach, w zak\u0142adzie CONTEG w Pelh\u0159imovie.<\/p>\n","protected":false},"excerpt":{"rendered":"<p>Czeska miejscowo\u015b\u0107 \u010cerven\u00e9 Po\u0159\u00ed\u010d\u00ed w pobli\u017cu Klatov jest pierwsz\u0105 gmin\u0105 w kraju, kt\u00f3ra mo\u017ce pochwali\u0107 si\u0119 innowacyjnym rozwi\u0105zaniem \u2013 po\u0142\u0105czeniem elektronicznej tablicy og\u0142osze\u0144 z nowoczesnym paczkomatem. Dodatkowo, w ramach kompleksowego systemu dor\u0119czania przesy\u0142ek, mieszka\u0144cy zyskali dost\u0119p do mniejszej wersji tego&#8230;<\/p>\n","protected":false},"author":7,"featured_media":11718,"comment_status":"closed","ping_status":"open","sticky":false,"template":"","format":"standard","meta":{"om_disable_all_campaigns":false,"_monsterinsights_skip_tracking":false,"_monsterinsights_sitenote_active":false,"_monsterinsights_sitenote_note":"","_monsterinsights_sitenote_category":0,"ngg_post_thumbnail":0,"two_page_speed":[],"footnotes":""},"categories":[219,578,575,3],"tags":[],"class_list":["post-11716","post","type-post","status-publish","format-standard","has-post-thumbnail","hentry","category-wszystkie-materialy","category-e-commerce-i-innowacje","category-infrastruktura-i-transport","category-spoleczenstwo"],"yoast_head":"<!-- This site is optimized with the Yoast SEO plugin v27.5 - https:\/\/yoast.com\/product\/yoast-seo-wordpress\/ -->\n<title>Pierwsza czeska gmina z elektroniczn\u0105 tablic\u0105 og\u0142osze\u0144 i paczkomatem w jednym &#187; iCzechy.pl<\/title>\n<meta name=\"description\" content=\"Czeska miejscowo\u015b\u0107 \u010cerven\u00e9 Po\u0159\u00ed\u010d\u00ed jest pierwsz\u0105 gmin\u0105 w kraju, kt\u00f3ra ma elektroniczn\u0105 tablic\u0119 og\u0142osze\u0144 z nowoczesnym paczkomatem.\" \/>\n<meta name=\"robots\" content=\"index, follow, max-snippet:-1, max-image-preview:large, max-video-preview:-1\" \/>\n<link rel=\"canonical\" href=\"https:\/\/iczechy.pl\/index.php\/2025\/02\/14\/pierwsza-czeska-gmina-z-elektroniczna-tablica-ogloszen-i-paczkomatem-w-jednym\/\" \/>\n<meta property=\"og:locale\" content=\"pl_PL\" \/>\n<meta property=\"og:type\" content=\"article\" \/>\n<meta property=\"og:title\" content=\"Pierwsza czeska gmina z elektroniczn\u0105 tablic\u0105 og\u0142osze\u0144 i paczkomatem w jednym &#187; iCzechy.pl\" \/>\n<meta property=\"og:description\" content=\"Czeska miejscowo\u015b\u0107 \u010cerven\u00e9 Po\u0159\u00ed\u010d\u00ed jest pierwsz\u0105 gmin\u0105 w kraju, kt\u00f3ra ma elektroniczn\u0105 tablic\u0119 og\u0142osze\u0144 z nowoczesnym paczkomatem.\" \/>\n<meta property=\"og:url\" content=\"https:\/\/iczechy.pl\/index.php\/2025\/02\/14\/pierwsza-czeska-gmina-z-elektroniczna-tablica-ogloszen-i-paczkomatem-w-jednym\/\" \/>\n<meta property=\"og:site_name\" content=\"iCzechy.pl\" \/>\n<meta property=\"article:published_time\" content=\"2025-02-14T10:19:30+00:00\" \/>\n<meta property=\"article:modified_time\" content=\"2025-03-31T06:34:08+00:00\" \/>\n<meta property=\"og:image\" content=\"https:\/\/iczechy.pl\/wp-content\/uploads\/2025\/02\/whatsapp-image-2025-01-31-at-074145.jpeg\" \/>\n\t<meta property=\"og:image:width\" content=\"960\" \/>\n\t<meta property=\"og:image:height\" content=\"720\" \/>\n\t<meta property=\"og:image:type\" content=\"image\/jpeg\" \/>\n<meta name=\"author\" content=\"Przemys\u0142aw Podola\u0144ski\" \/>\n<meta name=\"twitter:card\" content=\"summary_large_image\" \/>\n<meta name=\"twitter:creator\" content=\"@iCzechy_pl\" \/>\n<meta name=\"twitter:site\" content=\"@iCzechy_pl\" \/>\n<meta name=\"twitter:label1\" content=\"Napisane przez\" \/>\n\t<meta name=\"twitter:data1\" content=\"Przemys\u0142aw Podola\u0144ski\" \/>\n\t<meta name=\"twitter:label2\" content=\"Szacowany czas czytania\" \/>\n\t<meta name=\"twitter:data2\" content=\"4 minuty\" \/>\n<script type=\"application\/ld+json\" class=\"yoast-schema-graph\">{\"@context\":\"https:\\\/\\\/schema.org\",\"@graph\":[{\"@type\":\"Article\",\"@id\":\"https:\\\/\\\/iczechy.pl\\\/index.php\\\/2025\\\/02\\\/14\\\/pierwsza-czeska-gmina-z-elektroniczna-tablica-ogloszen-i-paczkomatem-w-jednym\\\/#article\",\"isPartOf\":{\"@id\":\"https:\\\/\\\/iczechy.pl\\\/index.php\\\/2025\\\/02\\\/14\\\/pierwsza-czeska-gmina-z-elektroniczna-tablica-ogloszen-i-paczkomatem-w-jednym\\\/\"},\"author\":{\"name\":\"Przemys\u0142aw Podola\u0144ski\",\"@id\":\"https:\\\/\\\/iczechy.pl\\\/#\\\/schema\\\/person\\\/5b7f56b637b26b9409bc4574ea821c9a\"},\"headline\":\"Pierwsza czeska gmina z elektroniczn\u0105 tablic\u0105 og\u0142osze\u0144 i paczkomatem w jednym\",\"datePublished\":\"2025-02-14T10:19:30+00:00\",\"dateModified\":\"2025-03-31T06:34:08+00:00\",\"mainEntityOfPage\":{\"@id\":\"https:\\\/\\\/iczechy.pl\\\/index.php\\\/2025\\\/02\\\/14\\\/pierwsza-czeska-gmina-z-elektroniczna-tablica-ogloszen-i-paczkomatem-w-jednym\\\/\"},\"wordCount\":589,\"publisher\":{\"@id\":\"https:\\\/\\\/iczechy.pl\\\/#organization\"},\"image\":{\"@id\":\"https:\\\/\\\/iczechy.pl\\\/index.php\\\/2025\\\/02\\\/14\\\/pierwsza-czeska-gmina-z-elektroniczna-tablica-ogloszen-i-paczkomatem-w-jednym\\\/#primaryimage\"},\"thumbnailUrl\":\"https:\\\/\\\/iczechy.pl\\\/wp-content\\\/uploads\\\/2025\\\/02\\\/whatsapp-image-2025-01-31-at-074145.jpeg\",\"articleSection\":[\"+Wszystkie materia\u0142y\",\"E-commerce i innowacje\",\"Infrastruktura i transport\",\"Spo\u0142ecze\u0144stwo\"],\"inLanguage\":\"pl-PL\"},{\"@type\":\"WebPage\",\"@id\":\"https:\\\/\\\/iczechy.pl\\\/index.php\\\/2025\\\/02\\\/14\\\/pierwsza-czeska-gmina-z-elektroniczna-tablica-ogloszen-i-paczkomatem-w-jednym\\\/\",\"url\":\"https:\\\/\\\/iczechy.pl\\\/index.php\\\/2025\\\/02\\\/14\\\/pierwsza-czeska-gmina-z-elektroniczna-tablica-ogloszen-i-paczkomatem-w-jednym\\\/\",\"name\":\"Pierwsza czeska gmina z elektroniczn\u0105 tablic\u0105 og\u0142osze\u0144 i paczkomatem w jednym &#187; iCzechy.pl\",\"isPartOf\":{\"@id\":\"https:\\\/\\\/iczechy.pl\\\/#website\"},\"primaryImageOfPage\":{\"@id\":\"https:\\\/\\\/iczechy.pl\\\/index.php\\\/2025\\\/02\\\/14\\\/pierwsza-czeska-gmina-z-elektroniczna-tablica-ogloszen-i-paczkomatem-w-jednym\\\/#primaryimage\"},\"image\":{\"@id\":\"https:\\\/\\\/iczechy.pl\\\/index.php\\\/2025\\\/02\\\/14\\\/pierwsza-czeska-gmina-z-elektroniczna-tablica-ogloszen-i-paczkomatem-w-jednym\\\/#primaryimage\"},\"thumbnailUrl\":\"https:\\\/\\\/iczechy.pl\\\/wp-content\\\/uploads\\\/2025\\\/02\\\/whatsapp-image-2025-01-31-at-074145.jpeg\",\"datePublished\":\"2025-02-14T10:19:30+00:00\",\"dateModified\":\"2025-03-31T06:34:08+00:00\",\"description\":\"Czeska miejscowo\u015b\u0107 \u010cerven\u00e9 Po\u0159\u00ed\u010d\u00ed jest pierwsz\u0105 gmin\u0105 w kraju, kt\u00f3ra ma elektroniczn\u0105 tablic\u0119 og\u0142osze\u0144 z nowoczesnym paczkomatem.\",\"breadcrumb\":{\"@id\":\"https:\\\/\\\/iczechy.pl\\\/index.php\\\/2025\\\/02\\\/14\\\/pierwsza-czeska-gmina-z-elektroniczna-tablica-ogloszen-i-paczkomatem-w-jednym\\\/#breadcrumb\"},\"inLanguage\":\"pl-PL\",\"potentialAction\":[{\"@type\":\"ReadAction\",\"target\":[\"https:\\\/\\\/iczechy.pl\\\/index.php\\\/2025\\\/02\\\/14\\\/pierwsza-czeska-gmina-z-elektroniczna-tablica-ogloszen-i-paczkomatem-w-jednym\\\/\"]}]},{\"@type\":\"ImageObject\",\"inLanguage\":\"pl-PL\",\"@id\":\"https:\\\/\\\/iczechy.pl\\\/index.php\\\/2025\\\/02\\\/14\\\/pierwsza-czeska-gmina-z-elektroniczna-tablica-ogloszen-i-paczkomatem-w-jednym\\\/#primaryimage\",\"url\":\"https:\\\/\\\/iczechy.pl\\\/wp-content\\\/uploads\\\/2025\\\/02\\\/whatsapp-image-2025-01-31-at-074145.jpeg\",\"contentUrl\":\"https:\\\/\\\/iczechy.pl\\\/wp-content\\\/uploads\\\/2025\\\/02\\\/whatsapp-image-2025-01-31-at-074145.jpeg\",\"width\":960,\"height\":720,\"caption\":\"czeska gmina z paczkomatem\"},{\"@type\":\"BreadcrumbList\",\"@id\":\"https:\\\/\\\/iczechy.pl\\\/index.php\\\/2025\\\/02\\\/14\\\/pierwsza-czeska-gmina-z-elektroniczna-tablica-ogloszen-i-paczkomatem-w-jednym\\\/#breadcrumb\",\"itemListElement\":[{\"@type\":\"ListItem\",\"position\":1,\"name\":\"Strona g\u0142\u00f3wna\",\"item\":\"https:\\\/\\\/iczechy.pl\\\/\"},{\"@type\":\"ListItem\",\"position\":2,\"name\":\"Pierwsza czeska gmina z elektroniczn\u0105 tablic\u0105 og\u0142osze\u0144 i paczkomatem w jednym\"}]},{\"@type\":\"WebSite\",\"@id\":\"https:\\\/\\\/iczechy.pl\\\/#website\",\"url\":\"https:\\\/\\\/iczechy.pl\\\/\",\"name\":\"iCzechy.pl\",\"description\":\"i wiesz wi\u0119cej\",\"publisher\":{\"@id\":\"https:\\\/\\\/iczechy.pl\\\/#organization\"},\"potentialAction\":[{\"@type\":\"SearchAction\",\"target\":{\"@type\":\"EntryPoint\",\"urlTemplate\":\"https:\\\/\\\/iczechy.pl\\\/?s={search_term_string}\"},\"query-input\":{\"@type\":\"PropertyValueSpecification\",\"valueRequired\":true,\"valueName\":\"search_term_string\"}}],\"inLanguage\":\"pl-PL\"},{\"@type\":\"Organization\",\"@id\":\"https:\\\/\\\/iczechy.pl\\\/#organization\",\"name\":\"iCzechy.pl\",\"url\":\"https:\\\/\\\/iczechy.pl\\\/\",\"logo\":{\"@type\":\"ImageObject\",\"inLanguage\":\"pl-PL\",\"@id\":\"https:\\\/\\\/iczechy.pl\\\/#\\\/schema\\\/logo\\\/image\\\/\",\"url\":\"https:\\\/\\\/iczechy.pl\\\/wp-content\\\/uploads\\\/2020\\\/06\\\/iCzechy-2-300dpi-...i-wiesz-wiecej.png\",\"contentUrl\":\"https:\\\/\\\/iczechy.pl\\\/wp-content\\\/uploads\\\/2020\\\/06\\\/iCzechy-2-300dpi-...i-wiesz-wiecej.png\",\"width\":1280,\"height\":294,\"caption\":\"iCzechy.pl\"},\"image\":{\"@id\":\"https:\\\/\\\/iczechy.pl\\\/#\\\/schema\\\/logo\\\/image\\\/\"},\"sameAs\":[\"https:\\\/\\\/x.com\\\/iCzechy_pl\"]},{\"@type\":\"Person\",\"@id\":\"https:\\\/\\\/iczechy.pl\\\/#\\\/schema\\\/person\\\/5b7f56b637b26b9409bc4574ea821c9a\",\"name\":\"Przemys\u0142aw Podola\u0144ski\",\"image\":{\"@type\":\"ImageObject\",\"inLanguage\":\"pl-PL\",\"@id\":\"https:\\\/\\\/secure.gravatar.com\\\/avatar\\\/6951ad7ad13313601602eb3f0fac4d73d0a39ab2d9d7be31170e5e06e9898aa7?s=96&d=mm&r=g\",\"url\":\"https:\\\/\\\/secure.gravatar.com\\\/avatar\\\/6951ad7ad13313601602eb3f0fac4d73d0a39ab2d9d7be31170e5e06e9898aa7?s=96&d=mm&r=g\",\"contentUrl\":\"https:\\\/\\\/secure.gravatar.com\\\/avatar\\\/6951ad7ad13313601602eb3f0fac4d73d0a39ab2d9d7be31170e5e06e9898aa7?s=96&d=mm&r=g\",\"caption\":\"Przemys\u0142aw Podola\u0144ski\"},\"url\":\"https:\\\/\\\/iczechy.pl\\\/index.php\\\/author\\\/admin-2\\\/\"}]}<\/script>\n<!-- \/ Yoast SEO plugin. -->","yoast_head_json":{"title":"Pierwsza czeska gmina z elektroniczn\u0105 tablic\u0105 og\u0142osze\u0144 i paczkomatem w jednym &#187; iCzechy.pl","description":"Czeska miejscowo\u015b\u0107 \u010cerven\u00e9 Po\u0159\u00ed\u010d\u00ed jest pierwsz\u0105 gmin\u0105 w kraju, kt\u00f3ra ma elektroniczn\u0105 tablic\u0119 og\u0142osze\u0144 z nowoczesnym paczkomatem.","robots":{"index":"index","follow":"follow","max-snippet":"max-snippet:-1","max-image-preview":"max-image-preview:large","max-video-preview":"max-video-preview:-1"},"canonical":"https:\/\/iczechy.pl\/index.php\/2025\/02\/14\/pierwsza-czeska-gmina-z-elektroniczna-tablica-ogloszen-i-paczkomatem-w-jednym\/","og_locale":"pl_PL","og_type":"article","og_title":"Pierwsza czeska gmina z elektroniczn\u0105 tablic\u0105 og\u0142osze\u0144 i paczkomatem w jednym &#187; iCzechy.pl","og_description":"Czeska miejscowo\u015b\u0107 \u010cerven\u00e9 Po\u0159\u00ed\u010d\u00ed jest pierwsz\u0105 gmin\u0105 w kraju, kt\u00f3ra ma elektroniczn\u0105 tablic\u0119 og\u0142osze\u0144 z nowoczesnym paczkomatem.","og_url":"https:\/\/iczechy.pl\/index.php\/2025\/02\/14\/pierwsza-czeska-gmina-z-elektroniczna-tablica-ogloszen-i-paczkomatem-w-jednym\/","og_site_name":"iCzechy.pl","article_published_time":"2025-02-14T10:19:30+00:00","article_modified_time":"2025-03-31T06:34:08+00:00","og_image":[{"width":960,"height":720,"url":"https:\/\/iczechy.pl\/wp-content\/uploads\/2025\/02\/whatsapp-image-2025-01-31-at-074145.jpeg","type":"image\/jpeg"}],"author":"Przemys\u0142aw Podola\u0144ski","twitter_card":"summary_large_image","twitter_creator":"@iCzechy_pl","twitter_site":"@iCzechy_pl","twitter_misc":{"Napisane przez":"Przemys\u0142aw Podola\u0144ski","Szacowany czas czytania":"4 minuty"},"schema":{"@context":"https:\/\/schema.org","@graph":[{"@type":"Article","@id":"https:\/\/iczechy.pl\/index.php\/2025\/02\/14\/pierwsza-czeska-gmina-z-elektroniczna-tablica-ogloszen-i-paczkomatem-w-jednym\/#article","isPartOf":{"@id":"https:\/\/iczechy.pl\/index.php\/2025\/02\/14\/pierwsza-czeska-gmina-z-elektroniczna-tablica-ogloszen-i-paczkomatem-w-jednym\/"},"author":{"name":"Przemys\u0142aw Podola\u0144ski","@id":"https:\/\/iczechy.pl\/#\/schema\/person\/5b7f56b637b26b9409bc4574ea821c9a"},"headline":"Pierwsza czeska gmina z elektroniczn\u0105 tablic\u0105 og\u0142osze\u0144 i paczkomatem w jednym","datePublished":"2025-02-14T10:19:30+00:00","dateModified":"2025-03-31T06:34:08+00:00","mainEntityOfPage":{"@id":"https:\/\/iczechy.pl\/index.php\/2025\/02\/14\/pierwsza-czeska-gmina-z-elektroniczna-tablica-ogloszen-i-paczkomatem-w-jednym\/"},"wordCount":589,"publisher":{"@id":"https:\/\/iczechy.pl\/#organization"},"image":{"@id":"https:\/\/iczechy.pl\/index.php\/2025\/02\/14\/pierwsza-czeska-gmina-z-elektroniczna-tablica-ogloszen-i-paczkomatem-w-jednym\/#primaryimage"},"thumbnailUrl":"https:\/\/iczechy.pl\/wp-content\/uploads\/2025\/02\/whatsapp-image-2025-01-31-at-074145.jpeg","articleSection":["+Wszystkie materia\u0142y","E-commerce i innowacje","Infrastruktura i transport","Spo\u0142ecze\u0144stwo"],"inLanguage":"pl-PL"},{"@type":"WebPage","@id":"https:\/\/iczechy.pl\/index.php\/2025\/02\/14\/pierwsza-czeska-gmina-z-elektroniczna-tablica-ogloszen-i-paczkomatem-w-jednym\/","url":"https:\/\/iczechy.pl\/index.php\/2025\/02\/14\/pierwsza-czeska-gmina-z-elektroniczna-tablica-ogloszen-i-paczkomatem-w-jednym\/","name":"Pierwsza czeska gmina z elektroniczn\u0105 tablic\u0105 og\u0142osze\u0144 i paczkomatem w jednym &#187; iCzechy.pl","isPartOf":{"@id":"https:\/\/iczechy.pl\/#website"},"primaryImageOfPage":{"@id":"https:\/\/iczechy.pl\/index.php\/2025\/02\/14\/pierwsza-czeska-gmina-z-elektroniczna-tablica-ogloszen-i-paczkomatem-w-jednym\/#primaryimage"},"image":{"@id":"https:\/\/iczechy.pl\/index.php\/2025\/02\/14\/pierwsza-czeska-gmina-z-elektroniczna-tablica-ogloszen-i-paczkomatem-w-jednym\/#primaryimage"},"thumbnailUrl":"https:\/\/iczechy.pl\/wp-content\/uploads\/2025\/02\/whatsapp-image-2025-01-31-at-074145.jpeg","datePublished":"2025-02-14T10:19:30+00:00","dateModified":"2025-03-31T06:34:08+00:00","description":"Czeska miejscowo\u015b\u0107 \u010cerven\u00e9 Po\u0159\u00ed\u010d\u00ed jest pierwsz\u0105 gmin\u0105 w kraju, kt\u00f3ra ma elektroniczn\u0105 tablic\u0119 og\u0142osze\u0144 z nowoczesnym paczkomatem.","breadcrumb":{"@id":"https:\/\/iczechy.pl\/index.php\/2025\/02\/14\/pierwsza-czeska-gmina-z-elektroniczna-tablica-ogloszen-i-paczkomatem-w-jednym\/#breadcrumb"},"inLanguage":"pl-PL","potentialAction":[{"@type":"ReadAction","target":["https:\/\/iczechy.pl\/index.php\/2025\/02\/14\/pierwsza-czeska-gmina-z-elektroniczna-tablica-ogloszen-i-paczkomatem-w-jednym\/"]}]},{"@type":"ImageObject","inLanguage":"pl-PL","@id":"https:\/\/iczechy.pl\/index.php\/2025\/02\/14\/pierwsza-czeska-gmina-z-elektroniczna-tablica-ogloszen-i-paczkomatem-w-jednym\/#primaryimage","url":"https:\/\/iczechy.pl\/wp-content\/uploads\/2025\/02\/whatsapp-image-2025-01-31-at-074145.jpeg","contentUrl":"https:\/\/iczechy.pl\/wp-content\/uploads\/2025\/02\/whatsapp-image-2025-01-31-at-074145.jpeg","width":960,"height":720,"caption":"czeska gmina z paczkomatem"},{"@type":"BreadcrumbList","@id":"https:\/\/iczechy.pl\/index.php\/2025\/02\/14\/pierwsza-czeska-gmina-z-elektroniczna-tablica-ogloszen-i-paczkomatem-w-jednym\/#breadcrumb","itemListElement":[{"@type":"ListItem","position":1,"name":"Strona g\u0142\u00f3wna","item":"https:\/\/iczechy.pl\/"},{"@type":"ListItem","position":2,"name":"Pierwsza czeska gmina z elektroniczn\u0105 tablic\u0105 og\u0142osze\u0144 i paczkomatem w jednym"}]},{"@type":"WebSite","@id":"https:\/\/iczechy.pl\/#website","url":"https:\/\/iczechy.pl\/","name":"iCzechy.pl","description":"i wiesz wi\u0119cej","publisher":{"@id":"https:\/\/iczechy.pl\/#organization"},"potentialAction":[{"@type":"SearchAction","target":{"@type":"EntryPoint","urlTemplate":"https:\/\/iczechy.pl\/?s={search_term_string}"},"query-input":{"@type":"PropertyValueSpecification","valueRequired":true,"valueName":"search_term_string"}}],"inLanguage":"pl-PL"},{"@type":"Organization","@id":"https:\/\/iczechy.pl\/#organization","name":"iCzechy.pl","url":"https:\/\/iczechy.pl\/","logo":{"@type":"ImageObject","inLanguage":"pl-PL","@id":"https:\/\/iczechy.pl\/#\/schema\/logo\/image\/","url":"https:\/\/iczechy.pl\/wp-content\/uploads\/2020\/06\/iCzechy-2-300dpi-...i-wiesz-wiecej.png","contentUrl":"https:\/\/iczechy.pl\/wp-content\/uploads\/2020\/06\/iCzechy-2-300dpi-...i-wiesz-wiecej.png","width":1280,"height":294,"caption":"iCzechy.pl"},"image":{"@id":"https:\/\/iczechy.pl\/#\/schema\/logo\/image\/"},"sameAs":["https:\/\/x.com\/iCzechy_pl"]},{"@type":"Person","@id":"https:\/\/iczechy.pl\/#\/schema\/person\/5b7f56b637b26b9409bc4574ea821c9a","name":"Przemys\u0142aw Podola\u0144ski","image":{"@type":"ImageObject","inLanguage":"pl-PL","@id":"https:\/\/secure.gravatar.com\/avatar\/6951ad7ad13313601602eb3f0fac4d73d0a39ab2d9d7be31170e5e06e9898aa7?s=96&d=mm&r=g","url":"https:\/\/secure.gravatar.com\/avatar\/6951ad7ad13313601602eb3f0fac4d73d0a39ab2d9d7be31170e5e06e9898aa7?s=96&d=mm&r=g","contentUrl":"https:\/\/secure.gravatar.com\/avatar\/6951ad7ad13313601602eb3f0fac4d73d0a39ab2d9d7be31170e5e06e9898aa7?s=96&d=mm&r=g","caption":"Przemys\u0142aw Podola\u0144ski"},"url":"https:\/\/iczechy.pl\/index.php\/author\/admin-2\/"}]}},"_links":{"self":[{"href":"https:\/\/iczechy.pl\/index.php\/wp-json\/wp\/v2\/posts\/11716","targetHints":{"allow":["GET"]}}],"collection":[{"href":"https:\/\/iczechy.pl\/index.php\/wp-json\/wp\/v2\/posts"}],"about":[{"href":"https:\/\/iczechy.pl\/index.php\/wp-json\/wp\/v2\/types\/post"}],"author":[{"embeddable":true,"href":"https:\/\/iczechy.pl\/index.php\/wp-json\/wp\/v2\/users\/7"}],"replies":[{"embeddable":true,"href":"https:\/\/iczechy.pl\/index.php\/wp-json\/wp\/v2\/comments?post=11716"}],"version-history":[{"count":3,"href":"https:\/\/iczechy.pl\/index.php\/wp-json\/wp\/v2\/posts\/11716\/revisions"}],"predecessor-version":[{"id":11721,"href":"https:\/\/iczechy.pl\/index.php\/wp-json\/wp\/v2\/posts\/11716\/revisions\/11721"}],"wp:featuredmedia":[{"embeddable":true,"href":"https:\/\/iczechy.pl\/index.php\/wp-json\/wp\/v2\/media\/11718"}],"wp:attachment":[{"href":"https:\/\/iczechy.pl\/index.php\/wp-json\/wp\/v2\/media?parent=11716"}],"wp:term":[{"taxonomy":"category","embeddable":true,"href":"https:\/\/iczechy.pl\/index.php\/wp-json\/wp\/v2\/categories?post=11716"},{"taxonomy":"post_tag","embeddable":true,"href":"https:\/\/iczechy.pl\/index.php\/wp-json\/wp\/v2\/tags?post=11716"}],"curies":[{"name":"wp","href":"https:\/\/api.w.org\/{rel}","templated":true}]}}