{"id":11566,"date":"2024-10-30T20:58:38","date_gmt":"2024-10-30T19:58:38","guid":{"rendered":"https:\/\/iczechy.pl\/?p=11566"},"modified":"2025-03-29T17:01:57","modified_gmt":"2025-03-29T16:01:57","slug":"11566","status":"publish","type":"post","link":"https:\/\/iczechy.pl\/index.php\/2024\/10\/30\/11566\/","title":{"rendered":"Iggy Pop po 15 latach na festiwalu Colours of Ostrava. Wraca legenda"},"content":{"rendered":"<p><strong>Jedn\u0105 z gwiazd kolejnej edycji festiwalu <a href=\"https:\/\/www.colours.cz\/?lang=pl-PL\" target=\"_blank\" rel=\"noopener\">Colours of Ostrava<\/a> b\u0119dzie ameryka\u0144ski punkrockowy wokalista Iggy Pop, kt\u00f3ry wr\u00f3ci na festiwal po 15 latach. Poinformowa\u0142 o tym Ond\u0159ej Bambas w imieniu organizator\u00f3w. Wed\u0142ug niego wyst\u0105pi\u0105 tak\u017ce francuski duet Justice oraz reprezentanci rodzimej sceny, raper Calin i Dan B\u00e1rta z Illustratosphere. Organizatorzy ju\u017c wcze\u015bniej og\u0142osili, \u017ce w\u015br\u00f3d gwiazd przysz\u0142orocznej edycji znajdzie si\u0119 r\u00f3wnie\u017c ameryka\u0144ski duet did\u017cej\u00f3w The Chainsmokers.&nbsp;<\/strong><\/p>\n<p><em>\u201eBardzo mnie cieszy, \u017ce po pi\u0119tnastu latach na nasz festiwal wraca legenda, Iggy Pop. Wtedy zaprosi\u0142 na scen\u0119 oko\u0142o tuzina fan\u00f3w z pierwszych rz\u0119d\u00f3w, kt\u00f3rzy mogli pota\u0144czy\u0107 tu\u017c obok niego i jego zespo\u0142u The Stooges. Zobaczymy, co wokalista przygotuje dla nas tym razem. Na scenie jest od oko\u0142o sze\u015b\u0107dziesi\u0119ciu lat, ale potrafi zaskoczy\u0107 zar\u00f3wno w studiu, jak i na koncertach\u201d<\/em> &#8211; powiedzia\u0142a <strong>Zlata<\/strong> <strong>Holu\u0161ov\u00e1<\/strong>, dyrektorka artystyczna festiwalu <strong>Colours of Ostrava<\/strong>.<\/p>\n<p>Do Ostrawy powr\u00f3ci tak\u017ce francuski duet Justice, kt\u00f3ry przez d\u0142ugi czas przodowa\u0142 pod wzgl\u0119dem ilo\u015bci sprz\u0119tu, jaki przywozi\u0142 na swoje wyst\u0119py. W 2017 roku zadebiutowali przed czesk\u0105 publiczno\u015bci\u0105. Tym razem Justice przywioz\u0105 nowy pokaz audiowizualny oraz aktualny album <em>Hyperdrama<\/em>, kt\u00f3ry ukaza\u0142 si\u0119 osiem lat po ich poprzednim nagraniu studyjnym. Tyle samo lat fani musieli czeka\u0107 na ich ponown\u0105 wizyt\u0119 w Czechach, ponownie na festiwalu <strong>Colours of Ostrava<\/strong>.<\/p>\n<p>Kolejnym nowo og\u0142oszonym artyst\u0105 jest hiszpa\u0144ski wokalista Alvaro Soler, mieszkaj\u0105cy w Niemczech, kt\u00f3ry po raz pierwszy odwiedzi Moravskoslezsk\u00fd kraj. W swojej muzyce czerpie g\u0142\u00f3wnie z wp\u0142yw\u00f3w muzyki latynoameryka\u0144skiej, wykorzystuj\u0105c swoje hiszpa\u0144skie korzenie. Opr\u00f3cz znanych ju\u017c hit\u00f3w, takich jak <em>Sofia<\/em> i <em>La cintura<\/em>, w Dolnych Witkowicach us\u0142yszymy tak\u017ce jego najnowsze single.<\/p>\n<p>Wed\u0142ug informacji podanych przez \u010ceskou tiskovou kancel\u00e1\u0159 (\u010cTK), specjalnie dla m\u0142odzie\u017cy w wieku od 15 do 21 lat przygotowano bilety oznaczone jako Fresh w limitowanej liczbie 1000 sztuk, w promocyjnej cenie 2 490 koron czeskich (CZK, ok. 431 z\u0142). Standardowe czterodniowe bilety s\u0105 obecnie dost\u0119pne za 3 990 CZK (ok. 690 z\u0142) . W sprzeda\u017cy s\u0105 r\u00f3wnie\u017c czterodniowe bilety VIP za 10 990 CZK (ok. 1 901 z\u0142) oraz bilety dla dzieci za 1 190 CZK (ok. 206 z\u0142) .<\/p>\n<p>Festiwal wchodzi w now\u0105 edycj\u0119 z now\u0105 identyfikacj\u0105 wizualn\u0105, kt\u00f3rej podstawy przedstawili Daniel \u0160m\u00edra i Zuzana Lednick\u00e1 z zespo\u0142u graficznego Najbrt, odpowiedzialnego r\u00f3wnie\u017c za logo miasta Ostrawy. Po dwudziestu latach powr\u00f3cili oni do wsp\u00f3\u0142pracy z festiwalem.<\/p>\n<p><strong>Festiwal odb\u0119dzie si\u0119 w dniach 16\u201319 lipca 2025 roku.<\/strong><\/p>\n","protected":false},"excerpt":{"rendered":"<p>Jedn\u0105 z gwiazd kolejnej edycji festiwalu Colours of Ostrava b\u0119dzie ameryka\u0144ski punkrockowy wokalista Iggy Pop, kt\u00f3ry wr\u00f3ci na festiwal po 15 latach. Poinformowa\u0142 o tym Ond\u0159ej Bambas w imieniu organizator\u00f3w. Wed\u0142ug niego wyst\u0105pi\u0105 tak\u017ce francuski duet Justice oraz reprezentanci rodzimej&#8230;<\/p>\n","protected":false},"author":7,"featured_media":11567,"comment_status":"closed","ping_status":"open","sticky":false,"template":"","format":"standard","meta":{"om_disable_all_campaigns":false,"_monsterinsights_skip_tracking":false,"_monsterinsights_sitenote_active":false,"_monsterinsights_sitenote_note":"","_monsterinsights_sitenote_category":0,"ngg_post_thumbnail":0,"two_page_speed":[],"footnotes":""},"categories":[219,271,583],"tags":[],"class_list":["post-11566","post","type-post","status-publish","format-standard","has-post-thumbnail","hentry","category-wszystkie-materialy","category-morawy-i-slask","category-muzyka-w-czechach"],"yoast_head":"<!-- This site is optimized with the Yoast SEO plugin v27.5 - https:\/\/yoast.com\/product\/yoast-seo-wordpress\/ -->\n<title>Iggy Pop po 15 latach na festiwalu Colours of Ostrava. Wraca legenda &#187; iCzechy.pl<\/title>\n<meta name=\"robots\" content=\"index, follow, max-snippet:-1, max-image-preview:large, max-video-preview:-1\" \/>\n<link rel=\"canonical\" href=\"https:\/\/iczechy.pl\/index.php\/2024\/10\/30\/11566\/\" \/>\n<meta property=\"og:locale\" content=\"pl_PL\" \/>\n<meta property=\"og:type\" content=\"article\" \/>\n<meta property=\"og:title\" content=\"Iggy Pop po 15 latach na festiwalu Colours of Ostrava. Wraca legenda &#187; iCzechy.pl\" \/>\n<meta property=\"og:description\" content=\"Jedn\u0105 z gwiazd kolejnej edycji festiwalu Colours of Ostrava b\u0119dzie ameryka\u0144ski punkrockowy wokalista Iggy Pop, kt\u00f3ry wr\u00f3ci na festiwal po 15 latach. Poinformowa\u0142 o tym Ond\u0159ej Bambas w imieniu organizator\u00f3w. Wed\u0142ug niego wyst\u0105pi\u0105 tak\u017ce francuski duet Justice oraz reprezentanci rodzimej...\" \/>\n<meta property=\"og:url\" content=\"https:\/\/iczechy.pl\/index.php\/2024\/10\/30\/11566\/\" \/>\n<meta property=\"og:site_name\" content=\"iCzechy.pl\" \/>\n<meta property=\"article:published_time\" content=\"2024-10-30T19:58:38+00:00\" \/>\n<meta property=\"article:modified_time\" content=\"2025-03-29T16:01:57+00:00\" \/>\n<meta property=\"og:image\" content=\"https:\/\/iczechy.pl\/wp-content\/uploads\/2024\/10\/465036072_1114882770196111_4809540110730684997_n-scaled.jpg\" \/>\n\t<meta property=\"og:image:width\" content=\"720\" \/>\n\t<meta property=\"og:image:height\" content=\"720\" \/>\n\t<meta property=\"og:image:type\" content=\"image\/jpeg\" \/>\n<meta name=\"author\" content=\"Przemys\u0142aw Podola\u0144ski\" \/>\n<meta name=\"twitter:card\" content=\"summary_large_image\" \/>\n<meta name=\"twitter:creator\" content=\"@iCzechy_pl\" \/>\n<meta name=\"twitter:site\" content=\"@iCzechy_pl\" \/>\n<meta name=\"twitter:label1\" content=\"Napisane przez\" \/>\n\t<meta name=\"twitter:data1\" content=\"Przemys\u0142aw Podola\u0144ski\" \/>\n\t<meta name=\"twitter:label2\" content=\"Szacowany czas czytania\" \/>\n\t<meta name=\"twitter:data2\" content=\"3 minuty\" \/>\n<script type=\"application\/ld+json\" class=\"yoast-schema-graph\">{\"@context\":\"https:\\\/\\\/schema.org\",\"@graph\":[{\"@type\":\"Article\",\"@id\":\"https:\\\/\\\/iczechy.pl\\\/index.php\\\/2024\\\/10\\\/30\\\/11566\\\/#article\",\"isPartOf\":{\"@id\":\"https:\\\/\\\/iczechy.pl\\\/index.php\\\/2024\\\/10\\\/30\\\/11566\\\/\"},\"author\":{\"name\":\"Przemys\u0142aw Podola\u0144ski\",\"@id\":\"https:\\\/\\\/iczechy.pl\\\/#\\\/schema\\\/person\\\/5b7f56b637b26b9409bc4574ea821c9a\"},\"headline\":\"Iggy Pop po 15 latach na festiwalu Colours of Ostrava. Wraca legenda\",\"datePublished\":\"2024-10-30T19:58:38+00:00\",\"dateModified\":\"2025-03-29T16:01:57+00:00\",\"mainEntityOfPage\":{\"@id\":\"https:\\\/\\\/iczechy.pl\\\/index.php\\\/2024\\\/10\\\/30\\\/11566\\\/\"},\"wordCount\":437,\"publisher\":{\"@id\":\"https:\\\/\\\/iczechy.pl\\\/#organization\"},\"image\":{\"@id\":\"https:\\\/\\\/iczechy.pl\\\/index.php\\\/2024\\\/10\\\/30\\\/11566\\\/#primaryimage\"},\"thumbnailUrl\":\"https:\\\/\\\/iczechy.pl\\\/wp-content\\\/uploads\\\/2024\\\/10\\\/465036072_1114882770196111_4809540110730684997_n-scaled.jpg\",\"articleSection\":[\"+Wszystkie materia\u0142y\",\"Morawy i \u015al\u0105sk\",\"Muzyka\"],\"inLanguage\":\"pl-PL\"},{\"@type\":\"WebPage\",\"@id\":\"https:\\\/\\\/iczechy.pl\\\/index.php\\\/2024\\\/10\\\/30\\\/11566\\\/\",\"url\":\"https:\\\/\\\/iczechy.pl\\\/index.php\\\/2024\\\/10\\\/30\\\/11566\\\/\",\"name\":\"Iggy Pop po 15 latach na festiwalu Colours of Ostrava. Wraca legenda &#187; iCzechy.pl\",\"isPartOf\":{\"@id\":\"https:\\\/\\\/iczechy.pl\\\/#website\"},\"primaryImageOfPage\":{\"@id\":\"https:\\\/\\\/iczechy.pl\\\/index.php\\\/2024\\\/10\\\/30\\\/11566\\\/#primaryimage\"},\"image\":{\"@id\":\"https:\\\/\\\/iczechy.pl\\\/index.php\\\/2024\\\/10\\\/30\\\/11566\\\/#primaryimage\"},\"thumbnailUrl\":\"https:\\\/\\\/iczechy.pl\\\/wp-content\\\/uploads\\\/2024\\\/10\\\/465036072_1114882770196111_4809540110730684997_n-scaled.jpg\",\"datePublished\":\"2024-10-30T19:58:38+00:00\",\"dateModified\":\"2025-03-29T16:01:57+00:00\",\"breadcrumb\":{\"@id\":\"https:\\\/\\\/iczechy.pl\\\/index.php\\\/2024\\\/10\\\/30\\\/11566\\\/#breadcrumb\"},\"inLanguage\":\"pl-PL\",\"potentialAction\":[{\"@type\":\"ReadAction\",\"target\":[\"https:\\\/\\\/iczechy.pl\\\/index.php\\\/2024\\\/10\\\/30\\\/11566\\\/\"]}]},{\"@type\":\"ImageObject\",\"inLanguage\":\"pl-PL\",\"@id\":\"https:\\\/\\\/iczechy.pl\\\/index.php\\\/2024\\\/10\\\/30\\\/11566\\\/#primaryimage\",\"url\":\"https:\\\/\\\/iczechy.pl\\\/wp-content\\\/uploads\\\/2024\\\/10\\\/465036072_1114882770196111_4809540110730684997_n-scaled.jpg\",\"contentUrl\":\"https:\\\/\\\/iczechy.pl\\\/wp-content\\\/uploads\\\/2024\\\/10\\\/465036072_1114882770196111_4809540110730684997_n-scaled.jpg\",\"width\":720,\"height\":720},{\"@type\":\"BreadcrumbList\",\"@id\":\"https:\\\/\\\/iczechy.pl\\\/index.php\\\/2024\\\/10\\\/30\\\/11566\\\/#breadcrumb\",\"itemListElement\":[{\"@type\":\"ListItem\",\"position\":1,\"name\":\"Strona g\u0142\u00f3wna\",\"item\":\"https:\\\/\\\/iczechy.pl\\\/\"},{\"@type\":\"ListItem\",\"position\":2,\"name\":\"Iggy Pop po 15 latach na festiwalu Colours of Ostrava. Wraca legenda\"}]},{\"@type\":\"WebSite\",\"@id\":\"https:\\\/\\\/iczechy.pl\\\/#website\",\"url\":\"https:\\\/\\\/iczechy.pl\\\/\",\"name\":\"iCzechy.pl\",\"description\":\"i wiesz wi\u0119cej\",\"publisher\":{\"@id\":\"https:\\\/\\\/iczechy.pl\\\/#organization\"},\"potentialAction\":[{\"@type\":\"SearchAction\",\"target\":{\"@type\":\"EntryPoint\",\"urlTemplate\":\"https:\\\/\\\/iczechy.pl\\\/?s={search_term_string}\"},\"query-input\":{\"@type\":\"PropertyValueSpecification\",\"valueRequired\":true,\"valueName\":\"search_term_string\"}}],\"inLanguage\":\"pl-PL\"},{\"@type\":\"Organization\",\"@id\":\"https:\\\/\\\/iczechy.pl\\\/#organization\",\"name\":\"iCzechy.pl\",\"url\":\"https:\\\/\\\/iczechy.pl\\\/\",\"logo\":{\"@type\":\"ImageObject\",\"inLanguage\":\"pl-PL\",\"@id\":\"https:\\\/\\\/iczechy.pl\\\/#\\\/schema\\\/logo\\\/image\\\/\",\"url\":\"https:\\\/\\\/iczechy.pl\\\/wp-content\\\/uploads\\\/2020\\\/06\\\/iCzechy-2-300dpi-...i-wiesz-wiecej.png\",\"contentUrl\":\"https:\\\/\\\/iczechy.pl\\\/wp-content\\\/uploads\\\/2020\\\/06\\\/iCzechy-2-300dpi-...i-wiesz-wiecej.png\",\"width\":1280,\"height\":294,\"caption\":\"iCzechy.pl\"},\"image\":{\"@id\":\"https:\\\/\\\/iczechy.pl\\\/#\\\/schema\\\/logo\\\/image\\\/\"},\"sameAs\":[\"https:\\\/\\\/x.com\\\/iCzechy_pl\"]},{\"@type\":\"Person\",\"@id\":\"https:\\\/\\\/iczechy.pl\\\/#\\\/schema\\\/person\\\/5b7f56b637b26b9409bc4574ea821c9a\",\"name\":\"Przemys\u0142aw Podola\u0144ski\",\"image\":{\"@type\":\"ImageObject\",\"inLanguage\":\"pl-PL\",\"@id\":\"https:\\\/\\\/secure.gravatar.com\\\/avatar\\\/6951ad7ad13313601602eb3f0fac4d73d0a39ab2d9d7be31170e5e06e9898aa7?s=96&d=mm&r=g\",\"url\":\"https:\\\/\\\/secure.gravatar.com\\\/avatar\\\/6951ad7ad13313601602eb3f0fac4d73d0a39ab2d9d7be31170e5e06e9898aa7?s=96&d=mm&r=g\",\"contentUrl\":\"https:\\\/\\\/secure.gravatar.com\\\/avatar\\\/6951ad7ad13313601602eb3f0fac4d73d0a39ab2d9d7be31170e5e06e9898aa7?s=96&d=mm&r=g\",\"caption\":\"Przemys\u0142aw Podola\u0144ski\"},\"url\":\"https:\\\/\\\/iczechy.pl\\\/index.php\\\/author\\\/admin-2\\\/\"}]}<\/script>\n<!-- \/ Yoast SEO plugin. -->","yoast_head_json":{"title":"Iggy Pop po 15 latach na festiwalu Colours of Ostrava. Wraca legenda &#187; iCzechy.pl","robots":{"index":"index","follow":"follow","max-snippet":"max-snippet:-1","max-image-preview":"max-image-preview:large","max-video-preview":"max-video-preview:-1"},"canonical":"https:\/\/iczechy.pl\/index.php\/2024\/10\/30\/11566\/","og_locale":"pl_PL","og_type":"article","og_title":"Iggy Pop po 15 latach na festiwalu Colours of Ostrava. Wraca legenda &#187; iCzechy.pl","og_description":"Jedn\u0105 z gwiazd kolejnej edycji festiwalu Colours of Ostrava b\u0119dzie ameryka\u0144ski punkrockowy wokalista Iggy Pop, kt\u00f3ry wr\u00f3ci na festiwal po 15 latach. Poinformowa\u0142 o tym Ond\u0159ej Bambas w imieniu organizator\u00f3w. Wed\u0142ug niego wyst\u0105pi\u0105 tak\u017ce francuski duet Justice oraz reprezentanci rodzimej...","og_url":"https:\/\/iczechy.pl\/index.php\/2024\/10\/30\/11566\/","og_site_name":"iCzechy.pl","article_published_time":"2024-10-30T19:58:38+00:00","article_modified_time":"2025-03-29T16:01:57+00:00","og_image":[{"width":720,"height":720,"url":"https:\/\/iczechy.pl\/wp-content\/uploads\/2024\/10\/465036072_1114882770196111_4809540110730684997_n-scaled.jpg","type":"image\/jpeg"}],"author":"Przemys\u0142aw Podola\u0144ski","twitter_card":"summary_large_image","twitter_creator":"@iCzechy_pl","twitter_site":"@iCzechy_pl","twitter_misc":{"Napisane przez":"Przemys\u0142aw Podola\u0144ski","Szacowany czas czytania":"3 minuty"},"schema":{"@context":"https:\/\/schema.org","@graph":[{"@type":"Article","@id":"https:\/\/iczechy.pl\/index.php\/2024\/10\/30\/11566\/#article","isPartOf":{"@id":"https:\/\/iczechy.pl\/index.php\/2024\/10\/30\/11566\/"},"author":{"name":"Przemys\u0142aw Podola\u0144ski","@id":"https:\/\/iczechy.pl\/#\/schema\/person\/5b7f56b637b26b9409bc4574ea821c9a"},"headline":"Iggy Pop po 15 latach na festiwalu Colours of Ostrava. Wraca legenda","datePublished":"2024-10-30T19:58:38+00:00","dateModified":"2025-03-29T16:01:57+00:00","mainEntityOfPage":{"@id":"https:\/\/iczechy.pl\/index.php\/2024\/10\/30\/11566\/"},"wordCount":437,"publisher":{"@id":"https:\/\/iczechy.pl\/#organization"},"image":{"@id":"https:\/\/iczechy.pl\/index.php\/2024\/10\/30\/11566\/#primaryimage"},"thumbnailUrl":"https:\/\/iczechy.pl\/wp-content\/uploads\/2024\/10\/465036072_1114882770196111_4809540110730684997_n-scaled.jpg","articleSection":["+Wszystkie materia\u0142y","Morawy i \u015al\u0105sk","Muzyka"],"inLanguage":"pl-PL"},{"@type":"WebPage","@id":"https:\/\/iczechy.pl\/index.php\/2024\/10\/30\/11566\/","url":"https:\/\/iczechy.pl\/index.php\/2024\/10\/30\/11566\/","name":"Iggy Pop po 15 latach na festiwalu Colours of Ostrava. Wraca legenda &#187; iCzechy.pl","isPartOf":{"@id":"https:\/\/iczechy.pl\/#website"},"primaryImageOfPage":{"@id":"https:\/\/iczechy.pl\/index.php\/2024\/10\/30\/11566\/#primaryimage"},"image":{"@id":"https:\/\/iczechy.pl\/index.php\/2024\/10\/30\/11566\/#primaryimage"},"thumbnailUrl":"https:\/\/iczechy.pl\/wp-content\/uploads\/2024\/10\/465036072_1114882770196111_4809540110730684997_n-scaled.jpg","datePublished":"2024-10-30T19:58:38+00:00","dateModified":"2025-03-29T16:01:57+00:00","breadcrumb":{"@id":"https:\/\/iczechy.pl\/index.php\/2024\/10\/30\/11566\/#breadcrumb"},"inLanguage":"pl-PL","potentialAction":[{"@type":"ReadAction","target":["https:\/\/iczechy.pl\/index.php\/2024\/10\/30\/11566\/"]}]},{"@type":"ImageObject","inLanguage":"pl-PL","@id":"https:\/\/iczechy.pl\/index.php\/2024\/10\/30\/11566\/#primaryimage","url":"https:\/\/iczechy.pl\/wp-content\/uploads\/2024\/10\/465036072_1114882770196111_4809540110730684997_n-scaled.jpg","contentUrl":"https:\/\/iczechy.pl\/wp-content\/uploads\/2024\/10\/465036072_1114882770196111_4809540110730684997_n-scaled.jpg","width":720,"height":720},{"@type":"BreadcrumbList","@id":"https:\/\/iczechy.pl\/index.php\/2024\/10\/30\/11566\/#breadcrumb","itemListElement":[{"@type":"ListItem","position":1,"name":"Strona g\u0142\u00f3wna","item":"https:\/\/iczechy.pl\/"},{"@type":"ListItem","position":2,"name":"Iggy Pop po 15 latach na festiwalu Colours of Ostrava. Wraca legenda"}]},{"@type":"WebSite","@id":"https:\/\/iczechy.pl\/#website","url":"https:\/\/iczechy.pl\/","name":"iCzechy.pl","description":"i wiesz wi\u0119cej","publisher":{"@id":"https:\/\/iczechy.pl\/#organization"},"potentialAction":[{"@type":"SearchAction","target":{"@type":"EntryPoint","urlTemplate":"https:\/\/iczechy.pl\/?s={search_term_string}"},"query-input":{"@type":"PropertyValueSpecification","valueRequired":true,"valueName":"search_term_string"}}],"inLanguage":"pl-PL"},{"@type":"Organization","@id":"https:\/\/iczechy.pl\/#organization","name":"iCzechy.pl","url":"https:\/\/iczechy.pl\/","logo":{"@type":"ImageObject","inLanguage":"pl-PL","@id":"https:\/\/iczechy.pl\/#\/schema\/logo\/image\/","url":"https:\/\/iczechy.pl\/wp-content\/uploads\/2020\/06\/iCzechy-2-300dpi-...i-wiesz-wiecej.png","contentUrl":"https:\/\/iczechy.pl\/wp-content\/uploads\/2020\/06\/iCzechy-2-300dpi-...i-wiesz-wiecej.png","width":1280,"height":294,"caption":"iCzechy.pl"},"image":{"@id":"https:\/\/iczechy.pl\/#\/schema\/logo\/image\/"},"sameAs":["https:\/\/x.com\/iCzechy_pl"]},{"@type":"Person","@id":"https:\/\/iczechy.pl\/#\/schema\/person\/5b7f56b637b26b9409bc4574ea821c9a","name":"Przemys\u0142aw Podola\u0144ski","image":{"@type":"ImageObject","inLanguage":"pl-PL","@id":"https:\/\/secure.gravatar.com\/avatar\/6951ad7ad13313601602eb3f0fac4d73d0a39ab2d9d7be31170e5e06e9898aa7?s=96&d=mm&r=g","url":"https:\/\/secure.gravatar.com\/avatar\/6951ad7ad13313601602eb3f0fac4d73d0a39ab2d9d7be31170e5e06e9898aa7?s=96&d=mm&r=g","contentUrl":"https:\/\/secure.gravatar.com\/avatar\/6951ad7ad13313601602eb3f0fac4d73d0a39ab2d9d7be31170e5e06e9898aa7?s=96&d=mm&r=g","caption":"Przemys\u0142aw Podola\u0144ski"},"url":"https:\/\/iczechy.pl\/index.php\/author\/admin-2\/"}]}},"_links":{"self":[{"href":"https:\/\/iczechy.pl\/index.php\/wp-json\/wp\/v2\/posts\/11566","targetHints":{"allow":["GET"]}}],"collection":[{"href":"https:\/\/iczechy.pl\/index.php\/wp-json\/wp\/v2\/posts"}],"about":[{"href":"https:\/\/iczechy.pl\/index.php\/wp-json\/wp\/v2\/types\/post"}],"author":[{"embeddable":true,"href":"https:\/\/iczechy.pl\/index.php\/wp-json\/wp\/v2\/users\/7"}],"replies":[{"embeddable":true,"href":"https:\/\/iczechy.pl\/index.php\/wp-json\/wp\/v2\/comments?post=11566"}],"version-history":[{"count":3,"href":"https:\/\/iczechy.pl\/index.php\/wp-json\/wp\/v2\/posts\/11566\/revisions"}],"predecessor-version":[{"id":11570,"href":"https:\/\/iczechy.pl\/index.php\/wp-json\/wp\/v2\/posts\/11566\/revisions\/11570"}],"wp:featuredmedia":[{"embeddable":true,"href":"https:\/\/iczechy.pl\/index.php\/wp-json\/wp\/v2\/media\/11567"}],"wp:attachment":[{"href":"https:\/\/iczechy.pl\/index.php\/wp-json\/wp\/v2\/media?parent=11566"}],"wp:term":[{"taxonomy":"category","embeddable":true,"href":"https:\/\/iczechy.pl\/index.php\/wp-json\/wp\/v2\/categories?post=11566"},{"taxonomy":"post_tag","embeddable":true,"href":"https:\/\/iczechy.pl\/index.php\/wp-json\/wp\/v2\/tags?post=11566"}],"curies":[{"name":"wp","href":"https:\/\/api.w.org\/{rel}","templated":true}]}}