{"id":11477,"date":"2024-07-11T09:54:01","date_gmt":"2024-07-11T07:54:01","guid":{"rendered":"https:\/\/iczechy.pl\/?p=11477"},"modified":"2024-07-22T10:16:14","modified_gmt":"2024-07-22T08:16:14","slug":"najpopularniejsze-cele-turystyczne-w-czechach-w-2023-roku","status":"publish","type":"post","link":"https:\/\/iczechy.pl\/index.php\/2024\/07\/11\/najpopularniejsze-cele-turystyczne-w-czechach-w-2023-roku\/","title":{"rendered":"Najpopularniejsze cele turystyczne w Czechach w 2023 roku"},"content":{"rendered":"<p><strong>W zesz\u0142ym roku do Czech przyby\u0142o og\u00f3\u0142em 19,5 mln turyst\u00f3w, z czego oko\u0142o 7,4 mln to go\u015bcie z zagranicy, a ponad 12,1 mln to tury\u015bci krajowi. Przed pandemi\u0105 covid-19, czyli w 2019 r., do Czech przyjecha\u0142o \u0142\u0105cznie 22 mln turyst\u00f3w, z czego 10,9 mln stanowili go\u015bcie z zagranicy, a ponad 11,1 mln Czesi. W ubieg\u0142ym roku najpopularniejsz\u0105 atrakcj\u0105 turystyczn\u0105 by\u0142 Zamek Praski, kt\u00f3ry odwiedzi\u0142o 2,2 miliona os\u00f3b. Na drugim miejscu znalaz\u0142a si\u0119 kolejka linowa na Pet\u0159\u00edn (1,9 mln os\u00f3b), a na trzecim miejscu \u2013 praski ogr\u00f3d zoologiczny (1,4 mln os\u00f3b).<\/strong><\/p>\n<p>Kt\u00f3re miejsca r\u00f3wnie\u017c cieszy\u0142y si\u0119 du\u017c\u0105 popularno\u015bci\u0105 w\u015br\u00f3d odwiedzaj\u0105cych w ubieg\u0142ym roku? W\u015br\u00f3d atrakcji przyrodniczych tury\u015bci najliczniej odwiedzali Park Narodowy <a href=\"https:\/\/www.adrspasskeskaly.cz\/pl\" target=\"_blank\" rel=\"noopener\">Ska\u0142y Adr\u0161pa\u0161sko-Teplickie<\/a>, \u0141ys\u0105 G\u00f3r\u0119, per\u0142\u0119 Beskid\u00f3w i \u015anie\u017ck\u0119. Do najliczniej zwiedzanych zabytkowych miejsc nale\u017ca\u0142 mi\u0119dzy innymi skansen Wo\u0142oski w Ro\u017enovie pod Radho\u0161t\u011bm, pa\u0142ac Lednice, zamek w Czeskim Krumlovie, zamek Loket, ko\u015bci\u00f3\u0142 \u015bw. Barbary w Kutnej Horze (zabytek UNESCO) i sanktuarium na \u015awi\u0119tej G\u00f3rze w Przybramiu. W\u015br\u00f3d aktywnych atrakcji najwi\u0119ksz\u0105 popularno\u015bci\u0105 cieszy\u0142 si\u0119 mi\u0119dzy innymi najd\u0142u\u017cszy most dla pieszych <a title=\"Najd\u0142u\u017cszy na \u015bwiecie wisz\u0105cy most dla pieszych w Doln\u00ed Moravie ma ju\u017c dwa lata\" href=\"https:\/\/iczechy.pl\/index.php\/2024\/05\/07\/najdluzszy-na-swiecie-wiszacy-most-dla-pieszych-w-dolni-moravie-ma-juz-dwa-lata\/\">Sky Bridge 721<\/a> i \u015bcie\u017cka w ob\u0142okach w Dolni Moravie, trasa w koronach drzew w Lipnie na Szumawie i park rozrywki Mirakulum w pobli\u017cu Pragi. Do najch\u0119tniej odwiedzanych zabytk\u00f3w techniki nale\u017ca\u0142 kompleks Doln\u00ed V\u00edtkovice, zrewitalizowany obszar przemys\u0142owy, kt\u00f3ry sta\u0142 si\u0119 centrum kulturalnym i rozrywkowym, oferuj\u0105cym muzea, koncerty i inne wydarzenia.<\/p>\n<style type=\"text\/css\">\n#foogallery-gallery-11478 .fg-image { width: 150px; }\n#foogallery-gallery-11478 { --fg-gutter: 10px; }<\/style>\n\t\t\t<div class=\"foogallery foogallery-container foogallery-default foogallery-lightbox-foogallery fg-center fg-default fg-ready fg-light fg-border-thin fg-shadow-outline fg-loading-default fg-loaded-fade-in fg-caption-hover fg-hover-fade fg-hover-zoom\" id=\"foogallery-gallery-11478\" data-foogallery=\"{&quot;item&quot;:{&quot;showCaptionTitle&quot;:true,&quot;showCaptionDescription&quot;:true},&quot;lazy&quot;:true}\" data-foogallery-lightbox=\"{&quot;thumbs&quot;:&quot;bottom&quot;,&quot;thumbsCaptions&quot;:false,&quot;thumbsBestFit&quot;:false,&quot;thumbsSmall&quot;:false,&quot;thumbsCaptionsAlign&quot;:&quot;default&quot;,&quot;info&quot;:&quot;bottom&quot;,&quot;infoVisible&quot;:true,&quot;infoOverlay&quot;:true,&quot;infoAlign&quot;:&quot;default&quot;,&quot;transition&quot;:&quot;fade&quot;,&quot;hoverButtons&quot;:false,&quot;fitMedia&quot;:false,&quot;noScrollbars&quot;:true,&quot;preserveButtonSpace&quot;:true,&quot;buttons&quot;:{&quot;fullscreen&quot;:true,&quot;info&quot;:true,&quot;thumbs&quot;:false},&quot;video&quot;:{&quot;autoPlay&quot;:true}}\" style=\"--fg-title-line-clamp: 0; --fg-description-line-clamp: 0;\" >\n\t<div class=\"fg-item fg-type-image fg-idle\"><figure class=\"fg-item-inner\"><a href=\"https:\/\/iczechy.pl\/wp-content\/uploads\/2024\/07\/Adrszpach.-Fot.-Jaroslaw-Zak_shutterstock-scaled.jpg\" data-caption-desc=\"Adrszpach. Fot. Jaroslaw Zak_shutterstock\" data-attachment-id=\"11484\" data-type=\"image\" class=\"fg-thumb\"><span class=\"fg-image-wrap\"><img decoding=\"async\" alt=\"Najpopularniejsze cele turystyczne w Czechach\" width=\"150\" height=\"150\" class=\"skip-lazy fg-image\" data-src-fg=\"https:\/\/iczechy.pl\/wp-content\/uploads\/cache\/2024\/07\/Adrszpach_-Fot_-Jaroslaw-Zak_shutterstock-scaled\/459886123.jpg\" src=\"data:image\/svg+xml,%3Csvg%20xmlns%3D%22http%3A%2F%2Fwww.w3.org%2F2000%2Fsvg%22%20width%3D%22150%22%20height%3D%22150%22%20viewBox%3D%220%200%20150%20150%22%3E%3C%2Fsvg%3E\" loading=\"eager\"><\/span><span class=\"fg-image-overlay\"><\/span><\/a><figcaption class=\"fg-caption\"><div class=\"fg-caption-inner\"><div class=\"fg-caption-desc\">Adrszpach. Fot. Jaroslaw Zak_shutterstock<\/div><\/div><\/figcaption><\/figure><div class=\"fg-loader\"><\/div><\/div><div class=\"fg-item fg-type-image fg-idle\"><figure class=\"fg-item-inner\"><a href=\"https:\/\/iczechy.pl\/wp-content\/uploads\/2024\/07\/Zamek-Praski.-Fot.-Mistervlad_shutterstock.jpg\" data-caption-desc=\"Zamek Praski. Fot. Mistervlad_shutterstock\" data-attachment-id=\"11482\" data-type=\"image\" class=\"fg-thumb\"><span class=\"fg-image-wrap\"><img decoding=\"async\" alt=\"Najpopularniejsze cele turystyczne w Czechach\" width=\"150\" height=\"150\" class=\"skip-lazy fg-image\" data-src-fg=\"https:\/\/iczechy.pl\/wp-content\/uploads\/cache\/2024\/07\/Zamek-Praski_-Fot_-Mistervlad_shutterstock\/3891538693.jpg\" src=\"data:image\/svg+xml,%3Csvg%20xmlns%3D%22http%3A%2F%2Fwww.w3.org%2F2000%2Fsvg%22%20width%3D%22150%22%20height%3D%22150%22%20viewBox%3D%220%200%20150%20150%22%3E%3C%2Fsvg%3E\" loading=\"eager\"><\/span><span class=\"fg-image-overlay\"><\/span><\/a><figcaption class=\"fg-caption\"><div class=\"fg-caption-inner\"><div class=\"fg-caption-desc\">Zamek Praski. Fot. Mistervlad_shutterstock<\/div><\/div><\/figcaption><\/figure><div class=\"fg-loader\"><\/div><\/div><div class=\"fg-item fg-type-image fg-idle\"><figure class=\"fg-item-inner\"><a href=\"https:\/\/iczechy.pl\/wp-content\/uploads\/2024\/07\/Loket.-Fot.-Kletr_shutterstock.jpg\" data-caption-desc=\"Loket. Fot. Kletr_shutterstock\" data-attachment-id=\"11481\" data-type=\"image\" class=\"fg-thumb\"><span class=\"fg-image-wrap\"><img decoding=\"async\" alt=\"Najpopularniejsze cele turystyczne w Czechach\" width=\"150\" height=\"150\" class=\"skip-lazy fg-image\" data-src-fg=\"https:\/\/iczechy.pl\/wp-content\/uploads\/cache\/2024\/07\/Loket_-Fot_-Kletr_shutterstock\/2377692920.jpg\" src=\"data:image\/svg+xml,%3Csvg%20xmlns%3D%22http%3A%2F%2Fwww.w3.org%2F2000%2Fsvg%22%20width%3D%22150%22%20height%3D%22150%22%20viewBox%3D%220%200%20150%20150%22%3E%3C%2Fsvg%3E\" loading=\"eager\"><\/span><span class=\"fg-image-overlay\"><\/span><\/a><figcaption class=\"fg-caption\"><div class=\"fg-caption-inner\"><div class=\"fg-caption-desc\">Loket. Fot. Kletr_shutterstock<\/div><\/div><\/figcaption><\/figure><div class=\"fg-loader\"><\/div><\/div><div class=\"fg-item fg-type-image fg-idle\"><figure class=\"fg-item-inner\"><a href=\"https:\/\/iczechy.pl\/wp-content\/uploads\/2024\/07\/Kutna-Hora.-Fot.-Petr-Civis_shutterstock.jpg\" data-caption-desc=\"Kutna Hora. Fot. Petr Civis_shutterstock\" data-attachment-id=\"11480\" data-type=\"image\" class=\"fg-thumb\"><span class=\"fg-image-wrap\"><img decoding=\"async\" alt=\"Najpopularniejsze cele turystyczne w Czechach\" width=\"150\" height=\"150\" class=\"skip-lazy fg-image\" data-src-fg=\"https:\/\/iczechy.pl\/wp-content\/uploads\/cache\/2024\/07\/Kutna-Hora_-Fot_-Petr-Civis_shutterstock\/3764169694.jpg\" src=\"data:image\/svg+xml,%3Csvg%20xmlns%3D%22http%3A%2F%2Fwww.w3.org%2F2000%2Fsvg%22%20width%3D%22150%22%20height%3D%22150%22%20viewBox%3D%220%200%20150%20150%22%3E%3C%2Fsvg%3E\" loading=\"eager\"><\/span><span class=\"fg-image-overlay\"><\/span><\/a><figcaption class=\"fg-caption\"><div class=\"fg-caption-inner\"><div class=\"fg-caption-desc\">Kutna Hora. Fot. Petr Civis_shutterstock<\/div><\/div><\/figcaption><\/figure><div class=\"fg-loader\"><\/div><\/div><\/div>\n\n","protected":false},"excerpt":{"rendered":"<p>W zesz\u0142ym roku do Czech przyby\u0142o og\u00f3\u0142em 19,5 mln turyst\u00f3w, z czego oko\u0142o 7,4 mln to go\u015bcie z zagranicy, a ponad 12,1 mln to tury\u015bci krajowi. Przed pandemi\u0105 covid-19, czyli w 2019 r., do Czech przyjecha\u0142o \u0142\u0105cznie 22 mln turyst\u00f3w,&#8230;<\/p>\n","protected":false},"author":7,"featured_media":11484,"comment_status":"closed","ping_status":"open","sticky":false,"template":"","format":"standard","meta":{"om_disable_all_campaigns":false,"_monsterinsights_skip_tracking":false,"_monsterinsights_sitenote_active":false,"_monsterinsights_sitenote_note":"","_monsterinsights_sitenote_category":0,"ngg_post_thumbnail":0,"two_page_speed":[],"footnotes":""},"categories":[2,219,260],"tags":[],"class_list":["post-11477","post","type-post","status-publish","format-standard","has-post-thumbnail","hentry","category-plus","category-wszystkie-materialy","category-turystyka"],"yoast_head":"<!-- This site is optimized with the Yoast SEO plugin v27.5 - https:\/\/yoast.com\/product\/yoast-seo-wordpress\/ -->\n<title>Najpopularniejsze cele turystyczne w Czechach w 2023 roku &#187; iCzechy.pl<\/title>\n<meta name=\"description\" content=\"Najpopularniejsze cele turystyczne w Czechach - jakie to miejsca? Np. Zamek Praski, kt\u00f3ry odwiedzi\u0142o 2,2 miliona os\u00f3b.\" \/>\n<meta name=\"robots\" content=\"index, follow, max-snippet:-1, max-image-preview:large, max-video-preview:-1\" \/>\n<link rel=\"canonical\" href=\"https:\/\/iczechy.pl\/index.php\/2024\/07\/11\/najpopularniejsze-cele-turystyczne-w-czechach-w-2023-roku\/\" \/>\n<meta property=\"og:locale\" content=\"pl_PL\" \/>\n<meta property=\"og:type\" content=\"article\" \/>\n<meta property=\"og:title\" content=\"Najpopularniejsze cele turystyczne w Czechach w 2023 roku &#187; iCzechy.pl\" \/>\n<meta property=\"og:description\" content=\"Najpopularniejsze cele turystyczne w Czechach - jakie to miejsca? Np. Zamek Praski, kt\u00f3ry odwiedzi\u0142o 2,2 miliona os\u00f3b.\" \/>\n<meta property=\"og:url\" content=\"https:\/\/iczechy.pl\/index.php\/2024\/07\/11\/najpopularniejsze-cele-turystyczne-w-czechach-w-2023-roku\/\" \/>\n<meta property=\"og:site_name\" content=\"iCzechy.pl\" \/>\n<meta property=\"article:published_time\" content=\"2024-07-11T07:54:01+00:00\" \/>\n<meta property=\"article:modified_time\" content=\"2024-07-22T08:16:14+00:00\" \/>\n<meta property=\"og:image\" content=\"https:\/\/iczechy.pl\/wp-content\/uploads\/2024\/07\/Adrszpach.-Fot.-Jaroslaw-Zak_shutterstock-scaled.jpg\" \/>\n\t<meta property=\"og:image:width\" content=\"1078\" \/>\n\t<meta property=\"og:image:height\" content=\"720\" \/>\n\t<meta property=\"og:image:type\" content=\"image\/jpeg\" \/>\n<meta name=\"author\" content=\"Przemys\u0142aw Podola\u0144ski\" \/>\n<meta name=\"twitter:card\" content=\"summary_large_image\" \/>\n<meta name=\"twitter:creator\" content=\"@iCzechy_pl\" \/>\n<meta name=\"twitter:site\" content=\"@iCzechy_pl\" \/>\n<meta name=\"twitter:label1\" content=\"Napisane przez\" \/>\n\t<meta name=\"twitter:data1\" content=\"Przemys\u0142aw Podola\u0144ski\" \/>\n\t<meta name=\"twitter:label2\" content=\"Szacowany czas czytania\" \/>\n\t<meta name=\"twitter:data2\" content=\"2 minuty\" \/>\n<script type=\"application\/ld+json\" class=\"yoast-schema-graph\">{\"@context\":\"https:\\\/\\\/schema.org\",\"@graph\":[{\"@type\":\"Article\",\"@id\":\"https:\\\/\\\/iczechy.pl\\\/index.php\\\/2024\\\/07\\\/11\\\/najpopularniejsze-cele-turystyczne-w-czechach-w-2023-roku\\\/#article\",\"isPartOf\":{\"@id\":\"https:\\\/\\\/iczechy.pl\\\/index.php\\\/2024\\\/07\\\/11\\\/najpopularniejsze-cele-turystyczne-w-czechach-w-2023-roku\\\/\"},\"author\":{\"name\":\"Przemys\u0142aw Podola\u0144ski\",\"@id\":\"https:\\\/\\\/iczechy.pl\\\/#\\\/schema\\\/person\\\/5b7f56b637b26b9409bc4574ea821c9a\"},\"headline\":\"Najpopularniejsze cele turystyczne w Czechach w 2023 roku\",\"datePublished\":\"2024-07-11T07:54:01+00:00\",\"dateModified\":\"2024-07-22T08:16:14+00:00\",\"mainEntityOfPage\":{\"@id\":\"https:\\\/\\\/iczechy.pl\\\/index.php\\\/2024\\\/07\\\/11\\\/najpopularniejsze-cele-turystyczne-w-czechach-w-2023-roku\\\/\"},\"wordCount\":278,\"publisher\":{\"@id\":\"https:\\\/\\\/iczechy.pl\\\/#organization\"},\"image\":{\"@id\":\"https:\\\/\\\/iczechy.pl\\\/index.php\\\/2024\\\/07\\\/11\\\/najpopularniejsze-cele-turystyczne-w-czechach-w-2023-roku\\\/#primaryimage\"},\"thumbnailUrl\":\"https:\\\/\\\/iczechy.pl\\\/wp-content\\\/uploads\\\/2024\\\/07\\\/Adrszpach.-Fot.-Jaroslaw-Zak_shutterstock-scaled.jpg\",\"articleSection\":[\"+Plus\",\"+Wszystkie materia\u0142y\",\"Turystyka\"],\"inLanguage\":\"pl-PL\"},{\"@type\":\"WebPage\",\"@id\":\"https:\\\/\\\/iczechy.pl\\\/index.php\\\/2024\\\/07\\\/11\\\/najpopularniejsze-cele-turystyczne-w-czechach-w-2023-roku\\\/\",\"url\":\"https:\\\/\\\/iczechy.pl\\\/index.php\\\/2024\\\/07\\\/11\\\/najpopularniejsze-cele-turystyczne-w-czechach-w-2023-roku\\\/\",\"name\":\"Najpopularniejsze cele turystyczne w Czechach w 2023 roku &#187; iCzechy.pl\",\"isPartOf\":{\"@id\":\"https:\\\/\\\/iczechy.pl\\\/#website\"},\"primaryImageOfPage\":{\"@id\":\"https:\\\/\\\/iczechy.pl\\\/index.php\\\/2024\\\/07\\\/11\\\/najpopularniejsze-cele-turystyczne-w-czechach-w-2023-roku\\\/#primaryimage\"},\"image\":{\"@id\":\"https:\\\/\\\/iczechy.pl\\\/index.php\\\/2024\\\/07\\\/11\\\/najpopularniejsze-cele-turystyczne-w-czechach-w-2023-roku\\\/#primaryimage\"},\"thumbnailUrl\":\"https:\\\/\\\/iczechy.pl\\\/wp-content\\\/uploads\\\/2024\\\/07\\\/Adrszpach.-Fot.-Jaroslaw-Zak_shutterstock-scaled.jpg\",\"datePublished\":\"2024-07-11T07:54:01+00:00\",\"dateModified\":\"2024-07-22T08:16:14+00:00\",\"description\":\"Najpopularniejsze cele turystyczne w Czechach - jakie to miejsca? Np. Zamek Praski, kt\u00f3ry odwiedzi\u0142o 2,2 miliona os\u00f3b.\",\"breadcrumb\":{\"@id\":\"https:\\\/\\\/iczechy.pl\\\/index.php\\\/2024\\\/07\\\/11\\\/najpopularniejsze-cele-turystyczne-w-czechach-w-2023-roku\\\/#breadcrumb\"},\"inLanguage\":\"pl-PL\",\"potentialAction\":[{\"@type\":\"ReadAction\",\"target\":[\"https:\\\/\\\/iczechy.pl\\\/index.php\\\/2024\\\/07\\\/11\\\/najpopularniejsze-cele-turystyczne-w-czechach-w-2023-roku\\\/\"]}]},{\"@type\":\"ImageObject\",\"inLanguage\":\"pl-PL\",\"@id\":\"https:\\\/\\\/iczechy.pl\\\/index.php\\\/2024\\\/07\\\/11\\\/najpopularniejsze-cele-turystyczne-w-czechach-w-2023-roku\\\/#primaryimage\",\"url\":\"https:\\\/\\\/iczechy.pl\\\/wp-content\\\/uploads\\\/2024\\\/07\\\/Adrszpach.-Fot.-Jaroslaw-Zak_shutterstock-scaled.jpg\",\"contentUrl\":\"https:\\\/\\\/iczechy.pl\\\/wp-content\\\/uploads\\\/2024\\\/07\\\/Adrszpach.-Fot.-Jaroslaw-Zak_shutterstock-scaled.jpg\",\"width\":1078,\"height\":720,\"caption\":\"Najpopularniejsze cele turystyczne w Czechach\"},{\"@type\":\"BreadcrumbList\",\"@id\":\"https:\\\/\\\/iczechy.pl\\\/index.php\\\/2024\\\/07\\\/11\\\/najpopularniejsze-cele-turystyczne-w-czechach-w-2023-roku\\\/#breadcrumb\",\"itemListElement\":[{\"@type\":\"ListItem\",\"position\":1,\"name\":\"Strona g\u0142\u00f3wna\",\"item\":\"https:\\\/\\\/iczechy.pl\\\/\"},{\"@type\":\"ListItem\",\"position\":2,\"name\":\"Najpopularniejsze cele turystyczne w Czechach w 2023 roku\"}]},{\"@type\":\"WebSite\",\"@id\":\"https:\\\/\\\/iczechy.pl\\\/#website\",\"url\":\"https:\\\/\\\/iczechy.pl\\\/\",\"name\":\"iCzechy.pl\",\"description\":\"i wiesz wi\u0119cej\",\"publisher\":{\"@id\":\"https:\\\/\\\/iczechy.pl\\\/#organization\"},\"potentialAction\":[{\"@type\":\"SearchAction\",\"target\":{\"@type\":\"EntryPoint\",\"urlTemplate\":\"https:\\\/\\\/iczechy.pl\\\/?s={search_term_string}\"},\"query-input\":{\"@type\":\"PropertyValueSpecification\",\"valueRequired\":true,\"valueName\":\"search_term_string\"}}],\"inLanguage\":\"pl-PL\"},{\"@type\":\"Organization\",\"@id\":\"https:\\\/\\\/iczechy.pl\\\/#organization\",\"name\":\"iCzechy.pl\",\"url\":\"https:\\\/\\\/iczechy.pl\\\/\",\"logo\":{\"@type\":\"ImageObject\",\"inLanguage\":\"pl-PL\",\"@id\":\"https:\\\/\\\/iczechy.pl\\\/#\\\/schema\\\/logo\\\/image\\\/\",\"url\":\"https:\\\/\\\/iczechy.pl\\\/wp-content\\\/uploads\\\/2020\\\/06\\\/iCzechy-2-300dpi-...i-wiesz-wiecej.png\",\"contentUrl\":\"https:\\\/\\\/iczechy.pl\\\/wp-content\\\/uploads\\\/2020\\\/06\\\/iCzechy-2-300dpi-...i-wiesz-wiecej.png\",\"width\":1280,\"height\":294,\"caption\":\"iCzechy.pl\"},\"image\":{\"@id\":\"https:\\\/\\\/iczechy.pl\\\/#\\\/schema\\\/logo\\\/image\\\/\"},\"sameAs\":[\"https:\\\/\\\/x.com\\\/iCzechy_pl\"]},{\"@type\":\"Person\",\"@id\":\"https:\\\/\\\/iczechy.pl\\\/#\\\/schema\\\/person\\\/5b7f56b637b26b9409bc4574ea821c9a\",\"name\":\"Przemys\u0142aw Podola\u0144ski\",\"image\":{\"@type\":\"ImageObject\",\"inLanguage\":\"pl-PL\",\"@id\":\"https:\\\/\\\/secure.gravatar.com\\\/avatar\\\/6951ad7ad13313601602eb3f0fac4d73d0a39ab2d9d7be31170e5e06e9898aa7?s=96&d=mm&r=g\",\"url\":\"https:\\\/\\\/secure.gravatar.com\\\/avatar\\\/6951ad7ad13313601602eb3f0fac4d73d0a39ab2d9d7be31170e5e06e9898aa7?s=96&d=mm&r=g\",\"contentUrl\":\"https:\\\/\\\/secure.gravatar.com\\\/avatar\\\/6951ad7ad13313601602eb3f0fac4d73d0a39ab2d9d7be31170e5e06e9898aa7?s=96&d=mm&r=g\",\"caption\":\"Przemys\u0142aw Podola\u0144ski\"},\"url\":\"https:\\\/\\\/iczechy.pl\\\/index.php\\\/author\\\/admin-2\\\/\"}]}<\/script>\n<!-- \/ Yoast SEO plugin. -->","yoast_head_json":{"title":"Najpopularniejsze cele turystyczne w Czechach w 2023 roku &#187; iCzechy.pl","description":"Najpopularniejsze cele turystyczne w Czechach - jakie to miejsca? Np. Zamek Praski, kt\u00f3ry odwiedzi\u0142o 2,2 miliona os\u00f3b.","robots":{"index":"index","follow":"follow","max-snippet":"max-snippet:-1","max-image-preview":"max-image-preview:large","max-video-preview":"max-video-preview:-1"},"canonical":"https:\/\/iczechy.pl\/index.php\/2024\/07\/11\/najpopularniejsze-cele-turystyczne-w-czechach-w-2023-roku\/","og_locale":"pl_PL","og_type":"article","og_title":"Najpopularniejsze cele turystyczne w Czechach w 2023 roku &#187; iCzechy.pl","og_description":"Najpopularniejsze cele turystyczne w Czechach - jakie to miejsca? Np. Zamek Praski, kt\u00f3ry odwiedzi\u0142o 2,2 miliona os\u00f3b.","og_url":"https:\/\/iczechy.pl\/index.php\/2024\/07\/11\/najpopularniejsze-cele-turystyczne-w-czechach-w-2023-roku\/","og_site_name":"iCzechy.pl","article_published_time":"2024-07-11T07:54:01+00:00","article_modified_time":"2024-07-22T08:16:14+00:00","og_image":[{"width":1078,"height":720,"url":"https:\/\/iczechy.pl\/wp-content\/uploads\/2024\/07\/Adrszpach.-Fot.-Jaroslaw-Zak_shutterstock-scaled.jpg","type":"image\/jpeg"}],"author":"Przemys\u0142aw Podola\u0144ski","twitter_card":"summary_large_image","twitter_creator":"@iCzechy_pl","twitter_site":"@iCzechy_pl","twitter_misc":{"Napisane przez":"Przemys\u0142aw Podola\u0144ski","Szacowany czas czytania":"2 minuty"},"schema":{"@context":"https:\/\/schema.org","@graph":[{"@type":"Article","@id":"https:\/\/iczechy.pl\/index.php\/2024\/07\/11\/najpopularniejsze-cele-turystyczne-w-czechach-w-2023-roku\/#article","isPartOf":{"@id":"https:\/\/iczechy.pl\/index.php\/2024\/07\/11\/najpopularniejsze-cele-turystyczne-w-czechach-w-2023-roku\/"},"author":{"name":"Przemys\u0142aw Podola\u0144ski","@id":"https:\/\/iczechy.pl\/#\/schema\/person\/5b7f56b637b26b9409bc4574ea821c9a"},"headline":"Najpopularniejsze cele turystyczne w Czechach w 2023 roku","datePublished":"2024-07-11T07:54:01+00:00","dateModified":"2024-07-22T08:16:14+00:00","mainEntityOfPage":{"@id":"https:\/\/iczechy.pl\/index.php\/2024\/07\/11\/najpopularniejsze-cele-turystyczne-w-czechach-w-2023-roku\/"},"wordCount":278,"publisher":{"@id":"https:\/\/iczechy.pl\/#organization"},"image":{"@id":"https:\/\/iczechy.pl\/index.php\/2024\/07\/11\/najpopularniejsze-cele-turystyczne-w-czechach-w-2023-roku\/#primaryimage"},"thumbnailUrl":"https:\/\/iczechy.pl\/wp-content\/uploads\/2024\/07\/Adrszpach.-Fot.-Jaroslaw-Zak_shutterstock-scaled.jpg","articleSection":["+Plus","+Wszystkie materia\u0142y","Turystyka"],"inLanguage":"pl-PL"},{"@type":"WebPage","@id":"https:\/\/iczechy.pl\/index.php\/2024\/07\/11\/najpopularniejsze-cele-turystyczne-w-czechach-w-2023-roku\/","url":"https:\/\/iczechy.pl\/index.php\/2024\/07\/11\/najpopularniejsze-cele-turystyczne-w-czechach-w-2023-roku\/","name":"Najpopularniejsze cele turystyczne w Czechach w 2023 roku &#187; iCzechy.pl","isPartOf":{"@id":"https:\/\/iczechy.pl\/#website"},"primaryImageOfPage":{"@id":"https:\/\/iczechy.pl\/index.php\/2024\/07\/11\/najpopularniejsze-cele-turystyczne-w-czechach-w-2023-roku\/#primaryimage"},"image":{"@id":"https:\/\/iczechy.pl\/index.php\/2024\/07\/11\/najpopularniejsze-cele-turystyczne-w-czechach-w-2023-roku\/#primaryimage"},"thumbnailUrl":"https:\/\/iczechy.pl\/wp-content\/uploads\/2024\/07\/Adrszpach.-Fot.-Jaroslaw-Zak_shutterstock-scaled.jpg","datePublished":"2024-07-11T07:54:01+00:00","dateModified":"2024-07-22T08:16:14+00:00","description":"Najpopularniejsze cele turystyczne w Czechach - jakie to miejsca? Np. Zamek Praski, kt\u00f3ry odwiedzi\u0142o 2,2 miliona os\u00f3b.","breadcrumb":{"@id":"https:\/\/iczechy.pl\/index.php\/2024\/07\/11\/najpopularniejsze-cele-turystyczne-w-czechach-w-2023-roku\/#breadcrumb"},"inLanguage":"pl-PL","potentialAction":[{"@type":"ReadAction","target":["https:\/\/iczechy.pl\/index.php\/2024\/07\/11\/najpopularniejsze-cele-turystyczne-w-czechach-w-2023-roku\/"]}]},{"@type":"ImageObject","inLanguage":"pl-PL","@id":"https:\/\/iczechy.pl\/index.php\/2024\/07\/11\/najpopularniejsze-cele-turystyczne-w-czechach-w-2023-roku\/#primaryimage","url":"https:\/\/iczechy.pl\/wp-content\/uploads\/2024\/07\/Adrszpach.-Fot.-Jaroslaw-Zak_shutterstock-scaled.jpg","contentUrl":"https:\/\/iczechy.pl\/wp-content\/uploads\/2024\/07\/Adrszpach.-Fot.-Jaroslaw-Zak_shutterstock-scaled.jpg","width":1078,"height":720,"caption":"Najpopularniejsze cele turystyczne w Czechach"},{"@type":"BreadcrumbList","@id":"https:\/\/iczechy.pl\/index.php\/2024\/07\/11\/najpopularniejsze-cele-turystyczne-w-czechach-w-2023-roku\/#breadcrumb","itemListElement":[{"@type":"ListItem","position":1,"name":"Strona g\u0142\u00f3wna","item":"https:\/\/iczechy.pl\/"},{"@type":"ListItem","position":2,"name":"Najpopularniejsze cele turystyczne w Czechach w 2023 roku"}]},{"@type":"WebSite","@id":"https:\/\/iczechy.pl\/#website","url":"https:\/\/iczechy.pl\/","name":"iCzechy.pl","description":"i wiesz wi\u0119cej","publisher":{"@id":"https:\/\/iczechy.pl\/#organization"},"potentialAction":[{"@type":"SearchAction","target":{"@type":"EntryPoint","urlTemplate":"https:\/\/iczechy.pl\/?s={search_term_string}"},"query-input":{"@type":"PropertyValueSpecification","valueRequired":true,"valueName":"search_term_string"}}],"inLanguage":"pl-PL"},{"@type":"Organization","@id":"https:\/\/iczechy.pl\/#organization","name":"iCzechy.pl","url":"https:\/\/iczechy.pl\/","logo":{"@type":"ImageObject","inLanguage":"pl-PL","@id":"https:\/\/iczechy.pl\/#\/schema\/logo\/image\/","url":"https:\/\/iczechy.pl\/wp-content\/uploads\/2020\/06\/iCzechy-2-300dpi-...i-wiesz-wiecej.png","contentUrl":"https:\/\/iczechy.pl\/wp-content\/uploads\/2020\/06\/iCzechy-2-300dpi-...i-wiesz-wiecej.png","width":1280,"height":294,"caption":"iCzechy.pl"},"image":{"@id":"https:\/\/iczechy.pl\/#\/schema\/logo\/image\/"},"sameAs":["https:\/\/x.com\/iCzechy_pl"]},{"@type":"Person","@id":"https:\/\/iczechy.pl\/#\/schema\/person\/5b7f56b637b26b9409bc4574ea821c9a","name":"Przemys\u0142aw Podola\u0144ski","image":{"@type":"ImageObject","inLanguage":"pl-PL","@id":"https:\/\/secure.gravatar.com\/avatar\/6951ad7ad13313601602eb3f0fac4d73d0a39ab2d9d7be31170e5e06e9898aa7?s=96&d=mm&r=g","url":"https:\/\/secure.gravatar.com\/avatar\/6951ad7ad13313601602eb3f0fac4d73d0a39ab2d9d7be31170e5e06e9898aa7?s=96&d=mm&r=g","contentUrl":"https:\/\/secure.gravatar.com\/avatar\/6951ad7ad13313601602eb3f0fac4d73d0a39ab2d9d7be31170e5e06e9898aa7?s=96&d=mm&r=g","caption":"Przemys\u0142aw Podola\u0144ski"},"url":"https:\/\/iczechy.pl\/index.php\/author\/admin-2\/"}]}},"_links":{"self":[{"href":"https:\/\/iczechy.pl\/index.php\/wp-json\/wp\/v2\/posts\/11477","targetHints":{"allow":["GET"]}}],"collection":[{"href":"https:\/\/iczechy.pl\/index.php\/wp-json\/wp\/v2\/posts"}],"about":[{"href":"https:\/\/iczechy.pl\/index.php\/wp-json\/wp\/v2\/types\/post"}],"author":[{"embeddable":true,"href":"https:\/\/iczechy.pl\/index.php\/wp-json\/wp\/v2\/users\/7"}],"replies":[{"embeddable":true,"href":"https:\/\/iczechy.pl\/index.php\/wp-json\/wp\/v2\/comments?post=11477"}],"version-history":[{"count":3,"href":"https:\/\/iczechy.pl\/index.php\/wp-json\/wp\/v2\/posts\/11477\/revisions"}],"predecessor-version":[{"id":11487,"href":"https:\/\/iczechy.pl\/index.php\/wp-json\/wp\/v2\/posts\/11477\/revisions\/11487"}],"wp:featuredmedia":[{"embeddable":true,"href":"https:\/\/iczechy.pl\/index.php\/wp-json\/wp\/v2\/media\/11484"}],"wp:attachment":[{"href":"https:\/\/iczechy.pl\/index.php\/wp-json\/wp\/v2\/media?parent=11477"}],"wp:term":[{"taxonomy":"category","embeddable":true,"href":"https:\/\/iczechy.pl\/index.php\/wp-json\/wp\/v2\/categories?post=11477"},{"taxonomy":"post_tag","embeddable":true,"href":"https:\/\/iczechy.pl\/index.php\/wp-json\/wp\/v2\/tags?post=11477"}],"curies":[{"name":"wp","href":"https:\/\/api.w.org\/{rel}","templated":true}]}}