{"id":11358,"date":"2024-06-04T08:06:02","date_gmt":"2024-06-04T06:06:02","guid":{"rendered":"https:\/\/iczechy.pl\/?p=11358"},"modified":"2024-06-04T08:06:02","modified_gmt":"2024-06-04T06:06:02","slug":"nieodkryte-perelki-poludniowych-czech","status":"publish","type":"post","link":"https:\/\/iczechy.pl\/index.php\/2024\/06\/04\/nieodkryte-perelki-poludniowych-czech\/","title":{"rendered":"Nieodkryte pere\u0142ki po\u0142udniowych Czech"},"content":{"rendered":"<p><strong>To mniej ucz\u0119szczane szlaki, za to pi\u0119kne i bogate w histori\u0119 zak\u0105tki po\u0142udniowych Czech: miasta, zamki, pa\u0142ace oraz atrakcje przyrodnicze.<\/strong><\/p>\n<p><strong>Pa\u0142ac Blatn\u00e1:<\/strong><\/p>\n<p>Wodny pa\u0142ac Blatn\u00e1 nale\u017cy do najlepiej zachowanych wodnych siedzib szlacheckich w Czechach. Pa\u0142ac otacza pi\u0119kny park angielski, kt\u00f3ry zamieszkuje stado danieli. Nad budowl\u0105 dominuje bia\u0142a wie\u017ca, pi\u0119knie odbijaj\u0105ca si\u0119 w tafli wody. Na go\u015bci czeka mi\u0119dzy innymi zwiedzanie salonu orientalnego, barokowego, w stylu empire, my\u015bliwskiego oraz galerii rodowej w\u0142a\u015bcicieli. Pa\u0142ac zosta\u0142 w 1990 roku zwr\u00f3cony, w ramach restytucji, potomkom barona Karela Hildprandta.<\/p>\n<p><strong>P\u00edsek:<\/strong><\/p>\n<p>Miasto powsta\u0142o dzi\u0119ki bogactwom mineralnym, a dok\u0142adnie z\u0142otono\u015bnemu piaskowi, kt\u00f3ry wydobywano tu ju\u017c od XII wieku. St\u0105d te\u017c pochodzi nazwa P\u00edsek, czyli po polsku \u201epiasek\u201d.<\/p>\n<p>W drugiej po\u0142owie XIII wieku rozpocz\u0119to budow\u0119 najwa\u017cniejszego zabytku miasta, a dok\u0142adnie gotyckiego mostu b\u0119d\u0105cego najstarszym kamiennym mostem w Czechach i w \u015arodkowej Europie.&nbsp;<\/p>\n<p><strong>Zamek Zv\u00edkov:<\/strong><\/p>\n<p>Zv\u00edkov to imponuj\u0105cy zamek po\u0142o\u017cony na zbiegu rzek We\u0142tawy i Otavy. Zamek, zbudowany w XII wieku, jest jednym z najstarszych i najwa\u017cniejszych zamk\u00f3w w Czechach.&nbsp; Jest popularnym celem wycieczek ze wzgl\u0119du na swoj\u0105 malownicz\u0105 lokalizacj\u0119 i bogat\u0105 histori\u0119.<\/p>\n<p><strong>Strakonice:<\/strong><\/p>\n<p>Na zamku Strakonice na go\u015bci czeka mi\u0119dzy innymi unikatowa wystawa przedstawiaj\u0105ca dzieje Zakonu Malta\u0144skiego, najwi\u0119ksza kolekcja dud w \u015brodkowej Europie, a tak\u017ce ekspozycja motocykli, broni i przemys\u0142u tekstylnego. Miasto Strakonice s\u0142ynie z mi\u0119dzynarodowego festiwalu muzyki dudziarskiej, kt\u00f3ry odbywa si\u0119 tu co dwa lata od 1967 roku.<\/p>\n<p><strong>Prachatice:<\/strong><\/p>\n<p>Miasto le\u017cy na tak zwanej Z\u0142otej Trasie Solnej, czyli historycznym szlaku handlowym wiod\u0105cym z Bawarii na ziemie czeskie. Na miejscu wytyczono nawet tras\u0119 turystyczn\u0105, kt\u00f3ra nawi\u0105zuje do dawnego szlaku handlowego. Wiedzie ona od przej\u015bcia granicznego Mlaka\/Bischofsreut przez Park Narodowy Szumawa, \u010cesk\u00e9 \u017dleby i wiosk\u0119 Dobr\u00e1 do miejscowo\u015bci Volary s\u0142yn\u0105cej z zabudowy drewnianej. Ostatni odcinek tej trasy prowadzi do Prachatic. W zabytkowym centrum miasta zobaczymy pi\u0119kne renesansowe budynki.<\/p>\n<p><strong>Vimperk:<\/strong><\/p>\n<p>Vimperk to urocze miasteczko, kt\u00f3re warto odwiedzi\u0107 nie tylko ze wzgl\u0119du na zamek, ale tak\u017ce na malownicze otoczenie. Zamek, kt\u00f3ry majestatycznie wznosi si\u0119 nad miastem i rzek\u0105 Voly\u0148k\u0105, zosta\u0142 za\u0142o\u017cony w po\u0142owie XIII wieku. Kompleks zamkowy sk\u0142ada si\u0119 z trzech cz\u0119\u015bci \u2013 najstarszej czyli Zamku G\u00f3rnego, nast\u0119pnie Zamku Dolnego i wie\u017cy obronnej z 1479 roku z pozosta\u0142o\u015bciami mur\u00f3w.<\/p>\n<p>Zamek przechodzi gruntowny remont. W 2021 roku zako\u0144czono jego pierwszy etap i obecnie dost\u0119pne s\u0105 trzy trasy zwiedzania oraz nowe ekspozycje Muzeum Regionalnego.<\/p>\n<p><strong>Pa\u0142ac Kr\u00e1tochv\u00edle:<\/strong><\/p>\n<p>Pa\u0142ac Kratochv\u00edle, po\u0142o\u017cony niedaleko Prachatic, to jeszcze jedna per\u0142a renesansowej architektury w regionie. Cho\u0107 mniej znany ni\u017c inne pa\u0142ace, zachwyca swoj\u0105 elegancj\u0105 i historycznym charakterem. My\u015bliwski pa\u0142acyk letni w stylu willi w\u0142oskiej, otoczony fos\u0105 i renesansowym ogrodem, zosta\u0142 zbudowany przez Wilhelma z Ro\u017emberka pod koniec XVI wieku. Na go\u015bci czekaj\u0105 oryginalne renesansowe wn\u0119trza z manierystycznymi malowid\u0142ami i bogat\u0105 dekoracj\u0105 sztukatorsk\u0105. Warto zobaczy\u0107 tak\u017ce kaplic\u0119 Narodzenia Naj\u015bwi\u0119tszej Marii Panny, kt\u00f3rej wie\u017ca odbiega nieco od osi pionowej.<\/p>\n<p>Wi\u0119cej ciekawostek z po\u0142udniowych Czech mo\u017cna znale\u017a\u0107 na stronie <a href=\"http:\/\/www.jiznicechy.cz\/pl\/\">www.jiznicechy.cz\/pl<\/a>.<\/p>\n<style type=\"text\/css\">\n#foogallery-gallery-11366 .fg-image { width: 150px; }\n#foogallery-gallery-11366 { --fg-gutter: 10px; }<\/style>\n\t\t\t<div class=\"foogallery foogallery-container foogallery-default foogallery-lightbox-foogallery fg-center fg-default fg-ready fg-light fg-border-thin fg-shadow-outline fg-loading-default fg-loaded-fade-in fg-caption-hover fg-hover-fade fg-hover-zoom\" id=\"foogallery-gallery-11366\" data-foogallery=\"{&quot;item&quot;:{&quot;showCaptionTitle&quot;:true,&quot;showCaptionDescription&quot;:true},&quot;lazy&quot;:true}\" data-foogallery-lightbox=\"{&quot;thumbs&quot;:&quot;bottom&quot;,&quot;thumbsCaptions&quot;:false,&quot;thumbsBestFit&quot;:false,&quot;thumbsSmall&quot;:false,&quot;thumbsCaptionsAlign&quot;:&quot;default&quot;,&quot;info&quot;:&quot;bottom&quot;,&quot;infoVisible&quot;:true,&quot;infoOverlay&quot;:true,&quot;infoAlign&quot;:&quot;default&quot;,&quot;transition&quot;:&quot;fade&quot;,&quot;hoverButtons&quot;:false,&quot;fitMedia&quot;:false,&quot;noScrollbars&quot;:true,&quot;preserveButtonSpace&quot;:true,&quot;buttons&quot;:{&quot;fullscreen&quot;:true,&quot;info&quot;:true,&quot;thumbs&quot;:false},&quot;video&quot;:{&quot;autoPlay&quot;:true}}\" style=\"--fg-title-line-clamp: 0; --fg-description-line-clamp: 0;\" >\n\t<div class=\"fg-item fg-type-image fg-idle\"><figure class=\"fg-item-inner\"><a href=\"https:\/\/iczechy.pl\/wp-content\/uploads\/2024\/06\/Zvikov.-Fot.-Infocentrum-Pisek.jpg\" data-caption-desc=\"Zvikov. Fot. Infocentrum Pisek\" data-attachment-id=\"11365\" data-type=\"image\" class=\"fg-thumb\"><span class=\"fg-image-wrap\"><img decoding=\"async\" width=\"150\" height=\"150\" class=\"skip-lazy fg-image\" data-src-fg=\"https:\/\/iczechy.pl\/wp-content\/uploads\/cache\/2024\/06\/Zvikov_-Fot_-Infocentrum-Pisek\/3628429552.jpg\" src=\"data:image\/svg+xml,%3Csvg%20xmlns%3D%22http%3A%2F%2Fwww.w3.org%2F2000%2Fsvg%22%20width%3D%22150%22%20height%3D%22150%22%20viewBox%3D%220%200%20150%20150%22%3E%3C%2Fsvg%3E\" loading=\"eager\"><\/span><span class=\"fg-image-overlay\"><\/span><\/a><figcaption class=\"fg-caption\"><div class=\"fg-caption-inner\"><div class=\"fg-caption-desc\">Zvikov. Fot. Infocentrum Pisek<\/div><\/div><\/figcaption><\/figure><div class=\"fg-loader\"><\/div><\/div><div class=\"fg-item fg-type-image fg-idle\"><figure class=\"fg-item-inner\"><a href=\"https:\/\/iczechy.pl\/wp-content\/uploads\/2024\/06\/Vimperk.-Fot.-PRO-Sumavsko.jpg\" data-caption-desc=\"Vimperk. Fot. PRO \u0160umavsko\" data-attachment-id=\"11364\" data-type=\"image\" class=\"fg-thumb\"><span class=\"fg-image-wrap\"><img decoding=\"async\" width=\"150\" height=\"150\" class=\"skip-lazy fg-image\" data-src-fg=\"https:\/\/iczechy.pl\/wp-content\/uploads\/cache\/2024\/06\/Vimperk_-Fot_-PRO-Sumavsko\/3254116600.jpg\" src=\"data:image\/svg+xml,%3Csvg%20xmlns%3D%22http%3A%2F%2Fwww.w3.org%2F2000%2Fsvg%22%20width%3D%22150%22%20height%3D%22150%22%20viewBox%3D%220%200%20150%20150%22%3E%3C%2Fsvg%3E\" loading=\"eager\"><\/span><span class=\"fg-image-overlay\"><\/span><\/a><figcaption class=\"fg-caption\"><div class=\"fg-caption-inner\"><div class=\"fg-caption-desc\">Vimperk. Fot. PRO \u0160umavsko<\/div><\/div><\/figcaption><\/figure><div class=\"fg-loader\"><\/div><\/div><div class=\"fg-item fg-type-image fg-idle\"><figure class=\"fg-item-inner\"><a href=\"https:\/\/iczechy.pl\/wp-content\/uploads\/2024\/06\/Strakonice-festiwal-muzyki-dudziarskiej.jpg\" data-caption-desc=\"Strakonice, festiwal muzyki dudziarskiej\" data-attachment-id=\"11363\" data-type=\"image\" class=\"fg-thumb\"><span class=\"fg-image-wrap\"><img decoding=\"async\" width=\"150\" height=\"150\" class=\"skip-lazy fg-image\" data-src-fg=\"https:\/\/iczechy.pl\/wp-content\/uploads\/cache\/2024\/06\/Strakonice-festiwal-muzyki-dudziarskiej\/2307137240.jpg\" src=\"data:image\/svg+xml,%3Csvg%20xmlns%3D%22http%3A%2F%2Fwww.w3.org%2F2000%2Fsvg%22%20width%3D%22150%22%20height%3D%22150%22%20viewBox%3D%220%200%20150%20150%22%3E%3C%2Fsvg%3E\" loading=\"eager\"><\/span><span class=\"fg-image-overlay\"><\/span><\/a><figcaption class=\"fg-caption\"><div class=\"fg-caption-inner\"><div class=\"fg-caption-desc\">Strakonice, festiwal muzyki dudziarskiej<\/div><\/div><\/figcaption><\/figure><div class=\"fg-loader\"><\/div><\/div><div class=\"fg-item fg-type-image fg-idle\"><figure class=\"fg-item-inner\"><a href=\"https:\/\/iczechy.pl\/wp-content\/uploads\/2024\/06\/Prachatice.-Fot.-PRO-Sumavsko.jpg\" data-caption-desc=\"Prachatice. Fot. PRO \u0160umavsko\" data-attachment-id=\"11362\" data-type=\"image\" class=\"fg-thumb\"><span class=\"fg-image-wrap\"><img decoding=\"async\" width=\"150\" height=\"150\" class=\"skip-lazy fg-image\" data-src-fg=\"https:\/\/iczechy.pl\/wp-content\/uploads\/cache\/2024\/06\/Prachatice_-Fot_-PRO-Sumavsko\/2422857713.jpg\" src=\"data:image\/svg+xml,%3Csvg%20xmlns%3D%22http%3A%2F%2Fwww.w3.org%2F2000%2Fsvg%22%20width%3D%22150%22%20height%3D%22150%22%20viewBox%3D%220%200%20150%20150%22%3E%3C%2Fsvg%3E\" loading=\"eager\"><\/span><span class=\"fg-image-overlay\"><\/span><\/a><figcaption class=\"fg-caption\"><div class=\"fg-caption-inner\"><div class=\"fg-caption-desc\">Prachatice. Fot. PRO \u0160umavsko<\/div><\/div><\/figcaption><\/figure><div class=\"fg-loader\"><\/div><\/div><div class=\"fg-item fg-type-image fg-idle\"><figure class=\"fg-item-inner\"><a href=\"https:\/\/iczechy.pl\/wp-content\/uploads\/2024\/06\/Pisek-most.-Fot.-Infocentrum-Pisek.jpg\" data-caption-desc=\"Pisek, most. Fot. Infocentrum Pisek\" data-attachment-id=\"11361\" data-type=\"image\" class=\"fg-thumb\"><span class=\"fg-image-wrap\"><img decoding=\"async\" width=\"150\" height=\"150\" class=\"skip-lazy fg-image\" data-src-fg=\"https:\/\/iczechy.pl\/wp-content\/uploads\/cache\/2024\/06\/Pisek-most_-Fot_-Infocentrum-Pisek\/2944802106.jpg\" src=\"data:image\/svg+xml,%3Csvg%20xmlns%3D%22http%3A%2F%2Fwww.w3.org%2F2000%2Fsvg%22%20width%3D%22150%22%20height%3D%22150%22%20viewBox%3D%220%200%20150%20150%22%3E%3C%2Fsvg%3E\" loading=\"eager\"><\/span><span class=\"fg-image-overlay\"><\/span><\/a><figcaption class=\"fg-caption\"><div class=\"fg-caption-inner\"><div class=\"fg-caption-desc\">Pisek, most. Fot. Infocentrum Pisek<\/div><\/div><\/figcaption><\/figure><div class=\"fg-loader\"><\/div><\/div><div class=\"fg-item fg-type-image fg-idle\"><figure class=\"fg-item-inner\"><a href=\"https:\/\/iczechy.pl\/wp-content\/uploads\/2024\/06\/Palac-Blatna.-Fot.-Infocentrum-Pisek.jpg\" data-caption-desc=\"Pa\u0142ac Blatna. Fot. Infocentrum P\u00edsek\" data-attachment-id=\"11360\" data-type=\"image\" class=\"fg-thumb\"><span class=\"fg-image-wrap\"><img decoding=\"async\" width=\"150\" height=\"150\" class=\"skip-lazy fg-image\" data-src-fg=\"https:\/\/iczechy.pl\/wp-content\/uploads\/cache\/2024\/06\/Palac-Blatna_-Fot_-Infocentrum-Pisek\/4229584748.jpg\" src=\"data:image\/svg+xml,%3Csvg%20xmlns%3D%22http%3A%2F%2Fwww.w3.org%2F2000%2Fsvg%22%20width%3D%22150%22%20height%3D%22150%22%20viewBox%3D%220%200%20150%20150%22%3E%3C%2Fsvg%3E\" loading=\"eager\"><\/span><span class=\"fg-image-overlay\"><\/span><\/a><figcaption class=\"fg-caption\"><div class=\"fg-caption-inner\"><div class=\"fg-caption-desc\">Pa\u0142ac Blatna. Fot. Infocentrum P\u00edsek<\/div><\/div><\/figcaption><\/figure><div class=\"fg-loader\"><\/div><\/div><div class=\"fg-item fg-type-image fg-idle\"><figure class=\"fg-item-inner\"><a href=\"https:\/\/iczechy.pl\/wp-content\/uploads\/2024\/06\/Kratochvile.-shutterstock_autor-Martin-Mecnarowski.jpg\" data-caption-desc=\"Pa\u0142ac Kratochvile. Fot. Martin Mecnarowski_shutterstock\" data-attachment-id=\"11359\" data-type=\"image\" class=\"fg-thumb\"><span class=\"fg-image-wrap\"><img decoding=\"async\" width=\"150\" height=\"150\" class=\"skip-lazy fg-image\" data-src-fg=\"https:\/\/iczechy.pl\/wp-content\/uploads\/cache\/2024\/06\/Kratochvile_-shutterstock_autor-Martin-Mecnarowski\/1971198939.jpg\" src=\"data:image\/svg+xml,%3Csvg%20xmlns%3D%22http%3A%2F%2Fwww.w3.org%2F2000%2Fsvg%22%20width%3D%22150%22%20height%3D%22150%22%20viewBox%3D%220%200%20150%20150%22%3E%3C%2Fsvg%3E\" loading=\"eager\"><\/span><span class=\"fg-image-overlay\"><\/span><\/a><figcaption class=\"fg-caption\"><div class=\"fg-caption-inner\"><div class=\"fg-caption-desc\">Pa\u0142ac Kratochvile. Fot. Martin Mecnarowski_shutterstock<\/div><\/div><\/figcaption><\/figure><div class=\"fg-loader\"><\/div><\/div><\/div>\n\n","protected":false},"excerpt":{"rendered":"<p>To mniej ucz\u0119szczane szlaki, za to pi\u0119kne i bogate w histori\u0119 zak\u0105tki po\u0142udniowych Czech: miasta, zamki, pa\u0142ace oraz atrakcje przyrodnicze. Pa\u0142ac Blatn\u00e1: Wodny pa\u0142ac Blatn\u00e1 nale\u017cy do najlepiej zachowanych wodnych siedzib szlacheckich w Czechach. Pa\u0142ac otacza pi\u0119kny park angielski, kt\u00f3ry&#8230;<\/p>\n","protected":false},"author":7,"featured_media":11363,"comment_status":"closed","ping_status":"open","sticky":false,"template":"","format":"standard","meta":{"om_disable_all_campaigns":false,"_monsterinsights_skip_tracking":false,"_monsterinsights_sitenote_active":false,"_monsterinsights_sitenote_note":"","_monsterinsights_sitenote_category":0,"ngg_post_thumbnail":0,"two_page_speed":[],"footnotes":""},"categories":[2,219,269,260],"tags":[],"class_list":["post-11358","post","type-post","status-publish","format-standard","has-post-thumbnail","hentry","category-plus","category-wszystkie-materialy","category-czechy-poludniowe","category-turystyka"],"yoast_head":"<!-- This site is optimized with the Yoast SEO plugin v27.5 - https:\/\/yoast.com\/product\/yoast-seo-wordpress\/ -->\n<title>Nieodkryte pere\u0142ki po\u0142udniowych Czech &#187; iCzechy.pl<\/title>\n<meta name=\"robots\" content=\"index, follow, max-snippet:-1, max-image-preview:large, max-video-preview:-1\" \/>\n<link rel=\"canonical\" href=\"https:\/\/iczechy.pl\/index.php\/2024\/06\/04\/nieodkryte-perelki-poludniowych-czech\/\" \/>\n<meta property=\"og:locale\" content=\"pl_PL\" \/>\n<meta property=\"og:type\" content=\"article\" \/>\n<meta property=\"og:title\" content=\"Nieodkryte pere\u0142ki po\u0142udniowych Czech &#187; iCzechy.pl\" \/>\n<meta property=\"og:description\" content=\"To mniej ucz\u0119szczane szlaki, za to pi\u0119kne i bogate w histori\u0119 zak\u0105tki po\u0142udniowych Czech: miasta, zamki, pa\u0142ace oraz atrakcje przyrodnicze. Pa\u0142ac Blatn\u00e1: Wodny pa\u0142ac Blatn\u00e1 nale\u017cy do najlepiej zachowanych wodnych siedzib szlacheckich w Czechach. Pa\u0142ac otacza pi\u0119kny park angielski, kt\u00f3ry...\" \/>\n<meta property=\"og:url\" content=\"https:\/\/iczechy.pl\/index.php\/2024\/06\/04\/nieodkryte-perelki-poludniowych-czech\/\" \/>\n<meta property=\"og:site_name\" content=\"iCzechy.pl\" \/>\n<meta property=\"article:published_time\" content=\"2024-06-04T06:06:02+00:00\" \/>\n<meta property=\"og:image\" content=\"https:\/\/iczechy.pl\/wp-content\/uploads\/2024\/06\/Strakonice-festiwal-muzyki-dudziarskiej.jpg\" \/>\n\t<meta property=\"og:image:width\" content=\"960\" \/>\n\t<meta property=\"og:image:height\" content=\"641\" \/>\n\t<meta property=\"og:image:type\" content=\"image\/jpeg\" \/>\n<meta name=\"author\" content=\"Przemys\u0142aw Podola\u0144ski\" \/>\n<meta name=\"twitter:card\" content=\"summary_large_image\" \/>\n<meta name=\"twitter:creator\" content=\"@iCzechy_pl\" \/>\n<meta name=\"twitter:site\" content=\"@iCzechy_pl\" \/>\n<meta name=\"twitter:label1\" content=\"Napisane przez\" \/>\n\t<meta name=\"twitter:data1\" content=\"Przemys\u0142aw Podola\u0144ski\" \/>\n\t<meta name=\"twitter:label2\" content=\"Szacowany czas czytania\" \/>\n\t<meta name=\"twitter:data2\" content=\"3 minuty\" \/>\n<script type=\"application\/ld+json\" class=\"yoast-schema-graph\">{\"@context\":\"https:\\\/\\\/schema.org\",\"@graph\":[{\"@type\":\"Article\",\"@id\":\"https:\\\/\\\/iczechy.pl\\\/index.php\\\/2024\\\/06\\\/04\\\/nieodkryte-perelki-poludniowych-czech\\\/#article\",\"isPartOf\":{\"@id\":\"https:\\\/\\\/iczechy.pl\\\/index.php\\\/2024\\\/06\\\/04\\\/nieodkryte-perelki-poludniowych-czech\\\/\"},\"author\":{\"name\":\"Przemys\u0142aw Podola\u0144ski\",\"@id\":\"https:\\\/\\\/iczechy.pl\\\/#\\\/schema\\\/person\\\/5b7f56b637b26b9409bc4574ea821c9a\"},\"headline\":\"Nieodkryte pere\u0142ki po\u0142udniowych Czech\",\"datePublished\":\"2024-06-04T06:06:02+00:00\",\"mainEntityOfPage\":{\"@id\":\"https:\\\/\\\/iczechy.pl\\\/index.php\\\/2024\\\/06\\\/04\\\/nieodkryte-perelki-poludniowych-czech\\\/\"},\"wordCount\":575,\"publisher\":{\"@id\":\"https:\\\/\\\/iczechy.pl\\\/#organization\"},\"image\":{\"@id\":\"https:\\\/\\\/iczechy.pl\\\/index.php\\\/2024\\\/06\\\/04\\\/nieodkryte-perelki-poludniowych-czech\\\/#primaryimage\"},\"thumbnailUrl\":\"https:\\\/\\\/iczechy.pl\\\/wp-content\\\/uploads\\\/2024\\\/06\\\/Strakonice-festiwal-muzyki-dudziarskiej.jpg\",\"articleSection\":[\"+Plus\",\"+Wszystkie materia\u0142y\",\"Czechy Po\u0142udniowe\",\"Turystyka\"],\"inLanguage\":\"pl-PL\"},{\"@type\":\"WebPage\",\"@id\":\"https:\\\/\\\/iczechy.pl\\\/index.php\\\/2024\\\/06\\\/04\\\/nieodkryte-perelki-poludniowych-czech\\\/\",\"url\":\"https:\\\/\\\/iczechy.pl\\\/index.php\\\/2024\\\/06\\\/04\\\/nieodkryte-perelki-poludniowych-czech\\\/\",\"name\":\"Nieodkryte pere\u0142ki po\u0142udniowych Czech &#187; iCzechy.pl\",\"isPartOf\":{\"@id\":\"https:\\\/\\\/iczechy.pl\\\/#website\"},\"primaryImageOfPage\":{\"@id\":\"https:\\\/\\\/iczechy.pl\\\/index.php\\\/2024\\\/06\\\/04\\\/nieodkryte-perelki-poludniowych-czech\\\/#primaryimage\"},\"image\":{\"@id\":\"https:\\\/\\\/iczechy.pl\\\/index.php\\\/2024\\\/06\\\/04\\\/nieodkryte-perelki-poludniowych-czech\\\/#primaryimage\"},\"thumbnailUrl\":\"https:\\\/\\\/iczechy.pl\\\/wp-content\\\/uploads\\\/2024\\\/06\\\/Strakonice-festiwal-muzyki-dudziarskiej.jpg\",\"datePublished\":\"2024-06-04T06:06:02+00:00\",\"breadcrumb\":{\"@id\":\"https:\\\/\\\/iczechy.pl\\\/index.php\\\/2024\\\/06\\\/04\\\/nieodkryte-perelki-poludniowych-czech\\\/#breadcrumb\"},\"inLanguage\":\"pl-PL\",\"potentialAction\":[{\"@type\":\"ReadAction\",\"target\":[\"https:\\\/\\\/iczechy.pl\\\/index.php\\\/2024\\\/06\\\/04\\\/nieodkryte-perelki-poludniowych-czech\\\/\"]}]},{\"@type\":\"ImageObject\",\"inLanguage\":\"pl-PL\",\"@id\":\"https:\\\/\\\/iczechy.pl\\\/index.php\\\/2024\\\/06\\\/04\\\/nieodkryte-perelki-poludniowych-czech\\\/#primaryimage\",\"url\":\"https:\\\/\\\/iczechy.pl\\\/wp-content\\\/uploads\\\/2024\\\/06\\\/Strakonice-festiwal-muzyki-dudziarskiej.jpg\",\"contentUrl\":\"https:\\\/\\\/iczechy.pl\\\/wp-content\\\/uploads\\\/2024\\\/06\\\/Strakonice-festiwal-muzyki-dudziarskiej.jpg\",\"width\":960,\"height\":641},{\"@type\":\"BreadcrumbList\",\"@id\":\"https:\\\/\\\/iczechy.pl\\\/index.php\\\/2024\\\/06\\\/04\\\/nieodkryte-perelki-poludniowych-czech\\\/#breadcrumb\",\"itemListElement\":[{\"@type\":\"ListItem\",\"position\":1,\"name\":\"Strona g\u0142\u00f3wna\",\"item\":\"https:\\\/\\\/iczechy.pl\\\/\"},{\"@type\":\"ListItem\",\"position\":2,\"name\":\"Nieodkryte pere\u0142ki po\u0142udniowych Czech\"}]},{\"@type\":\"WebSite\",\"@id\":\"https:\\\/\\\/iczechy.pl\\\/#website\",\"url\":\"https:\\\/\\\/iczechy.pl\\\/\",\"name\":\"iCzechy.pl\",\"description\":\"i wiesz wi\u0119cej\",\"publisher\":{\"@id\":\"https:\\\/\\\/iczechy.pl\\\/#organization\"},\"potentialAction\":[{\"@type\":\"SearchAction\",\"target\":{\"@type\":\"EntryPoint\",\"urlTemplate\":\"https:\\\/\\\/iczechy.pl\\\/?s={search_term_string}\"},\"query-input\":{\"@type\":\"PropertyValueSpecification\",\"valueRequired\":true,\"valueName\":\"search_term_string\"}}],\"inLanguage\":\"pl-PL\"},{\"@type\":\"Organization\",\"@id\":\"https:\\\/\\\/iczechy.pl\\\/#organization\",\"name\":\"iCzechy.pl\",\"url\":\"https:\\\/\\\/iczechy.pl\\\/\",\"logo\":{\"@type\":\"ImageObject\",\"inLanguage\":\"pl-PL\",\"@id\":\"https:\\\/\\\/iczechy.pl\\\/#\\\/schema\\\/logo\\\/image\\\/\",\"url\":\"https:\\\/\\\/iczechy.pl\\\/wp-content\\\/uploads\\\/2020\\\/06\\\/iCzechy-2-300dpi-...i-wiesz-wiecej.png\",\"contentUrl\":\"https:\\\/\\\/iczechy.pl\\\/wp-content\\\/uploads\\\/2020\\\/06\\\/iCzechy-2-300dpi-...i-wiesz-wiecej.png\",\"width\":1280,\"height\":294,\"caption\":\"iCzechy.pl\"},\"image\":{\"@id\":\"https:\\\/\\\/iczechy.pl\\\/#\\\/schema\\\/logo\\\/image\\\/\"},\"sameAs\":[\"https:\\\/\\\/x.com\\\/iCzechy_pl\"]},{\"@type\":\"Person\",\"@id\":\"https:\\\/\\\/iczechy.pl\\\/#\\\/schema\\\/person\\\/5b7f56b637b26b9409bc4574ea821c9a\",\"name\":\"Przemys\u0142aw Podola\u0144ski\",\"image\":{\"@type\":\"ImageObject\",\"inLanguage\":\"pl-PL\",\"@id\":\"https:\\\/\\\/secure.gravatar.com\\\/avatar\\\/6951ad7ad13313601602eb3f0fac4d73d0a39ab2d9d7be31170e5e06e9898aa7?s=96&d=mm&r=g\",\"url\":\"https:\\\/\\\/secure.gravatar.com\\\/avatar\\\/6951ad7ad13313601602eb3f0fac4d73d0a39ab2d9d7be31170e5e06e9898aa7?s=96&d=mm&r=g\",\"contentUrl\":\"https:\\\/\\\/secure.gravatar.com\\\/avatar\\\/6951ad7ad13313601602eb3f0fac4d73d0a39ab2d9d7be31170e5e06e9898aa7?s=96&d=mm&r=g\",\"caption\":\"Przemys\u0142aw Podola\u0144ski\"},\"url\":\"https:\\\/\\\/iczechy.pl\\\/index.php\\\/author\\\/admin-2\\\/\"}]}<\/script>\n<!-- \/ Yoast SEO plugin. -->","yoast_head_json":{"title":"Nieodkryte pere\u0142ki po\u0142udniowych Czech &#187; iCzechy.pl","robots":{"index":"index","follow":"follow","max-snippet":"max-snippet:-1","max-image-preview":"max-image-preview:large","max-video-preview":"max-video-preview:-1"},"canonical":"https:\/\/iczechy.pl\/index.php\/2024\/06\/04\/nieodkryte-perelki-poludniowych-czech\/","og_locale":"pl_PL","og_type":"article","og_title":"Nieodkryte pere\u0142ki po\u0142udniowych Czech &#187; iCzechy.pl","og_description":"To mniej ucz\u0119szczane szlaki, za to pi\u0119kne i bogate w histori\u0119 zak\u0105tki po\u0142udniowych Czech: miasta, zamki, pa\u0142ace oraz atrakcje przyrodnicze. Pa\u0142ac Blatn\u00e1: Wodny pa\u0142ac Blatn\u00e1 nale\u017cy do najlepiej zachowanych wodnych siedzib szlacheckich w Czechach. Pa\u0142ac otacza pi\u0119kny park angielski, kt\u00f3ry...","og_url":"https:\/\/iczechy.pl\/index.php\/2024\/06\/04\/nieodkryte-perelki-poludniowych-czech\/","og_site_name":"iCzechy.pl","article_published_time":"2024-06-04T06:06:02+00:00","og_image":[{"width":960,"height":641,"url":"https:\/\/iczechy.pl\/wp-content\/uploads\/2024\/06\/Strakonice-festiwal-muzyki-dudziarskiej.jpg","type":"image\/jpeg"}],"author":"Przemys\u0142aw Podola\u0144ski","twitter_card":"summary_large_image","twitter_creator":"@iCzechy_pl","twitter_site":"@iCzechy_pl","twitter_misc":{"Napisane przez":"Przemys\u0142aw Podola\u0144ski","Szacowany czas czytania":"3 minuty"},"schema":{"@context":"https:\/\/schema.org","@graph":[{"@type":"Article","@id":"https:\/\/iczechy.pl\/index.php\/2024\/06\/04\/nieodkryte-perelki-poludniowych-czech\/#article","isPartOf":{"@id":"https:\/\/iczechy.pl\/index.php\/2024\/06\/04\/nieodkryte-perelki-poludniowych-czech\/"},"author":{"name":"Przemys\u0142aw Podola\u0144ski","@id":"https:\/\/iczechy.pl\/#\/schema\/person\/5b7f56b637b26b9409bc4574ea821c9a"},"headline":"Nieodkryte pere\u0142ki po\u0142udniowych Czech","datePublished":"2024-06-04T06:06:02+00:00","mainEntityOfPage":{"@id":"https:\/\/iczechy.pl\/index.php\/2024\/06\/04\/nieodkryte-perelki-poludniowych-czech\/"},"wordCount":575,"publisher":{"@id":"https:\/\/iczechy.pl\/#organization"},"image":{"@id":"https:\/\/iczechy.pl\/index.php\/2024\/06\/04\/nieodkryte-perelki-poludniowych-czech\/#primaryimage"},"thumbnailUrl":"https:\/\/iczechy.pl\/wp-content\/uploads\/2024\/06\/Strakonice-festiwal-muzyki-dudziarskiej.jpg","articleSection":["+Plus","+Wszystkie materia\u0142y","Czechy Po\u0142udniowe","Turystyka"],"inLanguage":"pl-PL"},{"@type":"WebPage","@id":"https:\/\/iczechy.pl\/index.php\/2024\/06\/04\/nieodkryte-perelki-poludniowych-czech\/","url":"https:\/\/iczechy.pl\/index.php\/2024\/06\/04\/nieodkryte-perelki-poludniowych-czech\/","name":"Nieodkryte pere\u0142ki po\u0142udniowych Czech &#187; iCzechy.pl","isPartOf":{"@id":"https:\/\/iczechy.pl\/#website"},"primaryImageOfPage":{"@id":"https:\/\/iczechy.pl\/index.php\/2024\/06\/04\/nieodkryte-perelki-poludniowych-czech\/#primaryimage"},"image":{"@id":"https:\/\/iczechy.pl\/index.php\/2024\/06\/04\/nieodkryte-perelki-poludniowych-czech\/#primaryimage"},"thumbnailUrl":"https:\/\/iczechy.pl\/wp-content\/uploads\/2024\/06\/Strakonice-festiwal-muzyki-dudziarskiej.jpg","datePublished":"2024-06-04T06:06:02+00:00","breadcrumb":{"@id":"https:\/\/iczechy.pl\/index.php\/2024\/06\/04\/nieodkryte-perelki-poludniowych-czech\/#breadcrumb"},"inLanguage":"pl-PL","potentialAction":[{"@type":"ReadAction","target":["https:\/\/iczechy.pl\/index.php\/2024\/06\/04\/nieodkryte-perelki-poludniowych-czech\/"]}]},{"@type":"ImageObject","inLanguage":"pl-PL","@id":"https:\/\/iczechy.pl\/index.php\/2024\/06\/04\/nieodkryte-perelki-poludniowych-czech\/#primaryimage","url":"https:\/\/iczechy.pl\/wp-content\/uploads\/2024\/06\/Strakonice-festiwal-muzyki-dudziarskiej.jpg","contentUrl":"https:\/\/iczechy.pl\/wp-content\/uploads\/2024\/06\/Strakonice-festiwal-muzyki-dudziarskiej.jpg","width":960,"height":641},{"@type":"BreadcrumbList","@id":"https:\/\/iczechy.pl\/index.php\/2024\/06\/04\/nieodkryte-perelki-poludniowych-czech\/#breadcrumb","itemListElement":[{"@type":"ListItem","position":1,"name":"Strona g\u0142\u00f3wna","item":"https:\/\/iczechy.pl\/"},{"@type":"ListItem","position":2,"name":"Nieodkryte pere\u0142ki po\u0142udniowych Czech"}]},{"@type":"WebSite","@id":"https:\/\/iczechy.pl\/#website","url":"https:\/\/iczechy.pl\/","name":"iCzechy.pl","description":"i wiesz wi\u0119cej","publisher":{"@id":"https:\/\/iczechy.pl\/#organization"},"potentialAction":[{"@type":"SearchAction","target":{"@type":"EntryPoint","urlTemplate":"https:\/\/iczechy.pl\/?s={search_term_string}"},"query-input":{"@type":"PropertyValueSpecification","valueRequired":true,"valueName":"search_term_string"}}],"inLanguage":"pl-PL"},{"@type":"Organization","@id":"https:\/\/iczechy.pl\/#organization","name":"iCzechy.pl","url":"https:\/\/iczechy.pl\/","logo":{"@type":"ImageObject","inLanguage":"pl-PL","@id":"https:\/\/iczechy.pl\/#\/schema\/logo\/image\/","url":"https:\/\/iczechy.pl\/wp-content\/uploads\/2020\/06\/iCzechy-2-300dpi-...i-wiesz-wiecej.png","contentUrl":"https:\/\/iczechy.pl\/wp-content\/uploads\/2020\/06\/iCzechy-2-300dpi-...i-wiesz-wiecej.png","width":1280,"height":294,"caption":"iCzechy.pl"},"image":{"@id":"https:\/\/iczechy.pl\/#\/schema\/logo\/image\/"},"sameAs":["https:\/\/x.com\/iCzechy_pl"]},{"@type":"Person","@id":"https:\/\/iczechy.pl\/#\/schema\/person\/5b7f56b637b26b9409bc4574ea821c9a","name":"Przemys\u0142aw Podola\u0144ski","image":{"@type":"ImageObject","inLanguage":"pl-PL","@id":"https:\/\/secure.gravatar.com\/avatar\/6951ad7ad13313601602eb3f0fac4d73d0a39ab2d9d7be31170e5e06e9898aa7?s=96&d=mm&r=g","url":"https:\/\/secure.gravatar.com\/avatar\/6951ad7ad13313601602eb3f0fac4d73d0a39ab2d9d7be31170e5e06e9898aa7?s=96&d=mm&r=g","contentUrl":"https:\/\/secure.gravatar.com\/avatar\/6951ad7ad13313601602eb3f0fac4d73d0a39ab2d9d7be31170e5e06e9898aa7?s=96&d=mm&r=g","caption":"Przemys\u0142aw Podola\u0144ski"},"url":"https:\/\/iczechy.pl\/index.php\/author\/admin-2\/"}]}},"_links":{"self":[{"href":"https:\/\/iczechy.pl\/index.php\/wp-json\/wp\/v2\/posts\/11358","targetHints":{"allow":["GET"]}}],"collection":[{"href":"https:\/\/iczechy.pl\/index.php\/wp-json\/wp\/v2\/posts"}],"about":[{"href":"https:\/\/iczechy.pl\/index.php\/wp-json\/wp\/v2\/types\/post"}],"author":[{"embeddable":true,"href":"https:\/\/iczechy.pl\/index.php\/wp-json\/wp\/v2\/users\/7"}],"replies":[{"embeddable":true,"href":"https:\/\/iczechy.pl\/index.php\/wp-json\/wp\/v2\/comments?post=11358"}],"version-history":[{"count":1,"href":"https:\/\/iczechy.pl\/index.php\/wp-json\/wp\/v2\/posts\/11358\/revisions"}],"predecessor-version":[{"id":11369,"href":"https:\/\/iczechy.pl\/index.php\/wp-json\/wp\/v2\/posts\/11358\/revisions\/11369"}],"wp:featuredmedia":[{"embeddable":true,"href":"https:\/\/iczechy.pl\/index.php\/wp-json\/wp\/v2\/media\/11363"}],"wp:attachment":[{"href":"https:\/\/iczechy.pl\/index.php\/wp-json\/wp\/v2\/media?parent=11358"}],"wp:term":[{"taxonomy":"category","embeddable":true,"href":"https:\/\/iczechy.pl\/index.php\/wp-json\/wp\/v2\/categories?post=11358"},{"taxonomy":"post_tag","embeddable":true,"href":"https:\/\/iczechy.pl\/index.php\/wp-json\/wp\/v2\/tags?post=11358"}],"curies":[{"name":"wp","href":"https:\/\/api.w.org\/{rel}","templated":true}]}}