{"id":11201,"date":"2026-01-07T08:50:57","date_gmt":"2026-01-07T07:50:57","guid":{"rendered":"https:\/\/iczechy.pl\/?p=11201"},"modified":"2026-01-11T14:01:23","modified_gmt":"2026-01-11T13:01:23","slug":"najstarsze-schronisko-w-czeskich-karkonoszach","status":"publish","type":"post","link":"https:\/\/iczechy.pl\/index.php\/2026\/01\/07\/najstarsze-schronisko-w-czeskich-karkonoszach\/","title":{"rendered":"Najstarsze schronisko w czeskich Karkonoszach"},"content":{"rendered":"<p><strong>Najstarszym schroniskiem w czeskiej cz\u0119\u015bci Karkonoszy jest <a href=\"https:\/\/pl.wikipedia.org\/wiki\/Lu%C4%8Dn%C3%AD_bouda\" target=\"_blank\" rel=\"noopener\">Lu\u010dn\u00ed bouda<\/a>. Jego historia si\u0119ga XVI wieku i ju\u017c od 400 lat zapewnia turystom bezpieczne schronienie, a nawet w\u0142asne piwo z tutejszego browaru i smaczne posi\u0142ki.<\/strong><\/p>\n<p>Zgodnie z legend\u0105, przed wojn\u0105 trzydziestoletni\u0105, dwaj synowie hrabiego pok\u0142\u00f3cili si\u0119 o spadek. M\u0142odszy postanowi\u0142 uciec w g\u00f3ry, ale przeceni\u0142 swoje mo\u017cliwo\u015bci przetrwania w surowych g\u00f3rskich warunkach. Starszy brat odnalaz\u0142 go chorego i wycie\u0144czonego w ma\u0142ej chatce z ga\u0142\u0119zi i zabra\u0142 w bezpieczne miejsce w dolinie. Na pami\u0105tk\u0119 szcz\u0119\u015bliwie zako\u0144czonej historii, bracia wybudowali na g\u00f3rze drewnian\u0105 chat\u0119, kt\u00f3ra mia\u0142a s\u0142u\u017cy\u0107 jako schronienie dla w\u0119drowc\u00f3w. Istnieje te\u017c inna legenda o powstaniu Lu\u010dn\u00ed boudy: wed\u0142ug niej, schronisko zbudowa\u0142o m\u0142ode ma\u0142\u017ce\u0144stwo, zwi\u0105zane z ruchem braci czeskich, kt\u00f3re uciek\u0142o przed prze\u015bladowaniami za wiar\u0119 i osiedli\u0142o si\u0119 wysoko w g\u00f3rach.<\/p>\n<p>Tak czy inaczej, Lu\u010dn\u00ed bouda, zwana tak\u017ce Wiesenbaude, Star\u00e1 \u010desk\u00e1, B\u00edl\u00e1 lub Star\u00e1 Rennerova bouda, sta\u0142a na swoim miejscu prawdopodobnie ju\u017c w drugiej po\u0142owie XVI wieku.<\/p>\n<p>Kamie\u0144 w\u0119gielny z wygrawerowan\u0105 dat\u0105 1623 odkryto podczas remontu schroniska w 1869 roku. W swej historii budynek by\u0142 kilkakrotnie przebudowywany. Podobno oko\u0142o 1830 roku mie\u015bci\u0142a si\u0119 tu przez pewien czas wytw\u00f3rnia fa\u0142szywych pieni\u0119dzy. W drugiej po\u0142owie XIX wieku schronisko by\u0142o ju\u017c popularne w\u015br\u00f3d turyst\u00f3w w\u0119druj\u0105cych po <a href=\"https:\/\/www.visitczechia.com\/pl-PL\/Things-to-Do\/Places\/Winter-Sports\/Winter-Adrenaline-Activities\/s-krkonose-mountains-winter-sport-tips\">Karkonoszach<\/a>, a przede wszystkim tych wspinaj\u0105cych si\u0119 na \u015anie\u017ck\u0119. Na dachu Lu\u010dn\u00ed boudy zamontowano nawet dzwon, kt\u00f3ry budzi\u0142 mieszka\u0144c\u00f3w, aby nie przegapili wyj\u0105tkowego wschodu s\u0142o\u0144ca na najwy\u017cszej czeskiej g\u00f3rze. Lu\u010dn\u00ed bouda sta\u0142a si\u0119 ulubionym miejscem artyst\u00f3w, pisarzy i innych s\u0142awnych os\u00f3b. &nbsp;Go\u015bci\u0142 tu mi\u0119dzy innymi Karel Hynek M\u00e1cha, V\u00edt\u011bzslav H\u00e1lek, malarz Quido M\u00e1nes, Franciszek J\u00f3zef I. czy genera\u0142 Ernst Gideon von Laudon. Obserwacje meteorologiczne&nbsp; prowadzi\u0142 przyrodnik Kry\u0161tof Haering.<\/p>\n<p>W 1938 r. schronisko zosta\u0142o cz\u0119\u015bciowo zniszczone przez po\u017car, nast\u0119pnie w ci\u0105gu dw\u00f3ch lat odbudowane przez niemiecki Wehrmacht. W odbudowanym schronisku Niemcy otworzyli o\u015brodek szkoleniowy, ale na szcz\u0119\u015bcie nie mieli czasu na realizacj\u0119 plan\u00f3w dalszej rozbudowy, zgodnie z kt\u00f3rymi mia\u0142 powsta\u0107 tu kompleks na planie swastyki, mog\u0105cy pomie\u015bci\u0107 2000 os\u00f3b.<\/p>\n<p>W 2004 roku zdewastowany budynek kupi\u0142a prywatna firma, kt\u00f3rej udaje si\u0119 stopniowo przywraca\u0107 schronisku dawn\u0105 \u015bwietno\u015b\u0107.<\/p>\n<style type=\"text\/css\">\n#foogallery-gallery-11205 .fg-image { width: 150px; }\n#foogallery-gallery-11205 { --fg-gutter: 10px; }<\/style>\n\t\t\t<div class=\"foogallery foogallery-container foogallery-default foogallery-lightbox-foogallery fg-center fg-default fg-ready fg-light fg-border-thin fg-shadow-outline fg-loading-default fg-loaded-fade-in fg-caption-hover fg-hover-fade fg-hover-zoom\" id=\"foogallery-gallery-11205\" data-foogallery=\"{&quot;item&quot;:{&quot;showCaptionTitle&quot;:true,&quot;showCaptionDescription&quot;:true},&quot;lazy&quot;:true}\" data-foogallery-lightbox=\"{&quot;thumbs&quot;:&quot;bottom&quot;,&quot;thumbsCaptions&quot;:false,&quot;thumbsBestFit&quot;:false,&quot;thumbsSmall&quot;:false,&quot;thumbsCaptionsAlign&quot;:&quot;default&quot;,&quot;info&quot;:&quot;bottom&quot;,&quot;infoVisible&quot;:true,&quot;infoOverlay&quot;:true,&quot;infoAlign&quot;:&quot;default&quot;,&quot;transition&quot;:&quot;fade&quot;,&quot;hoverButtons&quot;:false,&quot;fitMedia&quot;:false,&quot;noScrollbars&quot;:true,&quot;preserveButtonSpace&quot;:true,&quot;buttons&quot;:{&quot;fullscreen&quot;:true,&quot;info&quot;:true,&quot;thumbs&quot;:false},&quot;video&quot;:{&quot;autoPlay&quot;:true}}\" style=\"--fg-title-line-clamp: 0; --fg-description-line-clamp: 0;\" >\n\t<div class=\"fg-item fg-type-image fg-idle\"><figure class=\"fg-item-inner\"><a href=\"https:\/\/iczechy.pl\/wp-content\/uploads\/2024\/01\/Zima_biegowki_Lucni_lidi_RD.-Fot.-Destinacni-spolecnost-pro-TO-Krkonose.jpg\" data-caption-desc=\"Zima bieg\u00f3wki. Lu\u010dn\u00ed bouda RD. Fot. Destina\u010dn\u00ed spole\u010dnost pro TO Krkono\u0161e\" data-attachment-id=\"11204\" data-type=\"image\" class=\"fg-thumb\"><span class=\"fg-image-wrap\"><img decoding=\"async\" width=\"150\" height=\"150\" class=\"skip-lazy fg-image\" data-src-fg=\"https:\/\/iczechy.pl\/wp-content\/uploads\/cache\/2024\/01\/Zima_biegowki_Lucni_lidi_RD_-Fot_-Destinacni-spolecnost-pro-TO-Krkonose\/353987576.jpg\" src=\"data:image\/svg+xml,%3Csvg%20xmlns%3D%22http%3A%2F%2Fwww.w3.org%2F2000%2Fsvg%22%20width%3D%22150%22%20height%3D%22150%22%20viewBox%3D%220%200%20150%20150%22%3E%3C%2Fsvg%3E\" loading=\"eager\"><\/span><span class=\"fg-image-overlay\"><\/span><\/a><figcaption class=\"fg-caption\"><div class=\"fg-caption-inner\"><div class=\"fg-caption-desc\">Zima bieg\u00f3wki. Lu\u010dn\u00ed bouda RD. Fot. Destina\u010dn\u00ed spole\u010dnost pro TO Krkono\u0161e<\/div><\/div><\/figcaption><\/figure><div class=\"fg-loader\"><\/div><\/div><div class=\"fg-item fg-type-image fg-idle\"><figure class=\"fg-item-inner\"><a href=\"https:\/\/iczechy.pl\/wp-content\/uploads\/2024\/01\/Logo_Lucni_bouda_RD_Fot.-Destinacni-spolecnost-pro-TO-Krkonose-scaled.jpg\" data-caption-desc=\"Logo Lu\u010dn\u00ed bouda RD_Fot. Destina\u010dn\u00ed spole\u010dnost pro TO Krkono\u0161e\" data-attachment-id=\"11203\" data-type=\"image\" class=\"fg-thumb\"><span class=\"fg-image-wrap\"><img decoding=\"async\" width=\"150\" height=\"150\" class=\"skip-lazy fg-image\" data-src-fg=\"https:\/\/iczechy.pl\/wp-content\/uploads\/cache\/2024\/01\/Logo_Lucni_bouda_RD_Fot_-Destinacni-spolecnost-pro-TO-Krkonose-scaled\/1655223991.jpg\" src=\"data:image\/svg+xml,%3Csvg%20xmlns%3D%22http%3A%2F%2Fwww.w3.org%2F2000%2Fsvg%22%20width%3D%22150%22%20height%3D%22150%22%20viewBox%3D%220%200%20150%20150%22%3E%3C%2Fsvg%3E\" loading=\"eager\"><\/span><span class=\"fg-image-overlay\"><\/span><\/a><figcaption class=\"fg-caption\"><div class=\"fg-caption-inner\"><div class=\"fg-caption-desc\">Logo Lu\u010dn\u00ed bouda RD_Fot. Destina\u010dn\u00ed spole\u010dnost pro TO Krkono\u0161e<\/div><\/div><\/figcaption><\/figure><div class=\"fg-loader\"><\/div><\/div><div class=\"fg-item fg-type-image fg-idle\"><figure class=\"fg-item-inner\"><a href=\"https:\/\/iczechy.pl\/wp-content\/uploads\/2024\/01\/Jesien_Lucni_bouda_z_Pomnika-Ofiar-Gor_MS.-fot.-Destinacni-spolecnost-pro-TO-Krkonose.png\" data-caption-desc=\"Jesie\u0144. Lu\u010dn\u00ed bouda. Widok z Pomnika Ofiar G\u00f3r MS. Fot. Destina\u010dn\u00ed spole\u010dnost pro TO Krkono\u0161e\" data-attachment-id=\"11202\" data-type=\"image\" class=\"fg-thumb\"><span class=\"fg-image-wrap\"><img decoding=\"async\" width=\"150\" height=\"150\" class=\"skip-lazy fg-image\" data-src-fg=\"https:\/\/iczechy.pl\/wp-content\/uploads\/cache\/2024\/01\/Jesien_Lucni_bouda_z_Pomnika-Ofiar-Gor_MS_-fot_-Destinacni-spolecnost-pro-TO-Krkonose\/198343347.png\" src=\"data:image\/svg+xml,%3Csvg%20xmlns%3D%22http%3A%2F%2Fwww.w3.org%2F2000%2Fsvg%22%20width%3D%22150%22%20height%3D%22150%22%20viewBox%3D%220%200%20150%20150%22%3E%3C%2Fsvg%3E\" loading=\"eager\"><\/span><span class=\"fg-image-overlay\"><\/span><\/a><figcaption class=\"fg-caption\"><div class=\"fg-caption-inner\"><div class=\"fg-caption-desc\">Jesie\u0144. Lu\u010dn\u00ed bouda. Widok z Pomnika Ofiar G\u00f3r MS. Fot. Destina\u010dn\u00ed spole\u010dnost pro TO Krkono\u0161e<\/div><\/div><\/figcaption><\/figure><div class=\"fg-loader\"><\/div><\/div><\/div>\n\n","protected":false},"excerpt":{"rendered":"<p>Najstarszym schroniskiem w czeskiej cz\u0119\u015bci Karkonoszy jest Lu\u010dn\u00ed bouda. Jego historia si\u0119ga XVI wieku i ju\u017c od 400 lat zapewnia turystom bezpieczne schronienie, a nawet w\u0142asne piwo z tutejszego browaru i smaczne posi\u0142ki. Zgodnie z legend\u0105, przed wojn\u0105 trzydziestoletni\u0105, dwaj&#8230;<\/p>\n","protected":false},"author":7,"featured_media":11204,"comment_status":"closed","ping_status":"open","sticky":false,"template":"","format":"standard","meta":{"om_disable_all_campaigns":false,"_monsterinsights_skip_tracking":false,"_monsterinsights_sitenote_active":false,"_monsterinsights_sitenote_note":"","_monsterinsights_sitenote_category":0,"ngg_post_thumbnail":0,"two_page_speed":[],"footnotes":""},"categories":[2,219,260],"tags":[],"class_list":["post-11201","post","type-post","status-publish","format-standard","has-post-thumbnail","hentry","category-plus","category-wszystkie-materialy","category-turystyka"],"yoast_head":"<!-- This site is optimized with the Yoast SEO plugin v27.5 - https:\/\/yoast.com\/product\/yoast-seo-wordpress\/ -->\n<title>Najstarsze schronisko w czeskich Karkonoszach &#187; iCzechy.pl<\/title>\n<meta name=\"robots\" content=\"index, follow, max-snippet:-1, max-image-preview:large, max-video-preview:-1\" \/>\n<link rel=\"canonical\" href=\"https:\/\/iczechy.pl\/index.php\/2026\/01\/07\/najstarsze-schronisko-w-czeskich-karkonoszach\/\" \/>\n<meta property=\"og:locale\" content=\"pl_PL\" \/>\n<meta property=\"og:type\" content=\"article\" \/>\n<meta property=\"og:title\" content=\"Najstarsze schronisko w czeskich Karkonoszach &#187; iCzechy.pl\" \/>\n<meta property=\"og:description\" content=\"Najstarszym schroniskiem w czeskiej cz\u0119\u015bci Karkonoszy jest Lu\u010dn\u00ed bouda. Jego historia si\u0119ga XVI wieku i ju\u017c od 400 lat zapewnia turystom bezpieczne schronienie, a nawet w\u0142asne piwo z tutejszego browaru i smaczne posi\u0142ki. Zgodnie z legend\u0105, przed wojn\u0105 trzydziestoletni\u0105, dwaj...\" \/>\n<meta property=\"og:url\" content=\"https:\/\/iczechy.pl\/index.php\/2026\/01\/07\/najstarsze-schronisko-w-czeskich-karkonoszach\/\" \/>\n<meta property=\"og:site_name\" content=\"iCzechy.pl\" \/>\n<meta property=\"article:published_time\" content=\"2026-01-07T07:50:57+00:00\" \/>\n<meta property=\"article:modified_time\" content=\"2026-01-11T13:01:23+00:00\" \/>\n<meta property=\"og:image\" content=\"https:\/\/iczechy.pl\/wp-content\/uploads\/2024\/01\/Zima_biegowki_Lucni_lidi_RD.-Fot.-Destinacni-spolecnost-pro-TO-Krkonose.jpg\" \/>\n\t<meta property=\"og:image:width\" content=\"960\" \/>\n\t<meta property=\"og:image:height\" content=\"720\" \/>\n\t<meta property=\"og:image:type\" content=\"image\/jpeg\" \/>\n<meta name=\"author\" content=\"Przemys\u0142aw Podola\u0144ski\" \/>\n<meta name=\"twitter:card\" content=\"summary_large_image\" \/>\n<meta name=\"twitter:creator\" content=\"@iCzechy_pl\" \/>\n<meta name=\"twitter:site\" content=\"@iCzechy_pl\" \/>\n<meta name=\"twitter:label1\" content=\"Napisane przez\" \/>\n\t<meta name=\"twitter:data1\" content=\"Przemys\u0142aw Podola\u0144ski\" \/>\n\t<meta name=\"twitter:label2\" content=\"Szacowany czas czytania\" \/>\n\t<meta name=\"twitter:data2\" content=\"3 minuty\" \/>\n<script type=\"application\/ld+json\" class=\"yoast-schema-graph\">{\"@context\":\"https:\\\/\\\/schema.org\",\"@graph\":[{\"@type\":\"Article\",\"@id\":\"https:\\\/\\\/iczechy.pl\\\/index.php\\\/2026\\\/01\\\/07\\\/najstarsze-schronisko-w-czeskich-karkonoszach\\\/#article\",\"isPartOf\":{\"@id\":\"https:\\\/\\\/iczechy.pl\\\/index.php\\\/2026\\\/01\\\/07\\\/najstarsze-schronisko-w-czeskich-karkonoszach\\\/\"},\"author\":{\"name\":\"Przemys\u0142aw Podola\u0144ski\",\"@id\":\"https:\\\/\\\/iczechy.pl\\\/#\\\/schema\\\/person\\\/5b7f56b637b26b9409bc4574ea821c9a\"},\"headline\":\"Najstarsze schronisko w czeskich Karkonoszach\",\"datePublished\":\"2026-01-07T07:50:57+00:00\",\"dateModified\":\"2026-01-11T13:01:23+00:00\",\"mainEntityOfPage\":{\"@id\":\"https:\\\/\\\/iczechy.pl\\\/index.php\\\/2026\\\/01\\\/07\\\/najstarsze-schronisko-w-czeskich-karkonoszach\\\/\"},\"wordCount\":431,\"publisher\":{\"@id\":\"https:\\\/\\\/iczechy.pl\\\/#organization\"},\"image\":{\"@id\":\"https:\\\/\\\/iczechy.pl\\\/index.php\\\/2026\\\/01\\\/07\\\/najstarsze-schronisko-w-czeskich-karkonoszach\\\/#primaryimage\"},\"thumbnailUrl\":\"https:\\\/\\\/iczechy.pl\\\/wp-content\\\/uploads\\\/2024\\\/01\\\/Zima_biegowki_Lucni_lidi_RD.-Fot.-Destinacni-spolecnost-pro-TO-Krkonose.jpg\",\"articleSection\":[\"+Plus\",\"+Wszystkie materia\u0142y\",\"Turystyka\"],\"inLanguage\":\"pl-PL\"},{\"@type\":\"WebPage\",\"@id\":\"https:\\\/\\\/iczechy.pl\\\/index.php\\\/2026\\\/01\\\/07\\\/najstarsze-schronisko-w-czeskich-karkonoszach\\\/\",\"url\":\"https:\\\/\\\/iczechy.pl\\\/index.php\\\/2026\\\/01\\\/07\\\/najstarsze-schronisko-w-czeskich-karkonoszach\\\/\",\"name\":\"Najstarsze schronisko w czeskich Karkonoszach &#187; iCzechy.pl\",\"isPartOf\":{\"@id\":\"https:\\\/\\\/iczechy.pl\\\/#website\"},\"primaryImageOfPage\":{\"@id\":\"https:\\\/\\\/iczechy.pl\\\/index.php\\\/2026\\\/01\\\/07\\\/najstarsze-schronisko-w-czeskich-karkonoszach\\\/#primaryimage\"},\"image\":{\"@id\":\"https:\\\/\\\/iczechy.pl\\\/index.php\\\/2026\\\/01\\\/07\\\/najstarsze-schronisko-w-czeskich-karkonoszach\\\/#primaryimage\"},\"thumbnailUrl\":\"https:\\\/\\\/iczechy.pl\\\/wp-content\\\/uploads\\\/2024\\\/01\\\/Zima_biegowki_Lucni_lidi_RD.-Fot.-Destinacni-spolecnost-pro-TO-Krkonose.jpg\",\"datePublished\":\"2026-01-07T07:50:57+00:00\",\"dateModified\":\"2026-01-11T13:01:23+00:00\",\"breadcrumb\":{\"@id\":\"https:\\\/\\\/iczechy.pl\\\/index.php\\\/2026\\\/01\\\/07\\\/najstarsze-schronisko-w-czeskich-karkonoszach\\\/#breadcrumb\"},\"inLanguage\":\"pl-PL\",\"potentialAction\":[{\"@type\":\"ReadAction\",\"target\":[\"https:\\\/\\\/iczechy.pl\\\/index.php\\\/2026\\\/01\\\/07\\\/najstarsze-schronisko-w-czeskich-karkonoszach\\\/\"]}]},{\"@type\":\"ImageObject\",\"inLanguage\":\"pl-PL\",\"@id\":\"https:\\\/\\\/iczechy.pl\\\/index.php\\\/2026\\\/01\\\/07\\\/najstarsze-schronisko-w-czeskich-karkonoszach\\\/#primaryimage\",\"url\":\"https:\\\/\\\/iczechy.pl\\\/wp-content\\\/uploads\\\/2024\\\/01\\\/Zima_biegowki_Lucni_lidi_RD.-Fot.-Destinacni-spolecnost-pro-TO-Krkonose.jpg\",\"contentUrl\":\"https:\\\/\\\/iczechy.pl\\\/wp-content\\\/uploads\\\/2024\\\/01\\\/Zima_biegowki_Lucni_lidi_RD.-Fot.-Destinacni-spolecnost-pro-TO-Krkonose.jpg\",\"width\":960,\"height\":720},{\"@type\":\"BreadcrumbList\",\"@id\":\"https:\\\/\\\/iczechy.pl\\\/index.php\\\/2026\\\/01\\\/07\\\/najstarsze-schronisko-w-czeskich-karkonoszach\\\/#breadcrumb\",\"itemListElement\":[{\"@type\":\"ListItem\",\"position\":1,\"name\":\"Strona g\u0142\u00f3wna\",\"item\":\"https:\\\/\\\/iczechy.pl\\\/\"},{\"@type\":\"ListItem\",\"position\":2,\"name\":\"Najstarsze schronisko w czeskich Karkonoszach\"}]},{\"@type\":\"WebSite\",\"@id\":\"https:\\\/\\\/iczechy.pl\\\/#website\",\"url\":\"https:\\\/\\\/iczechy.pl\\\/\",\"name\":\"iCzechy.pl\",\"description\":\"i wiesz wi\u0119cej\",\"publisher\":{\"@id\":\"https:\\\/\\\/iczechy.pl\\\/#organization\"},\"potentialAction\":[{\"@type\":\"SearchAction\",\"target\":{\"@type\":\"EntryPoint\",\"urlTemplate\":\"https:\\\/\\\/iczechy.pl\\\/?s={search_term_string}\"},\"query-input\":{\"@type\":\"PropertyValueSpecification\",\"valueRequired\":true,\"valueName\":\"search_term_string\"}}],\"inLanguage\":\"pl-PL\"},{\"@type\":\"Organization\",\"@id\":\"https:\\\/\\\/iczechy.pl\\\/#organization\",\"name\":\"iCzechy.pl\",\"url\":\"https:\\\/\\\/iczechy.pl\\\/\",\"logo\":{\"@type\":\"ImageObject\",\"inLanguage\":\"pl-PL\",\"@id\":\"https:\\\/\\\/iczechy.pl\\\/#\\\/schema\\\/logo\\\/image\\\/\",\"url\":\"https:\\\/\\\/iczechy.pl\\\/wp-content\\\/uploads\\\/2020\\\/06\\\/iCzechy-2-300dpi-...i-wiesz-wiecej.png\",\"contentUrl\":\"https:\\\/\\\/iczechy.pl\\\/wp-content\\\/uploads\\\/2020\\\/06\\\/iCzechy-2-300dpi-...i-wiesz-wiecej.png\",\"width\":1280,\"height\":294,\"caption\":\"iCzechy.pl\"},\"image\":{\"@id\":\"https:\\\/\\\/iczechy.pl\\\/#\\\/schema\\\/logo\\\/image\\\/\"},\"sameAs\":[\"https:\\\/\\\/x.com\\\/iCzechy_pl\"]},{\"@type\":\"Person\",\"@id\":\"https:\\\/\\\/iczechy.pl\\\/#\\\/schema\\\/person\\\/5b7f56b637b26b9409bc4574ea821c9a\",\"name\":\"Przemys\u0142aw Podola\u0144ski\",\"image\":{\"@type\":\"ImageObject\",\"inLanguage\":\"pl-PL\",\"@id\":\"https:\\\/\\\/secure.gravatar.com\\\/avatar\\\/6951ad7ad13313601602eb3f0fac4d73d0a39ab2d9d7be31170e5e06e9898aa7?s=96&d=mm&r=g\",\"url\":\"https:\\\/\\\/secure.gravatar.com\\\/avatar\\\/6951ad7ad13313601602eb3f0fac4d73d0a39ab2d9d7be31170e5e06e9898aa7?s=96&d=mm&r=g\",\"contentUrl\":\"https:\\\/\\\/secure.gravatar.com\\\/avatar\\\/6951ad7ad13313601602eb3f0fac4d73d0a39ab2d9d7be31170e5e06e9898aa7?s=96&d=mm&r=g\",\"caption\":\"Przemys\u0142aw Podola\u0144ski\"},\"url\":\"https:\\\/\\\/iczechy.pl\\\/index.php\\\/author\\\/admin-2\\\/\"}]}<\/script>\n<!-- \/ Yoast SEO plugin. -->","yoast_head_json":{"title":"Najstarsze schronisko w czeskich Karkonoszach &#187; iCzechy.pl","robots":{"index":"index","follow":"follow","max-snippet":"max-snippet:-1","max-image-preview":"max-image-preview:large","max-video-preview":"max-video-preview:-1"},"canonical":"https:\/\/iczechy.pl\/index.php\/2026\/01\/07\/najstarsze-schronisko-w-czeskich-karkonoszach\/","og_locale":"pl_PL","og_type":"article","og_title":"Najstarsze schronisko w czeskich Karkonoszach &#187; iCzechy.pl","og_description":"Najstarszym schroniskiem w czeskiej cz\u0119\u015bci Karkonoszy jest Lu\u010dn\u00ed bouda. Jego historia si\u0119ga XVI wieku i ju\u017c od 400 lat zapewnia turystom bezpieczne schronienie, a nawet w\u0142asne piwo z tutejszego browaru i smaczne posi\u0142ki. Zgodnie z legend\u0105, przed wojn\u0105 trzydziestoletni\u0105, dwaj...","og_url":"https:\/\/iczechy.pl\/index.php\/2026\/01\/07\/najstarsze-schronisko-w-czeskich-karkonoszach\/","og_site_name":"iCzechy.pl","article_published_time":"2026-01-07T07:50:57+00:00","article_modified_time":"2026-01-11T13:01:23+00:00","og_image":[{"width":960,"height":720,"url":"https:\/\/iczechy.pl\/wp-content\/uploads\/2024\/01\/Zima_biegowki_Lucni_lidi_RD.-Fot.-Destinacni-spolecnost-pro-TO-Krkonose.jpg","type":"image\/jpeg"}],"author":"Przemys\u0142aw Podola\u0144ski","twitter_card":"summary_large_image","twitter_creator":"@iCzechy_pl","twitter_site":"@iCzechy_pl","twitter_misc":{"Napisane przez":"Przemys\u0142aw Podola\u0144ski","Szacowany czas czytania":"3 minuty"},"schema":{"@context":"https:\/\/schema.org","@graph":[{"@type":"Article","@id":"https:\/\/iczechy.pl\/index.php\/2026\/01\/07\/najstarsze-schronisko-w-czeskich-karkonoszach\/#article","isPartOf":{"@id":"https:\/\/iczechy.pl\/index.php\/2026\/01\/07\/najstarsze-schronisko-w-czeskich-karkonoszach\/"},"author":{"name":"Przemys\u0142aw Podola\u0144ski","@id":"https:\/\/iczechy.pl\/#\/schema\/person\/5b7f56b637b26b9409bc4574ea821c9a"},"headline":"Najstarsze schronisko w czeskich Karkonoszach","datePublished":"2026-01-07T07:50:57+00:00","dateModified":"2026-01-11T13:01:23+00:00","mainEntityOfPage":{"@id":"https:\/\/iczechy.pl\/index.php\/2026\/01\/07\/najstarsze-schronisko-w-czeskich-karkonoszach\/"},"wordCount":431,"publisher":{"@id":"https:\/\/iczechy.pl\/#organization"},"image":{"@id":"https:\/\/iczechy.pl\/index.php\/2026\/01\/07\/najstarsze-schronisko-w-czeskich-karkonoszach\/#primaryimage"},"thumbnailUrl":"https:\/\/iczechy.pl\/wp-content\/uploads\/2024\/01\/Zima_biegowki_Lucni_lidi_RD.-Fot.-Destinacni-spolecnost-pro-TO-Krkonose.jpg","articleSection":["+Plus","+Wszystkie materia\u0142y","Turystyka"],"inLanguage":"pl-PL"},{"@type":"WebPage","@id":"https:\/\/iczechy.pl\/index.php\/2026\/01\/07\/najstarsze-schronisko-w-czeskich-karkonoszach\/","url":"https:\/\/iczechy.pl\/index.php\/2026\/01\/07\/najstarsze-schronisko-w-czeskich-karkonoszach\/","name":"Najstarsze schronisko w czeskich Karkonoszach &#187; iCzechy.pl","isPartOf":{"@id":"https:\/\/iczechy.pl\/#website"},"primaryImageOfPage":{"@id":"https:\/\/iczechy.pl\/index.php\/2026\/01\/07\/najstarsze-schronisko-w-czeskich-karkonoszach\/#primaryimage"},"image":{"@id":"https:\/\/iczechy.pl\/index.php\/2026\/01\/07\/najstarsze-schronisko-w-czeskich-karkonoszach\/#primaryimage"},"thumbnailUrl":"https:\/\/iczechy.pl\/wp-content\/uploads\/2024\/01\/Zima_biegowki_Lucni_lidi_RD.-Fot.-Destinacni-spolecnost-pro-TO-Krkonose.jpg","datePublished":"2026-01-07T07:50:57+00:00","dateModified":"2026-01-11T13:01:23+00:00","breadcrumb":{"@id":"https:\/\/iczechy.pl\/index.php\/2026\/01\/07\/najstarsze-schronisko-w-czeskich-karkonoszach\/#breadcrumb"},"inLanguage":"pl-PL","potentialAction":[{"@type":"ReadAction","target":["https:\/\/iczechy.pl\/index.php\/2026\/01\/07\/najstarsze-schronisko-w-czeskich-karkonoszach\/"]}]},{"@type":"ImageObject","inLanguage":"pl-PL","@id":"https:\/\/iczechy.pl\/index.php\/2026\/01\/07\/najstarsze-schronisko-w-czeskich-karkonoszach\/#primaryimage","url":"https:\/\/iczechy.pl\/wp-content\/uploads\/2024\/01\/Zima_biegowki_Lucni_lidi_RD.-Fot.-Destinacni-spolecnost-pro-TO-Krkonose.jpg","contentUrl":"https:\/\/iczechy.pl\/wp-content\/uploads\/2024\/01\/Zima_biegowki_Lucni_lidi_RD.-Fot.-Destinacni-spolecnost-pro-TO-Krkonose.jpg","width":960,"height":720},{"@type":"BreadcrumbList","@id":"https:\/\/iczechy.pl\/index.php\/2026\/01\/07\/najstarsze-schronisko-w-czeskich-karkonoszach\/#breadcrumb","itemListElement":[{"@type":"ListItem","position":1,"name":"Strona g\u0142\u00f3wna","item":"https:\/\/iczechy.pl\/"},{"@type":"ListItem","position":2,"name":"Najstarsze schronisko w czeskich Karkonoszach"}]},{"@type":"WebSite","@id":"https:\/\/iczechy.pl\/#website","url":"https:\/\/iczechy.pl\/","name":"iCzechy.pl","description":"i wiesz wi\u0119cej","publisher":{"@id":"https:\/\/iczechy.pl\/#organization"},"potentialAction":[{"@type":"SearchAction","target":{"@type":"EntryPoint","urlTemplate":"https:\/\/iczechy.pl\/?s={search_term_string}"},"query-input":{"@type":"PropertyValueSpecification","valueRequired":true,"valueName":"search_term_string"}}],"inLanguage":"pl-PL"},{"@type":"Organization","@id":"https:\/\/iczechy.pl\/#organization","name":"iCzechy.pl","url":"https:\/\/iczechy.pl\/","logo":{"@type":"ImageObject","inLanguage":"pl-PL","@id":"https:\/\/iczechy.pl\/#\/schema\/logo\/image\/","url":"https:\/\/iczechy.pl\/wp-content\/uploads\/2020\/06\/iCzechy-2-300dpi-...i-wiesz-wiecej.png","contentUrl":"https:\/\/iczechy.pl\/wp-content\/uploads\/2020\/06\/iCzechy-2-300dpi-...i-wiesz-wiecej.png","width":1280,"height":294,"caption":"iCzechy.pl"},"image":{"@id":"https:\/\/iczechy.pl\/#\/schema\/logo\/image\/"},"sameAs":["https:\/\/x.com\/iCzechy_pl"]},{"@type":"Person","@id":"https:\/\/iczechy.pl\/#\/schema\/person\/5b7f56b637b26b9409bc4574ea821c9a","name":"Przemys\u0142aw Podola\u0144ski","image":{"@type":"ImageObject","inLanguage":"pl-PL","@id":"https:\/\/secure.gravatar.com\/avatar\/6951ad7ad13313601602eb3f0fac4d73d0a39ab2d9d7be31170e5e06e9898aa7?s=96&d=mm&r=g","url":"https:\/\/secure.gravatar.com\/avatar\/6951ad7ad13313601602eb3f0fac4d73d0a39ab2d9d7be31170e5e06e9898aa7?s=96&d=mm&r=g","contentUrl":"https:\/\/secure.gravatar.com\/avatar\/6951ad7ad13313601602eb3f0fac4d73d0a39ab2d9d7be31170e5e06e9898aa7?s=96&d=mm&r=g","caption":"Przemys\u0142aw Podola\u0144ski"},"url":"https:\/\/iczechy.pl\/index.php\/author\/admin-2\/"}]}},"_links":{"self":[{"href":"https:\/\/iczechy.pl\/index.php\/wp-json\/wp\/v2\/posts\/11201","targetHints":{"allow":["GET"]}}],"collection":[{"href":"https:\/\/iczechy.pl\/index.php\/wp-json\/wp\/v2\/posts"}],"about":[{"href":"https:\/\/iczechy.pl\/index.php\/wp-json\/wp\/v2\/types\/post"}],"author":[{"embeddable":true,"href":"https:\/\/iczechy.pl\/index.php\/wp-json\/wp\/v2\/users\/7"}],"replies":[{"embeddable":true,"href":"https:\/\/iczechy.pl\/index.php\/wp-json\/wp\/v2\/comments?post=11201"}],"version-history":[{"count":1,"href":"https:\/\/iczechy.pl\/index.php\/wp-json\/wp\/v2\/posts\/11201\/revisions"}],"predecessor-version":[{"id":11206,"href":"https:\/\/iczechy.pl\/index.php\/wp-json\/wp\/v2\/posts\/11201\/revisions\/11206"}],"wp:featuredmedia":[{"embeddable":true,"href":"https:\/\/iczechy.pl\/index.php\/wp-json\/wp\/v2\/media\/11204"}],"wp:attachment":[{"href":"https:\/\/iczechy.pl\/index.php\/wp-json\/wp\/v2\/media?parent=11201"}],"wp:term":[{"taxonomy":"category","embeddable":true,"href":"https:\/\/iczechy.pl\/index.php\/wp-json\/wp\/v2\/categories?post=11201"},{"taxonomy":"post_tag","embeddable":true,"href":"https:\/\/iczechy.pl\/index.php\/wp-json\/wp\/v2\/tags?post=11201"}],"curies":[{"name":"wp","href":"https:\/\/api.w.org\/{rel}","templated":true}]}}