{"id":10118,"date":"2023-01-09T09:40:02","date_gmt":"2023-01-09T08:40:02","guid":{"rendered":"https:\/\/iczechy.pl\/?p=10118"},"modified":"2023-01-14T10:17:17","modified_gmt":"2023-01-14T09:17:17","slug":"euractiv-pl-czesi-zegnaja-kontrowersyjnego-prezydenta","status":"publish","type":"post","link":"https:\/\/iczechy.pl\/index.php\/2023\/01\/09\/euractiv-pl-czesi-zegnaja-kontrowersyjnego-prezydenta\/","title":{"rendered":"EURACTIV.pl: Czesi \u017cegnaj\u0105 kontrowersyjnego prezydenta"},"content":{"rendered":"<p><strong>Po dekadzie Czechy \u017cegnaj\u0105 si\u0119 z er\u0105 kontrowersyjnego prezydenta <a href=\"https:\/\/iczechy.pl\/index.php\/2020\/07\/04\/prezydent\/\">Milo\u0161a Zemana<\/a>, znanego z prorosyjskich i prochi\u0144skich pogl\u0105d\u00f3w. Ten p\u00f3ki co nie zamierza jednak usuwa\u0107 si\u0119 w cie\u0144 i zapowiada wzbudzaj\u0105ce w\u0105tpliwo\u015bci kroki. Pisze o tym portal&nbsp;<a href=\"https:\/\/www.euractiv.pl\/\" target=\"_blank\" rel=\"noopener\">EURACTIV.pl.<\/a><\/strong><\/p>\n<p>W obliczu zbli\u017caj\u0105cego si\u0119 ko\u0144ca kadencji, kt\u00f3ry nast\u0105pi ju\u017c w marcu, Zeman pozwala sobie na ostatnie polityczne podrygi. W \u015brod\u0119 4 stycznia b.r. odm\u00f3wi\u0142 powo\u0142ania nowego ministra \u015brodowiska. Z kolei wczoraj zasugerowa\u0142, \u017ce jeszcze przed ust\u0105pieniem ze stanowiska mo\u017ce mianowa\u0107 nowego szefa S\u0105du Konstytucyjnego.<\/p>\n<p>Zapowied\u017a spotka\u0142a si\u0119 z krytyk\u0105 ekspert\u00f3w od czeskiego prawa konstytucyjnego. Jak wskazuj\u0105 prawnicy, prezydent przez ca\u0142y okres swojej kadencji d\u0105\u017cy\u0142 do przesuwania granic swoich uprawnie\u0144 poza normy wyznaczone przez konstytucj\u0119.<\/p>\n<p><em>\u201eZa ka\u017cdym razem, gdy Zeman mia\u0142 okazj\u0119 zrobi\u0107 co\u015b niespodziewanego, nagi\u0105\u0107 zapisy konstytucji lub nawet je naruszy\u0107, robi\u0142 to, co doprowadza\u0142o do niema\u0142ych problem\u00f3w\u201d &#8211; <\/em>stwierdzi\u0142 w czwartek czeski prawnik zajmuj\u0105cy si\u0119 sprawami konstytucyjnymi <strong>Jan Wintr<\/strong>&nbsp;na antenie czeskiej telewizji publicznej.<\/p>\n<p>Zeman mia\u0142 dobre relacje z w\u0142adzami Chin i Rosji i opowiada\u0142 si\u0119 za wsp\u00f3\u0142prac\u0105 z tymi pa\u0144stwami. Po inwazji Rosji na Ukrain\u0119 zacz\u0105\u0142 jednak krytykowa\u0107&nbsp;<strong>W\u0142adimira Putina<\/strong>.<\/p>\n<p>Przeciwnicy Zemana symbolicznie po\u017cegnali go wczoraj demonstracj\u0105 pod jego siedzib\u0105, kt\u00f3ra znajduje si\u0119 w Zamku Praskim. W manifestacji pod has\u0142em \u201eDokonajmy zmiany: Demokrata na Zamek\u201d wzi\u0119\u0142y udzia\u0142 setki os\u00f3b,. Domaga\u0142y si\u0119 one, by po zbli\u017caj\u0105cych si\u0119 wyborach g\u0142ow\u0105 pa\u0144stwa zosta\u0142 prawdziwy demokrata.<\/p>\n<p>Pierwsza tura wybor\u00f3w prezydenckich odb\u0119dzie si\u0119 w pi\u0105tek 13 stycznia 2023. Druga zaplanowana jest na 27-28 stycznia. Na li\u015bcie kandydat\u00f3w jest trzech g\u0142\u00f3wnych faworyt\u00f3w \u2014 by\u0142a rektor uniwersytetu <strong><a href=\"https:\/\/www.danusenerudova.cz\/\" target=\"_blank\" rel=\"noopener\">Danu\u0161e Nerudov\u00e1<\/a>,<\/strong>&nbsp;genera\u0142&nbsp;<a href=\"https:\/\/www.generalpavel.cz\/\" target=\"_blank\" rel=\"noopener\"><strong>Petr Pavel<\/strong><\/a>&nbsp;i by\u0142y premier&nbsp;<a href=\"https:\/\/pl.wikipedia.org\/wiki\/Andrej_Babi%C5%A1\" target=\"_blank\" rel=\"noopener\"><strong>Andrej Babi\u0161<\/strong><\/a>, s\u0105dzony za wy\u0142udzenie dotacji unijnych.<\/p>\n<p>W najnowszym sonda\u017cu, przeprowadzonym przez agencj\u0119 STEM w dniach 2-4 stycznia, najwi\u0119cej respondent\u00f3w zadeklarowa\u0142o, \u017ce zag\u0142osuje w pierwszej turze wybor\u00f3w na Babi\u0161a (27,9 proc.). Drugie miejsce w zestawieniu zaj\u0105\u0142 Pavel (26,7 proc.), a trzecie Nerudov\u00e1 (24,4%). Wed\u0142ug badania Babi\u0161 przegra\u0142by jednak w drugiej turze niezale\u017cnie od tego, kto z dwojga wymienionych rywali okaza\u0142by si\u0119 jego przeciwnikiem.<\/p>\n","protected":false},"excerpt":{"rendered":"<p>Po dekadzie Czechy \u017cegnaj\u0105 si\u0119 z er\u0105 kontrowersyjnego prezydenta Milo\u0161a Zemana, znanego z prorosyjskich i prochi\u0144skich pogl\u0105d\u00f3w. Ten p\u00f3ki co nie zamierza jednak usuwa\u0107 si\u0119 w cie\u0144 i zapowiada wzbudzaj\u0105ce w\u0105tpliwo\u015bci kroki. Pisze o tym portal&nbsp;EURACTIV.pl. W obliczu zbli\u017caj\u0105cego si\u0119&#8230;<\/p>\n","protected":false},"author":7,"featured_media":10121,"comment_status":"closed","ping_status":"open","sticky":false,"template":"","format":"standard","meta":{"om_disable_all_campaigns":false,"_monsterinsights_skip_tracking":false,"_monsterinsights_sitenote_active":false,"_monsterinsights_sitenote_note":"","_monsterinsights_sitenote_category":0,"ngg_post_thumbnail":0,"two_page_speed":null,"footnotes":""},"categories":[2,219,525],"tags":[],"class_list":["post-10118","post","type-post","status-publish","format-standard","has-post-thumbnail","hentry","category-plus","category-wszystkie-materialy","category-polityka-czechy-najnowsze-informacje-i-analizy"],"yoast_head":"<!-- This site is optimized with the Yoast SEO plugin v27.5 - https:\/\/yoast.com\/product\/yoast-seo-wordpress\/ -->\n<title>Czesi \u017cegnaj\u0105 kontrowersyjnego prezydenta &#187; iCzechy.pl<\/title>\n<meta name=\"description\" content=\"Po dekadzie Czesi \u017cegnaj\u0105 si\u0119 z er\u0105 kontrowersyjnego prezydenta Milo\u0161a Zemana, znanego z prorosyjskich i prochi\u0144skich pogl\u0105d\u00f3w.\" \/>\n<meta name=\"robots\" content=\"index, follow, max-snippet:-1, max-image-preview:large, max-video-preview:-1\" \/>\n<link rel=\"canonical\" href=\"https:\/\/iczechy.pl\/index.php\/2023\/01\/09\/euractiv-pl-czesi-zegnaja-kontrowersyjnego-prezydenta\/\" \/>\n<meta property=\"og:locale\" content=\"pl_PL\" \/>\n<meta property=\"og:type\" content=\"article\" \/>\n<meta property=\"og:title\" content=\"Czesi \u017cegnaj\u0105 kontrowersyjnego prezydenta &#187; iCzechy.pl\" \/>\n<meta property=\"og:description\" content=\"Po dekadzie Czesi \u017cegnaj\u0105 si\u0119 z er\u0105 kontrowersyjnego prezydenta Milo\u0161a Zemana, znanego z prorosyjskich i prochi\u0144skich pogl\u0105d\u00f3w.\" \/>\n<meta property=\"og:url\" content=\"https:\/\/iczechy.pl\/index.php\/2023\/01\/09\/euractiv-pl-czesi-zegnaja-kontrowersyjnego-prezydenta\/\" \/>\n<meta property=\"og:site_name\" content=\"iCzechy.pl\" \/>\n<meta property=\"article:published_time\" content=\"2023-01-09T08:40:02+00:00\" \/>\n<meta property=\"article:modified_time\" content=\"2023-01-14T09:17:17+00:00\" \/>\n<meta property=\"og:image\" content=\"https:\/\/iczechy.pl\/wp-content\/uploads\/2023\/01\/Milos_Zeman_2019-scaled.webp\" \/>\n\t<meta property=\"og:image:width\" content=\"1280\" \/>\n\t<meta property=\"og:image:height\" content=\"790\" \/>\n\t<meta property=\"og:image:type\" content=\"image\/webp\" \/>\n<meta name=\"author\" content=\"Przemys\u0142aw Podola\u0144ski\" \/>\n<meta name=\"twitter:card\" content=\"summary_large_image\" \/>\n<meta name=\"twitter:creator\" content=\"@iCzechy_pl\" \/>\n<meta name=\"twitter:site\" content=\"@iCzechy_pl\" \/>\n<meta name=\"twitter:label1\" content=\"Napisane przez\" \/>\n\t<meta name=\"twitter:data1\" content=\"Przemys\u0142aw Podola\u0144ski\" \/>\n\t<meta name=\"twitter:label2\" content=\"Szacowany czas czytania\" \/>\n\t<meta name=\"twitter:data2\" content=\"2 minuty\" \/>\n<script type=\"application\/ld+json\" class=\"yoast-schema-graph\">{\"@context\":\"https:\\\/\\\/schema.org\",\"@graph\":[{\"@type\":\"Article\",\"@id\":\"https:\\\/\\\/iczechy.pl\\\/index.php\\\/2023\\\/01\\\/09\\\/euractiv-pl-czesi-zegnaja-kontrowersyjnego-prezydenta\\\/#article\",\"isPartOf\":{\"@id\":\"https:\\\/\\\/iczechy.pl\\\/index.php\\\/2023\\\/01\\\/09\\\/euractiv-pl-czesi-zegnaja-kontrowersyjnego-prezydenta\\\/\"},\"author\":{\"name\":\"Przemys\u0142aw Podola\u0144ski\",\"@id\":\"https:\\\/\\\/iczechy.pl\\\/#\\\/schema\\\/person\\\/5b7f56b637b26b9409bc4574ea821c9a\"},\"headline\":\"EURACTIV.pl: Czesi \u017cegnaj\u0105 kontrowersyjnego prezydenta\",\"datePublished\":\"2023-01-09T08:40:02+00:00\",\"dateModified\":\"2023-01-14T09:17:17+00:00\",\"mainEntityOfPage\":{\"@id\":\"https:\\\/\\\/iczechy.pl\\\/index.php\\\/2023\\\/01\\\/09\\\/euractiv-pl-czesi-zegnaja-kontrowersyjnego-prezydenta\\\/\"},\"wordCount\":392,\"publisher\":{\"@id\":\"https:\\\/\\\/iczechy.pl\\\/#organization\"},\"image\":{\"@id\":\"https:\\\/\\\/iczechy.pl\\\/index.php\\\/2023\\\/01\\\/09\\\/euractiv-pl-czesi-zegnaja-kontrowersyjnego-prezydenta\\\/#primaryimage\"},\"thumbnailUrl\":\"https:\\\/\\\/iczechy.pl\\\/wp-content\\\/uploads\\\/2023\\\/01\\\/Milos_Zeman_2019-scaled.webp\",\"articleSection\":[\"+Plus\",\"+Wszystkie materia\u0142y\",\"Polityka\"],\"inLanguage\":\"pl-PL\"},{\"@type\":\"WebPage\",\"@id\":\"https:\\\/\\\/iczechy.pl\\\/index.php\\\/2023\\\/01\\\/09\\\/euractiv-pl-czesi-zegnaja-kontrowersyjnego-prezydenta\\\/\",\"url\":\"https:\\\/\\\/iczechy.pl\\\/index.php\\\/2023\\\/01\\\/09\\\/euractiv-pl-czesi-zegnaja-kontrowersyjnego-prezydenta\\\/\",\"name\":\"Czesi \u017cegnaj\u0105 kontrowersyjnego prezydenta &#187; iCzechy.pl\",\"isPartOf\":{\"@id\":\"https:\\\/\\\/iczechy.pl\\\/#website\"},\"primaryImageOfPage\":{\"@id\":\"https:\\\/\\\/iczechy.pl\\\/index.php\\\/2023\\\/01\\\/09\\\/euractiv-pl-czesi-zegnaja-kontrowersyjnego-prezydenta\\\/#primaryimage\"},\"image\":{\"@id\":\"https:\\\/\\\/iczechy.pl\\\/index.php\\\/2023\\\/01\\\/09\\\/euractiv-pl-czesi-zegnaja-kontrowersyjnego-prezydenta\\\/#primaryimage\"},\"thumbnailUrl\":\"https:\\\/\\\/iczechy.pl\\\/wp-content\\\/uploads\\\/2023\\\/01\\\/Milos_Zeman_2019-scaled.webp\",\"datePublished\":\"2023-01-09T08:40:02+00:00\",\"dateModified\":\"2023-01-14T09:17:17+00:00\",\"description\":\"Po dekadzie Czesi \u017cegnaj\u0105 si\u0119 z er\u0105 kontrowersyjnego prezydenta Milo\u0161a Zemana, znanego z prorosyjskich i prochi\u0144skich pogl\u0105d\u00f3w.\",\"breadcrumb\":{\"@id\":\"https:\\\/\\\/iczechy.pl\\\/index.php\\\/2023\\\/01\\\/09\\\/euractiv-pl-czesi-zegnaja-kontrowersyjnego-prezydenta\\\/#breadcrumb\"},\"inLanguage\":\"pl-PL\",\"potentialAction\":[{\"@type\":\"ReadAction\",\"target\":[\"https:\\\/\\\/iczechy.pl\\\/index.php\\\/2023\\\/01\\\/09\\\/euractiv-pl-czesi-zegnaja-kontrowersyjnego-prezydenta\\\/\"]}]},{\"@type\":\"ImageObject\",\"inLanguage\":\"pl-PL\",\"@id\":\"https:\\\/\\\/iczechy.pl\\\/index.php\\\/2023\\\/01\\\/09\\\/euractiv-pl-czesi-zegnaja-kontrowersyjnego-prezydenta\\\/#primaryimage\",\"url\":\"https:\\\/\\\/iczechy.pl\\\/wp-content\\\/uploads\\\/2023\\\/01\\\/Milos_Zeman_2019-scaled.webp\",\"contentUrl\":\"https:\\\/\\\/iczechy.pl\\\/wp-content\\\/uploads\\\/2023\\\/01\\\/Milos_Zeman_2019-scaled.webp\",\"width\":1280,\"height\":790,\"caption\":\"Czesi \u017cegnaj\u0105 prezydenta\"},{\"@type\":\"BreadcrumbList\",\"@id\":\"https:\\\/\\\/iczechy.pl\\\/index.php\\\/2023\\\/01\\\/09\\\/euractiv-pl-czesi-zegnaja-kontrowersyjnego-prezydenta\\\/#breadcrumb\",\"itemListElement\":[{\"@type\":\"ListItem\",\"position\":1,\"name\":\"Strona g\u0142\u00f3wna\",\"item\":\"https:\\\/\\\/iczechy.pl\\\/\"},{\"@type\":\"ListItem\",\"position\":2,\"name\":\"EURACTIV.pl: Czesi \u017cegnaj\u0105 kontrowersyjnego prezydenta\"}]},{\"@type\":\"WebSite\",\"@id\":\"https:\\\/\\\/iczechy.pl\\\/#website\",\"url\":\"https:\\\/\\\/iczechy.pl\\\/\",\"name\":\"iCzechy.pl\",\"description\":\"i wiesz wi\u0119cej\",\"publisher\":{\"@id\":\"https:\\\/\\\/iczechy.pl\\\/#organization\"},\"potentialAction\":[{\"@type\":\"SearchAction\",\"target\":{\"@type\":\"EntryPoint\",\"urlTemplate\":\"https:\\\/\\\/iczechy.pl\\\/?s={search_term_string}\"},\"query-input\":{\"@type\":\"PropertyValueSpecification\",\"valueRequired\":true,\"valueName\":\"search_term_string\"}}],\"inLanguage\":\"pl-PL\"},{\"@type\":\"Organization\",\"@id\":\"https:\\\/\\\/iczechy.pl\\\/#organization\",\"name\":\"iCzechy.pl\",\"url\":\"https:\\\/\\\/iczechy.pl\\\/\",\"logo\":{\"@type\":\"ImageObject\",\"inLanguage\":\"pl-PL\",\"@id\":\"https:\\\/\\\/iczechy.pl\\\/#\\\/schema\\\/logo\\\/image\\\/\",\"url\":\"https:\\\/\\\/iczechy.pl\\\/wp-content\\\/uploads\\\/2020\\\/06\\\/iCzechy-2-300dpi-...i-wiesz-wiecej.png\",\"contentUrl\":\"https:\\\/\\\/iczechy.pl\\\/wp-content\\\/uploads\\\/2020\\\/06\\\/iCzechy-2-300dpi-...i-wiesz-wiecej.png\",\"width\":1280,\"height\":294,\"caption\":\"iCzechy.pl\"},\"image\":{\"@id\":\"https:\\\/\\\/iczechy.pl\\\/#\\\/schema\\\/logo\\\/image\\\/\"},\"sameAs\":[\"https:\\\/\\\/x.com\\\/iCzechy_pl\"]},{\"@type\":\"Person\",\"@id\":\"https:\\\/\\\/iczechy.pl\\\/#\\\/schema\\\/person\\\/5b7f56b637b26b9409bc4574ea821c9a\",\"name\":\"Przemys\u0142aw Podola\u0144ski\",\"image\":{\"@type\":\"ImageObject\",\"inLanguage\":\"pl-PL\",\"@id\":\"https:\\\/\\\/secure.gravatar.com\\\/avatar\\\/6951ad7ad13313601602eb3f0fac4d73d0a39ab2d9d7be31170e5e06e9898aa7?s=96&d=mm&r=g\",\"url\":\"https:\\\/\\\/secure.gravatar.com\\\/avatar\\\/6951ad7ad13313601602eb3f0fac4d73d0a39ab2d9d7be31170e5e06e9898aa7?s=96&d=mm&r=g\",\"contentUrl\":\"https:\\\/\\\/secure.gravatar.com\\\/avatar\\\/6951ad7ad13313601602eb3f0fac4d73d0a39ab2d9d7be31170e5e06e9898aa7?s=96&d=mm&r=g\",\"caption\":\"Przemys\u0142aw Podola\u0144ski\"},\"url\":\"https:\\\/\\\/iczechy.pl\\\/index.php\\\/author\\\/admin-2\\\/\"}]}<\/script>\n<!-- \/ Yoast SEO plugin. -->","yoast_head_json":{"title":"Czesi \u017cegnaj\u0105 kontrowersyjnego prezydenta &#187; iCzechy.pl","description":"Po dekadzie Czesi \u017cegnaj\u0105 si\u0119 z er\u0105 kontrowersyjnego prezydenta Milo\u0161a Zemana, znanego z prorosyjskich i prochi\u0144skich pogl\u0105d\u00f3w.","robots":{"index":"index","follow":"follow","max-snippet":"max-snippet:-1","max-image-preview":"max-image-preview:large","max-video-preview":"max-video-preview:-1"},"canonical":"https:\/\/iczechy.pl\/index.php\/2023\/01\/09\/euractiv-pl-czesi-zegnaja-kontrowersyjnego-prezydenta\/","og_locale":"pl_PL","og_type":"article","og_title":"Czesi \u017cegnaj\u0105 kontrowersyjnego prezydenta &#187; iCzechy.pl","og_description":"Po dekadzie Czesi \u017cegnaj\u0105 si\u0119 z er\u0105 kontrowersyjnego prezydenta Milo\u0161a Zemana, znanego z prorosyjskich i prochi\u0144skich pogl\u0105d\u00f3w.","og_url":"https:\/\/iczechy.pl\/index.php\/2023\/01\/09\/euractiv-pl-czesi-zegnaja-kontrowersyjnego-prezydenta\/","og_site_name":"iCzechy.pl","article_published_time":"2023-01-09T08:40:02+00:00","article_modified_time":"2023-01-14T09:17:17+00:00","og_image":[{"width":1280,"height":790,"url":"https:\/\/iczechy.pl\/wp-content\/uploads\/2023\/01\/Milos_Zeman_2019-scaled.webp","type":"image\/webp"}],"author":"Przemys\u0142aw Podola\u0144ski","twitter_card":"summary_large_image","twitter_creator":"@iCzechy_pl","twitter_site":"@iCzechy_pl","twitter_misc":{"Napisane przez":"Przemys\u0142aw Podola\u0144ski","Szacowany czas czytania":"2 minuty"},"schema":{"@context":"https:\/\/schema.org","@graph":[{"@type":"Article","@id":"https:\/\/iczechy.pl\/index.php\/2023\/01\/09\/euractiv-pl-czesi-zegnaja-kontrowersyjnego-prezydenta\/#article","isPartOf":{"@id":"https:\/\/iczechy.pl\/index.php\/2023\/01\/09\/euractiv-pl-czesi-zegnaja-kontrowersyjnego-prezydenta\/"},"author":{"name":"Przemys\u0142aw Podola\u0144ski","@id":"https:\/\/iczechy.pl\/#\/schema\/person\/5b7f56b637b26b9409bc4574ea821c9a"},"headline":"EURACTIV.pl: Czesi \u017cegnaj\u0105 kontrowersyjnego prezydenta","datePublished":"2023-01-09T08:40:02+00:00","dateModified":"2023-01-14T09:17:17+00:00","mainEntityOfPage":{"@id":"https:\/\/iczechy.pl\/index.php\/2023\/01\/09\/euractiv-pl-czesi-zegnaja-kontrowersyjnego-prezydenta\/"},"wordCount":392,"publisher":{"@id":"https:\/\/iczechy.pl\/#organization"},"image":{"@id":"https:\/\/iczechy.pl\/index.php\/2023\/01\/09\/euractiv-pl-czesi-zegnaja-kontrowersyjnego-prezydenta\/#primaryimage"},"thumbnailUrl":"https:\/\/iczechy.pl\/wp-content\/uploads\/2023\/01\/Milos_Zeman_2019-scaled.webp","articleSection":["+Plus","+Wszystkie materia\u0142y","Polityka"],"inLanguage":"pl-PL"},{"@type":"WebPage","@id":"https:\/\/iczechy.pl\/index.php\/2023\/01\/09\/euractiv-pl-czesi-zegnaja-kontrowersyjnego-prezydenta\/","url":"https:\/\/iczechy.pl\/index.php\/2023\/01\/09\/euractiv-pl-czesi-zegnaja-kontrowersyjnego-prezydenta\/","name":"Czesi \u017cegnaj\u0105 kontrowersyjnego prezydenta &#187; iCzechy.pl","isPartOf":{"@id":"https:\/\/iczechy.pl\/#website"},"primaryImageOfPage":{"@id":"https:\/\/iczechy.pl\/index.php\/2023\/01\/09\/euractiv-pl-czesi-zegnaja-kontrowersyjnego-prezydenta\/#primaryimage"},"image":{"@id":"https:\/\/iczechy.pl\/index.php\/2023\/01\/09\/euractiv-pl-czesi-zegnaja-kontrowersyjnego-prezydenta\/#primaryimage"},"thumbnailUrl":"https:\/\/iczechy.pl\/wp-content\/uploads\/2023\/01\/Milos_Zeman_2019-scaled.webp","datePublished":"2023-01-09T08:40:02+00:00","dateModified":"2023-01-14T09:17:17+00:00","description":"Po dekadzie Czesi \u017cegnaj\u0105 si\u0119 z er\u0105 kontrowersyjnego prezydenta Milo\u0161a Zemana, znanego z prorosyjskich i prochi\u0144skich pogl\u0105d\u00f3w.","breadcrumb":{"@id":"https:\/\/iczechy.pl\/index.php\/2023\/01\/09\/euractiv-pl-czesi-zegnaja-kontrowersyjnego-prezydenta\/#breadcrumb"},"inLanguage":"pl-PL","potentialAction":[{"@type":"ReadAction","target":["https:\/\/iczechy.pl\/index.php\/2023\/01\/09\/euractiv-pl-czesi-zegnaja-kontrowersyjnego-prezydenta\/"]}]},{"@type":"ImageObject","inLanguage":"pl-PL","@id":"https:\/\/iczechy.pl\/index.php\/2023\/01\/09\/euractiv-pl-czesi-zegnaja-kontrowersyjnego-prezydenta\/#primaryimage","url":"https:\/\/iczechy.pl\/wp-content\/uploads\/2023\/01\/Milos_Zeman_2019-scaled.webp","contentUrl":"https:\/\/iczechy.pl\/wp-content\/uploads\/2023\/01\/Milos_Zeman_2019-scaled.webp","width":1280,"height":790,"caption":"Czesi \u017cegnaj\u0105 prezydenta"},{"@type":"BreadcrumbList","@id":"https:\/\/iczechy.pl\/index.php\/2023\/01\/09\/euractiv-pl-czesi-zegnaja-kontrowersyjnego-prezydenta\/#breadcrumb","itemListElement":[{"@type":"ListItem","position":1,"name":"Strona g\u0142\u00f3wna","item":"https:\/\/iczechy.pl\/"},{"@type":"ListItem","position":2,"name":"EURACTIV.pl: Czesi \u017cegnaj\u0105 kontrowersyjnego prezydenta"}]},{"@type":"WebSite","@id":"https:\/\/iczechy.pl\/#website","url":"https:\/\/iczechy.pl\/","name":"iCzechy.pl","description":"i wiesz wi\u0119cej","publisher":{"@id":"https:\/\/iczechy.pl\/#organization"},"potentialAction":[{"@type":"SearchAction","target":{"@type":"EntryPoint","urlTemplate":"https:\/\/iczechy.pl\/?s={search_term_string}"},"query-input":{"@type":"PropertyValueSpecification","valueRequired":true,"valueName":"search_term_string"}}],"inLanguage":"pl-PL"},{"@type":"Organization","@id":"https:\/\/iczechy.pl\/#organization","name":"iCzechy.pl","url":"https:\/\/iczechy.pl\/","logo":{"@type":"ImageObject","inLanguage":"pl-PL","@id":"https:\/\/iczechy.pl\/#\/schema\/logo\/image\/","url":"https:\/\/iczechy.pl\/wp-content\/uploads\/2020\/06\/iCzechy-2-300dpi-...i-wiesz-wiecej.png","contentUrl":"https:\/\/iczechy.pl\/wp-content\/uploads\/2020\/06\/iCzechy-2-300dpi-...i-wiesz-wiecej.png","width":1280,"height":294,"caption":"iCzechy.pl"},"image":{"@id":"https:\/\/iczechy.pl\/#\/schema\/logo\/image\/"},"sameAs":["https:\/\/x.com\/iCzechy_pl"]},{"@type":"Person","@id":"https:\/\/iczechy.pl\/#\/schema\/person\/5b7f56b637b26b9409bc4574ea821c9a","name":"Przemys\u0142aw Podola\u0144ski","image":{"@type":"ImageObject","inLanguage":"pl-PL","@id":"https:\/\/secure.gravatar.com\/avatar\/6951ad7ad13313601602eb3f0fac4d73d0a39ab2d9d7be31170e5e06e9898aa7?s=96&d=mm&r=g","url":"https:\/\/secure.gravatar.com\/avatar\/6951ad7ad13313601602eb3f0fac4d73d0a39ab2d9d7be31170e5e06e9898aa7?s=96&d=mm&r=g","contentUrl":"https:\/\/secure.gravatar.com\/avatar\/6951ad7ad13313601602eb3f0fac4d73d0a39ab2d9d7be31170e5e06e9898aa7?s=96&d=mm&r=g","caption":"Przemys\u0142aw Podola\u0144ski"},"url":"https:\/\/iczechy.pl\/index.php\/author\/admin-2\/"}]}},"_links":{"self":[{"href":"https:\/\/iczechy.pl\/index.php\/wp-json\/wp\/v2\/posts\/10118","targetHints":{"allow":["GET"]}}],"collection":[{"href":"https:\/\/iczechy.pl\/index.php\/wp-json\/wp\/v2\/posts"}],"about":[{"href":"https:\/\/iczechy.pl\/index.php\/wp-json\/wp\/v2\/types\/post"}],"author":[{"embeddable":true,"href":"https:\/\/iczechy.pl\/index.php\/wp-json\/wp\/v2\/users\/7"}],"replies":[{"embeddable":true,"href":"https:\/\/iczechy.pl\/index.php\/wp-json\/wp\/v2\/comments?post=10118"}],"version-history":[{"count":2,"href":"https:\/\/iczechy.pl\/index.php\/wp-json\/wp\/v2\/posts\/10118\/revisions"}],"predecessor-version":[{"id":10120,"href":"https:\/\/iczechy.pl\/index.php\/wp-json\/wp\/v2\/posts\/10118\/revisions\/10120"}],"wp:featuredmedia":[{"embeddable":true,"href":"https:\/\/iczechy.pl\/index.php\/wp-json\/wp\/v2\/media\/10121"}],"wp:attachment":[{"href":"https:\/\/iczechy.pl\/index.php\/wp-json\/wp\/v2\/media?parent=10118"}],"wp:term":[{"taxonomy":"category","embeddable":true,"href":"https:\/\/iczechy.pl\/index.php\/wp-json\/wp\/v2\/categories?post=10118"},{"taxonomy":"post_tag","embeddable":true,"href":"https:\/\/iczechy.pl\/index.php\/wp-json\/wp\/v2\/tags?post=10118"}],"curies":[{"name":"wp","href":"https:\/\/api.w.org\/{rel}","templated":true}]}}